{"id":585543,"date":"2025-12-08T04:00:36","date_gmt":"2025-12-08T04:00:36","guid":{"rendered":"https:\/\/www.europesays.com\/fr\/585543\/"},"modified":"2025-12-08T04:00:36","modified_gmt":"2025-12-08T04:00:36","slug":"mort-de-frank-gehry-star-architecte","status":"publish","type":"post","link":"https:\/\/www.europesays.com\/fr\/585543\/","title":{"rendered":"Mort de Frank Gehry, \u00ab\u00a0star-architecte\u00a0\u00bb"},"content":{"rendered":"<p><img loading=\"lazy\" decoding=\"async\" class=\"w-full lazyload lazyload--opacity object-contain\" style=\"aspect-ratio:150 \/ 100;opacity:1\" alt=\"La Tour Luma \u00e0 Arles imagin\u00e9e par Maja Hoffmann avec Frank Gehry pr\u00e9sente une fa\u00e7ade torsad\u00e9e orn\u00e9e de briques en acier inoxydable.\" width=\"768\" height=\"511\" fetchpriority=\"auto\" src=\"https:\/\/www.europesays.com\/fr\/wp-content\/uploads\/2025\/04\/S5VKD3X55FFF3BW6V4SEHXNP7I.png\"  data- data-optimumx=\"1\"\/>La Tour Luma \u00e0 Arles imagin\u00e9e par Maja Hoffmann avec Frank Gehry pr\u00e9sente une fa\u00e7ade torsad\u00e9e orn\u00e9e de briques en acier inoxydable. \u00a9AFP or licensors<\/p>\n<p class=\"ap-StoryElement ap-StoryElement--mb ap-StoryText\">Il a apport\u00e9 un vent nouveau dans ses b\u00e2timents, tout en courbes et ondulations comme le Mus\u00e9e Guggenheim \u00e0 Bilbao, la <a href=\"https:\/\/www.lalibre.be\/culture\/arts\/2025\/04\/17\/david-hockney-87-ans-fete-un-printemps-eternel-PNN6L4CYXFD5RJTCWPR367ZVTM\/\" target=\"_self\" rel=\"noopener\">Fondation Louis Vuitton<\/a> \u00e0 Paris, la tour Luma \u00e0 Arles. Signe de sa gloire : la s\u00e9rie des Simpsons s&rsquo;\u00e9tait gentiment moqu\u00e9e de lui dans une sc\u00e8ne o\u00f9 un des Simpsons avait envoy\u00e9 une lettre \u00e0 Frank Gehry pour lui demander de construire un op\u00e9ra \u00e0 Springfield. Gehry l&rsquo;a froiss\u00e9e et jet\u00e9e par terre. Apr\u00e8s avoir regard\u00e9 la lettre froiss\u00e9e, Gehry a eu une id\u00e9e qu&rsquo;il qualifiait de g\u00e9niale. Il a ensuite construit la salle de concert \u00ab\u00a0froiss\u00e9e\u00a0\u00bb de Springfield.<\/p>\n<p><a href=\"https:\/\/www.lalibre.be\/international\/amerique\/2025\/12\/05\/le-grand-architecte-americano-canadien-frank-gehry-est-mort-clone-MVEV6SN25NGP3COGJN4ZJDKNN4\/\" target=\"_self\" class=\"ap-StoryInterstitialLink ap-StoryElement ap-StoryElement--mb\" rel=\"noopener\">Le grand architecte am\u00e9ricano-canadien Frank Gehry est mort<\/a>Fondation Vuitton<\/p>\n<p class=\"ap-StoryElement ap-StoryElement--mb ap-StoryText\">Pour la Fondation Vuitton, \u00e0 Paris, pas de plaques brillantes en titane comme au Guggenheim. Il s&rsquo;\u00e9tait inspir\u00e9, disait-il, de l&rsquo;histoire du lieu, relisant Proust et se rappelant les grandes architectures de verre et de m\u00e9tal de la fin du XIXe si\u00e8cle qui se trouvaient l\u00e0. La Fondation Louis Vuitton qu&rsquo;il a imagin\u00e9e est devenue comme un grand bateau qui vient de hisser ses 12 voiles g\u00e9antes en verre et qui s&rsquo;appr\u00eate \u00e0 voguer. Il est au milieu des arbres, pos\u00e9 sur l&rsquo;eau avec une grande cascade qui rebondit de marche en marche. Le b\u00e2timent est aussi comme un insecte gigantesque aux \u00e9lytres ouvertes.<\/p>\n<p><img loading=\"lazy\" decoding=\"async\" class=\"w-full lazyload lazyload--opacity object-contain\" style=\"aspect-ratio:150 \/ 100;opacity:1\" alt=\"La Fondation Louis Vuitton qu\u2019il a imagin\u00e9e est devenue comme un grand bateau qui vient de hisser ses 12 voiles g\u00e9antes en verre et qui s\u2019appr\u00eate \u00e0 voguer.\" width=\"768\" height=\"512\" fetchpriority=\"auto\" src=\"https:\/\/www.europesays.com\/fr\/wp-content\/uploads\/2025\/04\/S5VKD3X55FFF3BW6V4SEHXNP7I.png\"  data- data-optimumx=\"1\"\/>La Fondation Louis Vuitton qu&rsquo;il a imagin\u00e9e est devenue comme un grand bateau qui vient de hisser ses 12 voiles g\u00e9antes en verre et qui s&rsquo;appr\u00eate \u00e0 voguer. \u00a9AFP<\/p>\n<p class=\"ap-StoryElement ap-StoryElement--mb ap-StoryText\">Pour la Tour Luma \u00e0 Arles, Gehry expliquait avoir cherch\u00e9 son inspiration dans le tableau Le ciel \u00e9toil\u00e9 de Van Gogh, l&rsquo;enfant du pays, et dans les formes des blocs rocheux des Alpilles. Au bas de la Tour, il y a le Drum, une rotonde de verre qui accueille les visiteurs, inspir\u00e9e cette fois des ar\u00e8nes d&rsquo;Arles. Par temps clair, on peut voir la mer du haut de la tour.<\/p>\n<p><img loading=\"lazy\" decoding=\"async\" class=\"w-full lazyload lazyload--opacity object-contain\" style=\"aspect-ratio:154 \/ 100;opacity:1\" alt=\"Parmi les nombreuses autres \u0153uvres de Gehry, il y a le Walt Disney Concert Hall de Los Angeles.\" width=\"768\" height=\"498\" fetchpriority=\"auto\" src=\"https:\/\/www.europesays.com\/fr\/wp-content\/uploads\/2025\/04\/S5VKD3X55FFF3BW6V4SEHXNP7I.png\"  data- data-optimumx=\"1\"\/>Parmi les nombreuses autres \u0153uvres de Gehry, il y a le Walt Disney Concert Hall de Los Angeles. \u00a9AFP<a href=\"https:\/\/www.lalibre.be\/culture\/arts\/2014\/10\/18\/frank-gehry-hisse-haut-les-voiles-KPSLB2HAQFEDDG73MZHSG6GUVU\/\" target=\"_self\" class=\"ap-StoryInterstitialLink ap-StoryElement ap-StoryElement--mb\" rel=\"noopener\">Frank Gehry hisse haut les voiles<\/a><\/p>\n<p class=\"ap-StoryElement ap-StoryElement--mb ap-StoryText\">Parmi ses nombreuses autres \u0153uvres, il y a le Walt Disney Concert Hall de Los Angeles, le mus\u00e9e Marta \u00e0 Herforfd en Allemagne dirig\u00e9 un temps par Jan Hoet, le pavillon de musique au ch\u00e2teau la Coste en France, et, encore \u00e0 inaugurer, le futur Guggenheim d&rsquo;Abu Dhabi sur l&rsquo;\u00eele de Saadiyat.<\/p>\n<p class=\"ap-StoryElement ap-StoryElement--mb ap-StoryText\">Fr\u00e9d\u00e9ric Edelman dans Le Monde le salu<\/p>\n<p class=\"ap-StoryElement ap-StoryElement--mb ap-StoryText\">e ainsi : \u00ab\u00a0Gehry aura \u00e9t\u00e9 l&rsquo;un des premiers \u00e0 chercher dans son imagination et sa culture, les ressources de son architecture. Les ing\u00e9nieurs se chargeant du reste, il aura pu lib\u00e9rer sa fantaisie. Celle aussi du monde des architectes, et la n\u00f4tre, contrainte \u00e0 s&rsquo;habituer \u00e0 un univers urbain, qui, apr\u00e8s le choc de l&rsquo;ode au parall\u00e9l\u00e9pip\u00e8de que fut la ville \u00ab\u00a0moderne\u00a0\u00bb, devient l&rsquo;hypoth\u00e9tique monde du futur\u00a0\u00bb.<\/p>\n<p><a href=\"https:\/\/www.lalibre.be\/culture\/arts\/2025\/12\/05\/coup-de-tonnerre-dans-le-monde-de-lart-MP6AHONDZNDLXBMFRLTYS4CTUA\/\" target=\"_self\" class=\"ap-StoryInterstitialLink ap-StoryElement ap-StoryElement--mb\" rel=\"noopener\">Coup de tonnerre dans le monde de l&rsquo;art<\/a><\/p>\n","protected":false},"excerpt":{"rendered":"La Tour Luma \u00e0 Arles imagin\u00e9e par Maja Hoffmann avec Frank Gehry pr\u00e9sente une fa\u00e7ade torsad\u00e9e orn\u00e9e de&hellip;\n","protected":false},"author":2,"featured_media":585544,"comment_status":"","ping_status":"","sticky":false,"template":"","format":"standard","meta":{"footnotes":""},"categories":[1358],"tags":[1350,22923,1348,1384,1385,1386,58,59,1011,27,1227],"class_list":{"0":"post-585543","1":"post","2":"type-post","3":"status-publish","4":"format-standard","5":"has-post-thumbnail","7":"category-arts-et-design","8":"tag-architecture","9":"tag-art-and-museum","10":"tag-arts","11":"tag-arts-and-design","12":"tag-arts-et-design","13":"tag-design","14":"tag-divertissement","15":"tag-entertainment","16":"tag-fr","17":"tag-france","18":"tag-horizontal"},"share_on_mastodon":{"url":"https:\/\/pubeurope.com\/@fr\/115681953993285601","error":""},"_links":{"self":[{"href":"https:\/\/www.europesays.com\/fr\/wp-json\/wp\/v2\/posts\/585543","targetHints":{"allow":["GET"]}}],"collection":[{"href":"https:\/\/www.europesays.com\/fr\/wp-json\/wp\/v2\/posts"}],"about":[{"href":"https:\/\/www.europesays.com\/fr\/wp-json\/wp\/v2\/types\/post"}],"author":[{"embeddable":true,"href":"https:\/\/www.europesays.com\/fr\/wp-json\/wp\/v2\/users\/2"}],"replies":[{"embeddable":true,"href":"https:\/\/www.europesays.com\/fr\/wp-json\/wp\/v2\/comments?post=585543"}],"version-history":[{"count":0,"href":"https:\/\/www.europesays.com\/fr\/wp-json\/wp\/v2\/posts\/585543\/revisions"}],"wp:featuredmedia":[{"embeddable":true,"href":"https:\/\/www.europesays.com\/fr\/wp-json\/wp\/v2\/media\/585544"}],"wp:attachment":[{"href":"https:\/\/www.europesays.com\/fr\/wp-json\/wp\/v2\/media?parent=585543"}],"wp:term":[{"taxonomy":"category","embeddable":true,"href":"https:\/\/www.europesays.com\/fr\/wp-json\/wp\/v2\/categories?post=585543"},{"taxonomy":"post_tag","embeddable":true,"href":"https:\/\/www.europesays.com\/fr\/wp-json\/wp\/v2\/tags?post=585543"}],"curies":[{"name":"wp","href":"https:\/\/api.w.org\/{rel}","templated":true}]}}