{"id":585554,"date":"2025-12-08T04:09:15","date_gmt":"2025-12-08T04:09:15","guid":{"rendered":"https:\/\/www.europesays.com\/fr\/585554\/"},"modified":"2025-12-08T04:09:15","modified_gmt":"2025-12-08T04:09:15","slug":"nouveaute-google-pixel-le-pc-parfait-et-netflix-rachete-warner-bros","status":"publish","type":"post","link":"https:\/\/www.europesays.com\/fr\/585554\/","title":{"rendered":"Nouveaut\u00e9 Google Pixel, le PC \u00ab parfait \u00bb et Netflix rach\u00e8te Warner Bros&#8230;"},"content":{"rendered":"<p>Comme chaque dimanche, nous faisons le point sur les actualit\u00e9s qui vous ont le plus marqu\u00e9 ces derniers jours. Au menu : le rachat de Warner Bros par Netflix, une nouveaut\u00e9 Pixel et le PC parfait de Linus Torvalds.<\/p>\n<p><a target=\"_blank\" href=\"https:\/\/images.frandroid.com\/wp-content\/uploads\/2025\/12\/maxtakespassword-4388233b.jpg\" class=\"article-content__figure\" rel=\"noopener\"><img fetchpriority=\"high\" decoding=\"async\" loading=\"eager\" width=\"1200\" height=\"662\" src=\"https:\/\/www.europesays.com\/fr\/wp-content\/uploads\/2025\/12\/maxtakespassword-4388233b.jpg\" alt=\"\" class=\"wp-image-2899613 wp-image wp-image\"  \/><\/a><\/p>\n<p>Netflix annonce le rachat de Warner Bros<\/p>\n<p><a href=\"https:\/\/www.frandroid.com\/culture-tech\/2900427_cest-confirme-netflix-fait-le-rachat-du-siecle-pour-semparer-de-warner-bros-harry-potter-game-of-thrones\" target=\"_blank\" rel=\"noopener\">Netflix annonce le rachat de Warner Bros Discovery<\/a> pour 82,7 milliards de dollars. L\u2019op\u00e9ration aura lieu en 2026 apr\u00e8s la scission annonc\u00e9 de WBD permettant \u00e0 Netflix de n\u2019acqu\u00e9rir que les actifs qui l\u2019int\u00e9ressent r\u00e9llement. C\u2019est-\u00e0-dire : studios de cin\u00e9ma et de t\u00e9l\u00e9vision Warner Bros, ainsi que la division HBO et la plateforme de streaming associ\u00e9e. Et \u00e9videmment tout un tas de franchises extr\u00eamement populaires dont l\u2019univers DC, Game of Thrones ou encore Harry Potter.<\/p>\n<p>Le Pixel va (enfin) se d\u00e9verrouiller sans allumer l\u2019\u00e9cran : merci Android 16<\/p>\n<p>L\u2019une des options les plus pratiques fait discr\u00e8tement son grand retour avec Android 16 QPR2 : <strong>le d\u00e9verrouillage par empreinte digitale \u00e9cran \u00e9teint<\/strong>. Longtemps esp\u00e9r\u00e9e, cette fonction ne sera cependant disponible qu\u2019\u00e0 partir du Pixel 9, les anciens mod\u00e8les reposant sur des capteurs optiques n\u00e9cessitant un \u00e9cran allum\u00e9. Gr\u00e2ce au capteur ultrasonique du Pixel 9, plus besoin d\u2019appuyer sur le bouton d\u2019alimentation : il suffit de poser son doigt, m\u00eame lorsque l\u2019\u00e9cran est noir. <a href=\"https:\/\/www.frandroid.com\/marques\/google\/2896971_fini-dallumer-lecran-pour-le-deverrouiller-loption-geniale-qui-arrive-enfin-sur-votre-pixel\" target=\"_blank\" rel=\"noopener\">Cette nouveaut\u00e9 bien pratique sur Android 16 ravira les utilisateurs des prochains Pixel<\/a>, confirmant encore une fois que Google peaufine intelligemment l\u2019exp\u00e9rience utilisateur petit \u00e0 petit.<\/p>\n<p>Voici le PC \u00ab parfait \u00bb selon Linus Torvalds lui-m\u00eame<\/p>\n<p><strong>Linus Torvalds, cr\u00e9ateur de Linux, s\u2019est vu offrir par Linus Sebastian (LTT) un PC pens\u00e9 exclusivement pour lui<\/strong> : aucune fioriture, que de l\u2019efficacit\u00e9 brute. On retrouve un <strong>CPU AMD Threadripper 7960X, de la RAM ECC pour une fiabilit\u00e9 maximale et un refroidissement Noctua totalement silencieux<\/strong>. La carte graphique ? Une Intel Arc B580, suffisante pour deux \u00e9crans 6K, loin des monstres gaming. Le tout est enferm\u00e9 dans un bo\u00eetier sobre, sans RGB inutile. <a href=\"https:\/\/www.frandroid.com\/produits-android\/ordinateurs\/pc-fixes\/2894615_voici-le-pc-parfait-pour-linux-selon-son-createur\" target=\"_blank\" rel=\"noopener\">Cette configuration minimaliste mais ultra-puissante, con\u00e7ue pour travailler sous Linux<\/a>, rappelle ce que doit \u00eatre un ordinateur : un outil, pas une vitrine.<\/p>\n<p>Tout ce que change Android 16 pour les utilisateurs<\/p>\n<p>D\u00e9ploy\u00e9e fin 2025, <strong>la mise \u00e0 jour Android 16 QPR2 introduit de nombreuses nouveaut\u00e9s<\/strong> c\u00f4t\u00e9 interface et fonctionnalit\u00e9s. Th\u00e8me monochrome personnalisable, widgets sur l\u2019\u00e9cran de verrouillage, meilleure compatibilit\u00e9 avec \u00e9crans \u00e9tendus, souris et claviers : Android s\u2019ouvre \u00e0 plus de personnalisation et de productivit\u00e9. Les applications Google \u00e9voluent elles aussi, notamment avec un bouton \u201curgent\u201d dans l\u2019app T\u00e9l\u00e9phone ou la possibilit\u00e9 de quitter un groupe dans Messages. <a href=\"https:\/\/www.frandroid.com\/marques\/google\/2896301_android-16-tout-ce-qui-change-avec-la-derniere-mise-a-jour\" target=\"_blank\" rel=\"noopener\">La derni\u00e8re mise \u00e0 jour Android 16 am\u00e9liore \u00e9galement la s\u00e9curit\u00e9 et renforce les contr\u00f4les parentaux<\/a>, confirmant l\u2019objectif de Google de livrer des updates plus fr\u00e9quents et plus cibl\u00e9s.<\/p>\n<p>Contenu g\u00e9n\u00e9r\u00e9 automatiquement et v\u00e9rifi\u00e9 par la r\u00e9daction.<\/p>\n","protected":false},"excerpt":{"rendered":"Comme chaque dimanche, nous faisons le point sur les actualit\u00e9s qui vous ont le plus marqu\u00e9 ces derniers&hellip;\n","protected":false},"author":2,"featured_media":585555,"comment_status":"","ping_status":"","sticky":false,"template":"","format":"standard","meta":{"footnotes":""},"categories":[8],"tags":[58,59,1011,27,36916],"class_list":{"0":"post-585554","1":"post","2":"type-post","3":"status-publish","4":"format-standard","5":"has-post-thumbnail","7":"category-divertissement","8":"tag-divertissement","9":"tag-entertainment","10":"tag-fr","11":"tag-france","12":"tag-recap-de-la-semaine"},"share_on_mastodon":{"url":"https:\/\/pubeurope.com\/@fr\/115681989787905841","error":""},"_links":{"self":[{"href":"https:\/\/www.europesays.com\/fr\/wp-json\/wp\/v2\/posts\/585554","targetHints":{"allow":["GET"]}}],"collection":[{"href":"https:\/\/www.europesays.com\/fr\/wp-json\/wp\/v2\/posts"}],"about":[{"href":"https:\/\/www.europesays.com\/fr\/wp-json\/wp\/v2\/types\/post"}],"author":[{"embeddable":true,"href":"https:\/\/www.europesays.com\/fr\/wp-json\/wp\/v2\/users\/2"}],"replies":[{"embeddable":true,"href":"https:\/\/www.europesays.com\/fr\/wp-json\/wp\/v2\/comments?post=585554"}],"version-history":[{"count":0,"href":"https:\/\/www.europesays.com\/fr\/wp-json\/wp\/v2\/posts\/585554\/revisions"}],"wp:featuredmedia":[{"embeddable":true,"href":"https:\/\/www.europesays.com\/fr\/wp-json\/wp\/v2\/media\/585555"}],"wp:attachment":[{"href":"https:\/\/www.europesays.com\/fr\/wp-json\/wp\/v2\/media?parent=585554"}],"wp:term":[{"taxonomy":"category","embeddable":true,"href":"https:\/\/www.europesays.com\/fr\/wp-json\/wp\/v2\/categories?post=585554"},{"taxonomy":"post_tag","embeddable":true,"href":"https:\/\/www.europesays.com\/fr\/wp-json\/wp\/v2\/tags?post=585554"}],"curies":[{"name":"wp","href":"https:\/\/api.w.org\/{rel}","templated":true}]}}