{"id":585562,"date":"2025-12-08T04:13:13","date_gmt":"2025-12-08T04:13:13","guid":{"rendered":"https:\/\/www.europesays.com\/fr\/585562\/"},"modified":"2025-12-08T04:13:13","modified_gmt":"2025-12-08T04:13:13","slug":"la-droite-travaille-a-faire-tomber-le-barrage-liberation","status":"publish","type":"post","link":"https:\/\/www.europesays.com\/fr\/585562\/","title":{"rendered":"la droite travaille \u00e0 faire tomber le barrage \u2013 Lib\u00e9ration"},"content":{"rendered":"<p class=\"sc-cPiKLX AiZTS text-element\">\u00abLa poutre travaille encore\u00bb et toujours. Mais pas de la fa\u00e7on dont l\u2019avait imagin\u00e9e Edouard Philippe en 2017, quand le mouvement d\u2019Emmanuel Macron, La R\u00e9publique en marche, recomposait le centre en s\u2019attifant de responsables politiques venus des R\u00e9publicains et du Parti socialiste. Huit ans plus tard, la majeure partie ce qu\u2019il reste de la droite ne regarde plus du tout vers le centre, mais h\u00e9site entre copier le programme de l\u2019extr\u00eame droite sans s\u2019allier avec le Rassemblement national et profiter des \u00e9lections municipales de mars pour r\u00e9aliser l\u2019union avec le parti de Marine Le Pen. Tout le monde s\u2019accorde en revanche pour enterrer une bonne fois pour toutes le \u00abfront r\u00e9publicain\u00bb, soit le barrage \u00e0 l\u2019extr\u00eame droite dans les seconds tours.<\/p>\n<p class=\"sc-cPiKLX AiZTS text-element\">Invit\u00e9 de BFM politique ce dimanche 7 d\u00e9cembre, le pr\u00e9sident de LR, Bruno Retailleau, a r\u00e9p\u00e9t\u00e9 que, pour lui, \u00able Rassemblement national appartient \u00e0 l\u2019arc r\u00e9publicain, ce que n\u2019est pas La France insoumise\u00bb. Avant de s\u2019engager \u00e0 continuer la strat\u00e9gie de la droite depuis au moins une d\u00e9cennie : parler comme l\u2019extr\u00eame droite pour r\u00e9cup\u00e9rer ses \u00e9lecteurs. \u00abJe n\u2019ai jamais combattu le RN par l\u2019anath\u00e8me, professe Retailleau. Les \u00e9lecteurs du RN ce ne sont pas des fascistes, qu\u2019on arr\u00eate de le dire, ce sont souvent nos anciens \u00e9lecteurs.\u00bb <\/p>\n<p class=\"sc-cPiKLX AiZTS text-element\">Pour lui, son camp \u00aba perdu des millions d\u2019\u00e9lecteurs ces derni\u00e8res ann\u00e9es parce qu\u2019on a eu une droite qui a \u00e9t\u00e9 trop peureuse, on a eu une droite qui a v\u00e9cu sous l\u2019h\u00e9g\u00e9monie int<\/p>\n","protected":false},"excerpt":{"rendered":"\u00abLa poutre travaille encore\u00bb et toujours. Mais pas de la fa\u00e7on dont l\u2019avait imagin\u00e9e Edouard Philippe en 2017,&hellip;\n","protected":false},"author":2,"featured_media":585563,"comment_status":"","ping_status":"","sticky":false,"template":"","format":"standard","meta":{"footnotes":""},"categories":[4],"tags":[11,1013,1076,1011,27,1077,5639,430,12,3091,25,2848,15431],"class_list":{"0":"post-585562","1":"post","2":"type-post","3":"status-publish","4":"format-standard","5":"has-post-thumbnail","7":"category-france","8":"tag-actualites","9":"tag-bruno-retailleau","10":"tag-extreme-droite","11":"tag-fr","12":"tag-france","13":"tag-jordan-bardella","14":"tag-laurent-wauquiez","15":"tag-marine-le-pen","16":"tag-news","17":"tag-nicolas-sarkozy","18":"tag-republique-francaise","19":"tag-rn","20":"tag-xavier-bertrand"},"share_on_mastodon":{"url":"https:\/\/pubeurope.com\/@fr\/115682004501252383","error":""},"_links":{"self":[{"href":"https:\/\/www.europesays.com\/fr\/wp-json\/wp\/v2\/posts\/585562","targetHints":{"allow":["GET"]}}],"collection":[{"href":"https:\/\/www.europesays.com\/fr\/wp-json\/wp\/v2\/posts"}],"about":[{"href":"https:\/\/www.europesays.com\/fr\/wp-json\/wp\/v2\/types\/post"}],"author":[{"embeddable":true,"href":"https:\/\/www.europesays.com\/fr\/wp-json\/wp\/v2\/users\/2"}],"replies":[{"embeddable":true,"href":"https:\/\/www.europesays.com\/fr\/wp-json\/wp\/v2\/comments?post=585562"}],"version-history":[{"count":0,"href":"https:\/\/www.europesays.com\/fr\/wp-json\/wp\/v2\/posts\/585562\/revisions"}],"wp:featuredmedia":[{"embeddable":true,"href":"https:\/\/www.europesays.com\/fr\/wp-json\/wp\/v2\/media\/585563"}],"wp:attachment":[{"href":"https:\/\/www.europesays.com\/fr\/wp-json\/wp\/v2\/media?parent=585562"}],"wp:term":[{"taxonomy":"category","embeddable":true,"href":"https:\/\/www.europesays.com\/fr\/wp-json\/wp\/v2\/categories?post=585562"},{"taxonomy":"post_tag","embeddable":true,"href":"https:\/\/www.europesays.com\/fr\/wp-json\/wp\/v2\/tags?post=585562"}],"curies":[{"name":"wp","href":"https:\/\/api.w.org\/{rel}","templated":true}]}}