{"id":585573,"date":"2025-12-08T04:22:18","date_gmt":"2025-12-08T04:22:18","guid":{"rendered":"https:\/\/www.europesays.com\/fr\/585573\/"},"modified":"2025-12-08T04:22:18","modified_gmt":"2025-12-08T04:22:18","slug":"prix-de-la-france-moche-2025-2-3-de-perols-a-carcassonne-la-belle-idee-complexe-a-concretiser-de-transformer-les-zones-commerciales","status":"publish","type":"post","link":"https:\/\/www.europesays.com\/fr\/585573\/","title":{"rendered":"Prix de \u00ab\u00a0La France Moche\u00a0\u00bb 2025 (2\/3)\u00a0: De P\u00e9rols \u00e0 Carcassonne, la belle id\u00e9e (complexe \u00e0 concr\u00e9tiser) de transformer les zones commerciales"},"content":{"rendered":"<p>\n                                                                Apr\u00e8s Al\u00e8s et Moussac en\u00a02020 et\u00a02022, Vendargues a re\u00e7u le prix de \u00ab\u00a0La France Moche\u00a0\u00bb 2025, point\u00e9e du doigt cette ann\u00e9e par l\u2019association Paysages de France pour \u00ab\u00a0sa for\u00eat de panneaux publicitaires\u00a0\u00bb. \u00c0 l\u2019occasion de son Dossier du dimanche, Midi Libre revient sur cette France dite \u00ab\u00a0moche\u00a0\u00bb en trois \u00e9pisodes. Premier acte\u00a0: focus sur cet \u00e9lan qui s\u2019est engag\u00e9 pour transformer ces totems de la \u00ab\u00a0France moche\u00a0\u00bb. Mais le travail est complexe, \u00e0 l\u2019image du projet Ode \u00e0 la Mer \u00e0 P\u00e9rols.\n                            <\/p>\n<p>Cela pourrait r\u00e9pondre \u00e0 une injonction paradoxale. \u00c0 l\u2019heure o\u00f9 l\u2019on souffre d\u2019une p\u00e9nurie de logements, mais que les communes se retrouvent contraintes par la loi Zan de limiter voire stopper toute<a href=\"https:\/\/www.midilibre.fr\/2024\/12\/28\/la-limitation-de-lartificialisation-des-sols-evoquee-au-conseil-municipal-12416412.php\" target=\"_self\" rel=\"noopener\"> artificialisation des sols<\/a>, la premi\u00e8re \u00e9dition du<a href=\"https:\/\/www.icade.fr\/newsroom\/barometre-des-entrees-de-ville\" target=\"_self\" rel=\"noopener\"> barom\u00e8tre des entr\u00e9es de ville commerciales <\/a>a d\u00e9montr\u00e9 en juin dernier que <a href=\"https:\/\/www.midilibre.fr\/2025\/10\/17\/prix-de-la-france-moche-2025-cette-commune-de-lherault-epinglee-par-lassociation-qui-denonce-la-surenchere-publicitaire-12998780.php\" target=\"_self\" rel=\"noopener\">3\u00a0830 zones commerciales r\u00e9parties sur tout le pays repr\u00e9sentent un potentiel de 80\u00a0000\u00a0ha de foncier \u00e0 transformer<\/a>, notamment en 1,6\u00a0million de logements, dont \u00ab\u00a0plus de 120\u00a0000 \u00e0 court terme\u00a0\u00bb, assure l\u2019op\u00e9rateur immobilier Icade qui a r\u00e9alis\u00e9 ce rapport avec la Scet, soci\u00e9t\u00e9 de conseil et d\u2019ing\u00e9nierie de projets.<\/p>\n<p>Ce travail permettrait aussi de d\u00e9gager 15\u00a0000\u00a0ha de foncier \u00e9conomique et 10\u00a0000\u00a0ha de zones renatur\u00e9es et d\u2019espaces verts. Pour la seule r\u00e9gion Occitanie, ce sont 379 sites qui repr\u00e9sentent un potentiel de 9\u00a0352\u00a0ha \u00e0 revaloriser. Parmi ceux-ci, 141 occupent plus de 15\u00a0ha, soit un total de 8\u00a0141\u00a0ha. S\u2019attaquer \u00e0 ces zones commerciales qui incarnent <a href=\"https:\/\/www.midilibre.fr\/2025\/10\/17\/prix-de-la-france-moche-2025-cette-commune-de-lherault-epinglee-par-lassociation-qui-denonce-la-surenchere-publicitaire-12998780.php\" target=\"_self\" rel=\"noopener\">\u00ab\u00a0la France moche\u00a0\u00bb<\/a> ne repr\u00e9senterait donc pas qu\u2019un int\u00e9r\u00eat esth\u00e9tique.<\/p>\n<p>Sept projets (sur 74) retenus en Occitanie<\/p>\n<p>Ce rapport rejoint l\u2019\u00e9lan engag\u00e9 par le gouvernement Attal en mars\u00a02024, lorsqu\u2019il a lanc\u00e9 un<a href=\"https:\/\/www.midilibre.fr\/2024\/07\/23\/coeur-valsiere-le-projet-laureat-va-obtenir-des-subventions-12097272.php\" target=\"_self\" rel=\"noopener\"> <\/a><a href=\"https:\/\/www.midilibre.fr\/2024\/07\/23\/coeur-valsiere-le-projet-laureat-va-obtenir-des-subventions-12097272.php\" target=\"_self\" rel=\"noopener\">\u00ab\u00a0plan de transformation des zones commerciales\u00a0\u00bb<\/a>, avec l\u2019objectif d\u2019en faire \u00ab\u00a0des lieux de vie \u00e0 part enti\u00e8re et d\u2019adapter leur mod\u00e8le aux enjeux actuels\u00a0\u00bb, mais aussi d\u2019am\u00e9liorer \u00ab\u00a0l\u2019attractivit\u00e9 de ces territoires ainsi que leur int\u00e9gration dans l\u2019architecture et l\u2019urbanisme communal\u00a0\u00bb. L\u2019appel \u00e0 projets a \u00e9t\u00e9 un succ\u00e8s. L\u2019ex\u00e9cutif pensait soutenir une vingtaine de projets, ce sont finalement 74 sites qui ont d\u00fb se partager une enveloppe de 26M\u20ac pour lancer les \u00e9tudes et b\u00e9n\u00e9ficieront d\u2019un soutien technique.<\/p>\n<p>Sept secteurs ont \u00e9t\u00e9 retenus en Occitanie, dont les sites du Pech Mary \u00e0 Carcassonne, Saint-Germain et Saint-Victor \u00e0 Narbonne, Porte Sud \u00e0 N\u00eemes, <a href=\"https:\/\/www.midilibre.fr\/2024\/07\/23\/coeur-valsiere-le-projet-laureat-va-obtenir-des-subventions-12097272.php\" target=\"_self\" rel=\"noopener\">C\u0153ur Valsi\u00e8re \u00e0 Grabels<\/a> et surtout Le Fenouillet et Solis-Soriech \u00e0 P\u00e9rols et Lattes aux portes de Montpellier, pour le projet Ode \u00e0 la Mer qui mobilise plus de la moiti\u00e9 des 4,9 M\u20ac de subventions accord\u00e9s \u00e0 ces dossiers r\u00e9gionaux.\u00a0\u00ab\u00a0C\u2019est essentiel, c\u2019est une zone commerciale des ann\u00e9es 1970, qui ne r\u00e9pond plus aux attentes des clients et sur laquelle beaucoup de b\u00e2timents sont situ\u00e9es en zone inondable. Depuis dix ans, certaines fonctionnent m\u00eame sous d\u00e9rogation, c\u2019est-\u00e0-dire sous ma responsabilit\u00e9 p\u00e9nale, et \u00e0 partir du 1er\u00a0janvier prochain, elles sont m\u00eame cens\u00e9es \u00eatre ferm\u00e9es, m\u00eame si nous allons les laisser poursuivre leur activit\u00e9\u00a0\u00bb, d\u00e9crit le maire de P\u00e9rols Jean-Pierre Rico.<\/p>\n<p>Pas si simple<\/p>\n<p>\u00c0 la M\u00e9tropole, qui a la comp\u00e9tence sur ce dossier, on \u00e9voque l\u2019objectif de dessiner une nouvelle entr\u00e9e de ville, comme un quartier \u00ab\u00a0respectueux de l\u2019environnement, plus accueillant pour des r\u00e9sidents avec la suppression des \u201cbo\u00eetes \u00e0 chaussures\u201d\u00a0\u00bb, nous r\u00e9sume-t-on, pour l\u2019heure sans plus de d\u00e9tails. \u00ab\u00a0Le projet est encore en cours de construction\u00a0\u00bb.<\/p>\n<p class=\"std-elt__inline\">\n        <strong>\u00c0 lire aussi :<\/strong><br \/>\n        <a href=\"https:\/\/www.midilibre.fr\/2025\/12\/07\/prix-de-la-france-moche-2025-33-comment-rehabiliter-les-zones-commerciales-en-faisant-des-quartiers-a-part-entiere-13093545.php\" target=\"_blank\" rel=\"noopener\">Prix de \u00ab\u00a0La France Moche\u00a0\u00bb 2025 (3\/3)\u00a0: Comment r\u00e9habiliter les zones commerciales \u00ab\u00a0en faisant des quartiers \u00e0 part enti\u00e8re\u00a0\u00bb<\/a>\n    <\/p>\n<p class=\"std-elt__inline\">\n        <strong>\u00c0 lire aussi :<\/strong><br \/>\n        <a href=\"https:\/\/www.midilibre.fr\/2025\/12\/07\/prix-de-la-france-moche-2025-13-foret-de-panneaux-zones-commerciales-la-france-moche-cest-loin-detre-la-meilleure-publicite-pour-les-villes-13093543.php\" target=\"_blank\" rel=\"noopener\">Prix de \u00ab\u00a0La France Moche\u00a0\u00bb 2025 (1\/3)\u00a0: For\u00eat de panneaux, zones commerciales\u2026 \u201cLa France moche\u201d, c\u2019est loin d\u2019\u00eatre la meilleure publicit\u00e9 pour les villes<\/a>\n    <\/p>\n<p>Sur le papier, c\u2019est s\u00e9duisant. En pratique, cela s\u2019av\u00e8re plus complexe, avec de nombreuses questions qui se posent. \u00ab\u00a0Que fait-on des commer\u00e7ants qui verront leur loyer doubler, en passant d\u2019un local des ann\u00e9es 70 \u00e0 une construction neuve\u00a0? Certains risquent de partir, et avec eux, ce sont des emplois et de la fiscalit\u00e9 que l\u2019on perdra\u00a0\u00bb, d\u00e9roule Jean-Pierre Rico. Il n\u2019est pas oppos\u00e9, non plus \u00e0 la construction de logements, \u00ab\u00a0mais si on en absorbe 8000, soit 16\u00a0000 habitants, il faut aussi penser les services publics, \u00e0 commencer par des cr\u00e8ches et des \u00e9coles, des \u00e9quipements sportifs, culturels\u2026 \u00ab\u00a0. Des dispositifs d\u2019\u00c9tat existent, notamment pour r\u00e9gler le probl\u00e8me du risque inondation, mais tout cela n\u00e9cessite d\u2019importants investissements\u2026 pas faciles \u00e0 d\u00e9busquer en ce moment.<\/p>\n<p>Ce projet Ode \u00e0 la Mer, qui a failli accueillir le nouveau stade de football,<a href=\"https:\/\/www.midilibre.fr\/2017\/11\/17\/montpellier-ode-a-la-mer-le-futur-odysseum-geant,1589868.php\" target=\"_self\" rel=\"noopener\"> est d\u2019ailleurs dans les cartons depuis 2006 <\/a>et fait toujours l\u2019objet d\u2018\u00e2pres batailles politiques, voire juridiques.\u00a0L\u2019illustration qu\u2019embellir la France moche va prendre du temps. Beaucoup de temps.<\/p>\n","protected":false},"excerpt":{"rendered":"Apr\u00e8s Al\u00e8s et Moussac en\u00a02020 et\u00a02022, Vendargues a re\u00e7u le prix de \u00ab\u00a0La France Moche\u00a0\u00bb 2025, point\u00e9e du&hellip;\n","protected":false},"author":2,"featured_media":585574,"comment_status":"","ping_status":"","sticky":false,"template":"","format":"standard","meta":{"footnotes":""},"categories":[9599],"tags":[1111,11,33,1777,674,1011,27,7089,2208,12,2680,23537,25],"class_list":{"0":"post-585573","1":"post","2":"type-post","3":"status-publish","4":"format-standard","5":"has-post-thumbnail","7":"category-montpellier","8":"tag-actu","9":"tag-actualites","10":"tag-economie","11":"tag-eu","12":"tag-europe","13":"tag-fr","14":"tag-france","15":"tag-herault","16":"tag-montpellier","17":"tag-news","18":"tag-occitanie","19":"tag-perols","20":"tag-republique-francaise"},"share_on_mastodon":{"url":"https:\/\/pubeurope.com\/@fr\/115682039861233319","error":""},"_links":{"self":[{"href":"https:\/\/www.europesays.com\/fr\/wp-json\/wp\/v2\/posts\/585573","targetHints":{"allow":["GET"]}}],"collection":[{"href":"https:\/\/www.europesays.com\/fr\/wp-json\/wp\/v2\/posts"}],"about":[{"href":"https:\/\/www.europesays.com\/fr\/wp-json\/wp\/v2\/types\/post"}],"author":[{"embeddable":true,"href":"https:\/\/www.europesays.com\/fr\/wp-json\/wp\/v2\/users\/2"}],"replies":[{"embeddable":true,"href":"https:\/\/www.europesays.com\/fr\/wp-json\/wp\/v2\/comments?post=585573"}],"version-history":[{"count":0,"href":"https:\/\/www.europesays.com\/fr\/wp-json\/wp\/v2\/posts\/585573\/revisions"}],"wp:featuredmedia":[{"embeddable":true,"href":"https:\/\/www.europesays.com\/fr\/wp-json\/wp\/v2\/media\/585574"}],"wp:attachment":[{"href":"https:\/\/www.europesays.com\/fr\/wp-json\/wp\/v2\/media?parent=585573"}],"wp:term":[{"taxonomy":"category","embeddable":true,"href":"https:\/\/www.europesays.com\/fr\/wp-json\/wp\/v2\/categories?post=585573"},{"taxonomy":"post_tag","embeddable":true,"href":"https:\/\/www.europesays.com\/fr\/wp-json\/wp\/v2\/tags?post=585573"}],"curies":[{"name":"wp","href":"https:\/\/api.w.org\/{rel}","templated":true}]}}