{"id":585575,"date":"2025-12-08T04:23:12","date_gmt":"2025-12-08T04:23:12","guid":{"rendered":"https:\/\/www.europesays.com\/fr\/585575\/"},"modified":"2025-12-08T04:23:12","modified_gmt":"2025-12-08T04:23:12","slug":"a-montpellier-la-mediatheque-cite-des-arts-souvre-au-public","status":"publish","type":"post","link":"https:\/\/www.europesays.com\/fr\/585575\/","title":{"rendered":"\u00e0 Montpellier, la m\u00e9diath\u00e8que \u00ab\u00a0Cit\u00e9 des Arts\u00a0\u00bb s&rsquo;ouvre au public"},"content":{"rendered":"<p>                    Par<br \/>\n        <strong><br \/>\n            <a href=\"https:\/\/actu.fr\/auteur\/g-martin\" title=\"Consulter tous les articles de Gil Martin\" target=\"_blank\" rel=\"noopener\">Gil Martin<\/a><br \/>\n                    <\/strong><\/p>\n<p>        Publi\u00e9 le<\/p>\n<p>            8 d\u00e9c. 2025 \u00e0 5h18        <\/p>\n<p>Ce jeudi 4 d\u00e9cembre, la <strong>15\u00e8me m\u00e9diath\u00e8que<\/strong> de Montpellier M\u00e9diterran\u00e9e M\u00e9tropole, <strong>la m\u00e9diath\u00e8que \u00ab\u00a0Cit\u00e9 des Arts\u00a0\u00bb<\/strong>, a \u00e9t\u00e9 inaugur\u00e9e au sein du Conservatoire \u00e0 Rayonnement R\u00e9gional de la M\u00e9tropole, \u00e9tablissement d\u00e9di\u00e9 \u00e0 l\u2019enseignement artistique de la musique, de la danse et du th\u00e9\u00e2tre situ\u00e9 sur l\u2019avenue du Professeur Grasset, dans le quartier Boutonnet.<\/p>\n<p>130 m2 et 2000 ouvrages\u00a0<\/p>\n<p class=\" wall-content\">\u00ab Cet \u00e9tablissement, qui a ouvert ses porte sen 2021, disposait initialement d\u2019un centre de ressources de 130 m\u00b2 \u00e0 destination des enseignants et des \u00e9l\u00e8ves du conservatoire \u00bb, explique la M\u00e9tropole : \u00ab Afin d\u2019offrir un service plus large aux usagers du conservatoire mais aussi <strong>\u00e0 tous les habitants de la M\u00e9tropole<\/strong>, ce lieu de ressource a \u00e9t\u00e9 int\u00e9gr\u00e9 au r\u00e9seau des m\u00e9diath\u00e8ques, devenant ainsi <strong>une m\u00e9diath\u00e8que \u00e0 part enti\u00e8re<\/strong> \u00bb, explique la collectivit\u00e9.<\/p>\n<p>Poste de visionnage et platines<\/p>\n<p class=\" wall-content\">D\u00e9sormais, les citoyens peuvent acc\u00e9der \u00e0 cette nouvelle m\u00e9diath\u00e8que qui propose <strong>un fond de 2 000 ouvrages<\/strong> d\u00e9di\u00e9s \u00e0 la musique, au th\u00e9\u00e2tre et la danse, un espace \u00e9galement \u00e9quip\u00e9 d\u2019un <strong>poste de visionnage<\/strong> et de <strong>platines d\u2019\u00e9coute pour CD et vinyles<\/strong>. Jonathan Benrubi, directeur du r\u00e9seau des m\u00e9diath\u00e8ques de la M\u00e9tropole, confirme l\u2019ambition de la collectivit\u00e9 .<\/p>\n<p>\u00ab\u00a0Une s\u00e9lection soign\u00e9e et accessible\u00a0\u00bb<\/p>\n<p class=\" wall-content\">\u00ab Nous avons la volont\u00e9 d\u2019offrir \u00e0 tous les publics <strong>une s\u00e9lection soign\u00e9e et accessible<\/strong>, m\u00ealant \u0153uvres de fiction et ouvrages documentaires \u00bb, assure le directeur : \u00ab Cette s\u00e9lection est r\u00e9guli\u00e8rement renouvel\u00e9e, nourrie \u00e0 la fois par les nouveaut\u00e9s \u00e9ditoriales et par la richesse des collections du R\u00e9seau des m\u00e9diath\u00e8ques, offrant ainsi une <strong>exploration toujours vivante et renouvel\u00e9e<\/strong> <strong>des arts<\/strong>. \u00bb<\/p>\n<p>    <a href=\"https:\/\/www.google.com\/maps\/embed?pb=!1m18!1m12!1m3!1d5776.512987728213!2d3.863056147374168!3d43.62202018018276!2m3!1f0!2f0!3f0!3m2!1i1024!2i768!4f13.1!3m3!1m2!1s0x12b6af1d1cc0c517%3A0x5859ef297e06bf86!2s13%20Av.%20du%20Professeur%20Grasset%2C%2034090%20Montpellier!5e0!3m2!1sfr!2sfr!4v1764980787793!5m2!1sfr!2sfr\" title=\"Ouvrie le lien\" target=\"_blank\" rel=\"noopener\">Cliquez ici pour visualiser le contenu<\/a><\/p>\n<p>Vid\u00e9os : en ce moment sur Actu<br \/>\n    <img   decoding=\"async\" loading=\"lazy\" src=\"https:\/\/www.europesays.com\/fr\/wp-content\/uploads\/2025\/12\/photo-mediatheque-cite-des-arts-delafosse-960x640.jpg\" alt=\"Inaugur\u00e9e ce jeudi 4 d\u00e9cembre 2025 par le maire de Montpellier, la nouvelle m\u00e9diath\u00e8que accueille le public depuis le 5 d\u00e9cembre\" width=\"960\" height=\"640\"\/><br \/>\n    Inaugur\u00e9e ce jeudi 4 d\u00e9cembre 2025 par le maire de Montpellier, la nouvelle m\u00e9diath\u00e8que accueille le public depuis le 5 d\u00e9cembre (\u00a9C\u00e9cile Marson \u2013 3M)<\/p>\n<p class=\" wall-content\">Cette 15\u00e8me m\u00e9diath\u00e8que du R\u00e9seau incarne la volont\u00e9 d\u2019inventer de nouvelles mani\u00e8res de <strong>partager les arts et la culture<\/strong> avec le plus grand nombre, et ce \u00e0 l\u2019\u00e9chelle du territoire m\u00e9tropolitain et de ses 31 communes \u00bb, conclut la M\u00e9tropole qui mise sur \u00ab<strong> la mixit\u00e9 des usagers<\/strong> tout en axant une partie des collections et de l\u2019action culturelle en faveur du public jeunesse \u00bb.<\/p>\n<p>Votre r\u00e9gion, votre actu !<\/p>\n<p>Recevez chaque jour les infos qui comptent pour vous.<\/p>\n<p>\t<a href=\"https:\/\/actu.fr\/newsletter\" class=\"ac-btn ac-btn--corner ac-btn--medium ac-btn--blue800\" target=\"_blank\" rel=\"noopener\">S&rsquo;incrire<\/a><br \/>\nInstallations th\u00e9matiques : la com\u00e9die musicale en valeur<\/p>\n<p>La m\u00e9diath\u00e8que de la Cit\u00e9 des Arts pr\u00e9voit \u00e9galement de faire vivre des collections th\u00e9matiques en organisant plusieurs installations documentaires par an. Cette nouvelle offre \u00ab\u00a0alternative et exp\u00e9rimentale\u00a0\u00bb commence d\u00e8s maintenant avec une premi\u00e8re installation documentaire d\u00e9di\u00e9e aux com\u00e9dies musicales\u00a0: \u00ab\u00a0classiques du genre au cin\u00e9ma, partitions, CD, romans et essais, affiches explorent cet univers\u00a0\u00bb, indique la m\u00e9diath\u00e8que.<\/p>\n<p><strong>Infos pratiques :<\/strong><br \/>M\u00e9diath\u00e8que de la Cit\u00e9 des Arts<br \/>13 avenue du Pr Grasset \u00e0 Montpellier<br \/>Ouverte au grand public depuis le 5 d\u00e9cembre 2025<br \/>Horaires\u00a0:<br \/>-de 16 h \u00e0 19 h les mardis, jeudis et vendredis ;<br \/>-de 10 h \u00e0 12 h 30 puis de 13 h 30 \u00e0 19 h le mercredi ; <br \/>-de 10 h \u00e0 12 h puis de 14 h \u00e0 18 h le samedi.<br \/>Fermeture de la m\u00e9diath\u00e8que durant toutes les vacances scolaires.<\/p>\n<p class=\" wall-content\">.<\/p>\n<p class=\" wall-content\">Personnalisez votre actualit\u00e9 en ajoutant vos villes et m\u00e9dias en favori avec <a href=\"https:\/\/moncompte.actu.fr\" title=\"D\u00e9couvez Mon Actu\" rel=\"nofollow noopener\" data-trk=\"{&quot;cta&quot;:{&quot;action&quot;:&quot;https:\\\/\\\/moncompte.actu.fr&quot;,&quot;category&quot;:&quot;mon compte&quot;,&quot;from&quot;:&quot;article footer&quot;,&quot;name&quot;:&quot;Mon actu&quot;,&quot;type&quot;:&quot;cta&quot;}}\" target=\"_blank\">Mon Actu<\/a>.<\/p>\n","protected":false},"excerpt":{"rendered":"Par Gil Martin Publi\u00e9 le 8 d\u00e9c. 2025 \u00e0 5h18 Ce jeudi 4 d\u00e9cembre, la 15\u00e8me m\u00e9diath\u00e8que de&hellip;\n","protected":false},"author":2,"featured_media":585576,"comment_status":"","ping_status":"","sticky":false,"template":"","format":"standard","meta":{"footnotes":""},"categories":[9599],"tags":[1111,11,1777,674,1011,27,2208,12,2680,25,104],"class_list":{"0":"post-585575","1":"post","2":"type-post","3":"status-publish","4":"format-standard","5":"has-post-thumbnail","7":"category-montpellier","8":"tag-actu","9":"tag-actualites","10":"tag-eu","11":"tag-europe","12":"tag-fr","13":"tag-france","14":"tag-montpellier","15":"tag-news","16":"tag-occitanie","17":"tag-republique-francaise","18":"tag-societe"},"share_on_mastodon":{"url":"https:\/\/pubeurope.com\/@fr\/115682044766000244","error":""},"_links":{"self":[{"href":"https:\/\/www.europesays.com\/fr\/wp-json\/wp\/v2\/posts\/585575","targetHints":{"allow":["GET"]}}],"collection":[{"href":"https:\/\/www.europesays.com\/fr\/wp-json\/wp\/v2\/posts"}],"about":[{"href":"https:\/\/www.europesays.com\/fr\/wp-json\/wp\/v2\/types\/post"}],"author":[{"embeddable":true,"href":"https:\/\/www.europesays.com\/fr\/wp-json\/wp\/v2\/users\/2"}],"replies":[{"embeddable":true,"href":"https:\/\/www.europesays.com\/fr\/wp-json\/wp\/v2\/comments?post=585575"}],"version-history":[{"count":0,"href":"https:\/\/www.europesays.com\/fr\/wp-json\/wp\/v2\/posts\/585575\/revisions"}],"wp:featuredmedia":[{"embeddable":true,"href":"https:\/\/www.europesays.com\/fr\/wp-json\/wp\/v2\/media\/585576"}],"wp:attachment":[{"href":"https:\/\/www.europesays.com\/fr\/wp-json\/wp\/v2\/media?parent=585575"}],"wp:term":[{"taxonomy":"category","embeddable":true,"href":"https:\/\/www.europesays.com\/fr\/wp-json\/wp\/v2\/categories?post=585575"},{"taxonomy":"post_tag","embeddable":true,"href":"https:\/\/www.europesays.com\/fr\/wp-json\/wp\/v2\/tags?post=585575"}],"curies":[{"name":"wp","href":"https:\/\/api.w.org\/{rel}","templated":true}]}}