{"id":585580,"date":"2025-12-08T04:29:28","date_gmt":"2025-12-08T04:29:28","guid":{"rendered":"https:\/\/www.europesays.com\/fr\/585580\/"},"modified":"2025-12-08T04:29:28","modified_gmt":"2025-12-08T04:29:28","slug":"parole-dexperts-offrez-vous-une-experience-culinaire-unique-chez-essentiel","status":"publish","type":"post","link":"https:\/\/www.europesays.com\/fr\/585580\/","title":{"rendered":"Parole d&rsquo;experts. Offrez-vous une exp\u00e9rience culinaire unique chez Essentiel"},"content":{"rendered":"<p>Aux portes du centre-ville, direction les berges du canal Saint-Martin pour s\u2019attabler au restaurant Essentiel, l\u2019une de ces p\u00e9pites gastronomiques rennaises. En cette fin d\u2019ann\u00e9e, on prend le temps de s\u2019offrir un vrai moment de partage pour savourer. Rencontre avec Blandine Lucas, \u00e0 la t\u00eate de cet \u00e9tablissement.<\/p>\n<p>Situ\u00e9 au calme du canal Saint-Martin, derri\u00e8re de grandes baies vitr\u00e9es baign\u00e9es de lumi\u00e8re, le restaurant Essentiel f\u00eate ses dix ans en confi rmant sa place parmi les tables qui comptent \u00e0 Rennes. Aux commandes, la cheffe Blandine Lucas, form\u00e9e \u00e0 l\u2019\u00e9cole Ferrandi, signe une cuisine contemporaine o\u00f9 le potager tient la vedette : produits de saison, assiettes \u00e9pur\u00e9es, accords pr\u00e9cis, le tout dans un cadre moderne et serein, presque suspendu au-dessus de l\u2019eau.<\/p>\n<p><img loading=\"lazy\" decoding=\"async\" src=\"https:\/\/www.europesays.com\/fr\/wp-content\/uploads\/2025\/12\/U1764841726923693158fee1446.png\" alt=\"Photo2\" width=\"640\" height=\"500\"\/><\/p>\n<p>Et pour glisser un peu de ce raffinement sous le sapin, le restaurant propose des bons cadeaux \u00e0 r\u00e9server en ligne : on repart avec un \u00e9l\u00e9gant carton d\u2019invitation, promesse d\u2019un moment gourmand sur les berges rennaises.<\/p>\n<p>Une cuisine de potager\u00a0\u00c0 base de produits frais<\/p>\n<p><img loading=\"lazy\" decoding=\"async\" src=\"https:\/\/www.europesays.com\/fr\/wp-content\/uploads\/2025\/12\/U176484199692469315a0ce1a5c.png\" alt=\"Photo3\" width=\"640\" height=\"500\"\/><\/p>\n<p>Chez Essentiel, la nature donne le ton. La cheffe Blandine Lucas d\u00e9fend une cuisine de potager, contemporaine et lisible, o\u00f9 chaque assiette raconte la saison. L\u00e9gumes en majest\u00e9, produits rigoureusement s\u00e9lectionn\u00e9s, cuissons pr\u00e9cises : ici, le raffinement se joue dans le d\u00e9tail plut\u00f4t que dans l\u2019esbroufe. Une signature tout en finesse, qui privil\u00e9gie le go\u00fbt, le travail des textures et une \u00e9l\u00e9gance discr\u00e8te dans l\u2019assiette.<\/p>\n<p>Bons cadeaux sous le sapin<\/p>\n<p><img loading=\"lazy\" decoding=\"async\" src=\"https:\/\/www.europesays.com\/fr\/wp-content\/uploads\/2025\/12\/U176484200309269315a13167ad.png\" alt=\"Photo4\" width=\"640\" height=\"500\"\/><\/p>\n<p>Le bon cadeau du restaurant Essentiel est une id\u00e9e cadeau id\u00e9ale. Menu du March\u00e9, menu Gourmand ou Essentiel : vous choisissez la formule ou le montant souhait\u00e9, et vos proches n\u2019ont plus qu\u2019\u00e0 se laisser porter. \u00ab Aujourd\u2019hui, on a du mal \u00e0 s\u2019arr\u00eater, offrir un moment gastronomique, de d\u00e9tente et de partage, c\u2019est proposer une exp\u00e9rience \u00e0 vivre plut\u00f4t que du mat\u00e9riel, c\u2019est aussi \u00e7a l\u2019esprit de No\u00ebl \u00bb.<\/p>\n<p>L\u2019ouverture de Confidentiel<\/p>\n<p><img loading=\"lazy\" decoding=\"async\" src=\"https:\/\/www.europesays.com\/fr\/wp-content\/uploads\/2025\/12\/U176484201103269315a1b07d09.png\" alt=\"Photo5\" width=\"640\" height=\"500\"\/><\/p>\n<p>Et si cette ann\u00e9e, vous optiez pour un cadeau qui change vraiment ? Au coeur de la campagne de Goven, les nouveaux ateliers culinaires Confidentiel, imagin\u00e9s par la cheffe Blandine Lucas, ouvrent d\u00e9but d\u00e9cembre et se glissent parfaitement sous le sapin. Ateliers p\u00e2tisserie avec cr\u00e9ations \u00e0 emporter, cours de cuisine prolong\u00e9s par un d\u00eener sur place, initiations \u00e0 l\u2019oenologie dans un lieu d\u2019exception.<\/p>\n<p>Une exp\u00e9rience hors du temps<\/p>\n<p><img loading=\"lazy\" decoding=\"async\" src=\"https:\/\/www.europesays.com\/fr\/wp-content\/uploads\/2025\/12\/U176484201712769315a211f013.png\" alt=\"Photo6\" width=\"640\" height=\"500\"\/><\/p>\n<p>Ces exp\u00e9riences se vivent en petits groupes (6 \u00e0 10 personnes), avec la possibilit\u00e9 d\u2019accueillir des \u00e9quipes lors de s\u00e9minaires d\u2019entreprises. \u00ab Offrir un atelier, c\u2019est s\u2019accorder la promesse d\u2019un moment de partage entre amis ou coll\u00e8gues, de gourmandise et de d\u00e9connexion, loin du tumult du quotidien dans un domaine un peu coup\u00e9 du monde \u00bb. Et pour prolonger la parenth\u00e8se, trois chambres d\u2019h\u00f4tes accueilleront les participants d\u00e8s le d\u00e9but d\u2019ann\u00e9e.<\/p>\n<\/p>\n<p>\u00a0<\/p>\n<\/p>\n<p>\u00a0<\/p>\n","protected":false},"excerpt":{"rendered":"Aux portes du centre-ville, direction les berges du canal Saint-Martin pour s\u2019attabler au restaurant Essentiel, l\u2019une de ces&hellip;\n","protected":false},"author":2,"featured_media":585581,"comment_status":"","ping_status":"","sticky":false,"template":"","format":"standard","meta":{"footnotes":""},"categories":[2821],"tags":[1111,11,829,11895,1777,674,1011,27,12,866,584,25],"class_list":{"0":"post-585580","1":"post","2":"type-post","3":"status-publish","4":"format-standard","5":"has-post-thumbnail","7":"category-rennes","8":"tag-actu","9":"tag-actualites","10":"tag-bretagne","11":"tag-d","12":"tag-eu","13":"tag-europe","14":"tag-fr","15":"tag-france","16":"tag-news","17":"tag-parole","18":"tag-rennes","19":"tag-republique-francaise"},"share_on_mastodon":{"url":"https:\/\/pubeurope.com\/@fr\/115682067972957953","error":""},"_links":{"self":[{"href":"https:\/\/www.europesays.com\/fr\/wp-json\/wp\/v2\/posts\/585580","targetHints":{"allow":["GET"]}}],"collection":[{"href":"https:\/\/www.europesays.com\/fr\/wp-json\/wp\/v2\/posts"}],"about":[{"href":"https:\/\/www.europesays.com\/fr\/wp-json\/wp\/v2\/types\/post"}],"author":[{"embeddable":true,"href":"https:\/\/www.europesays.com\/fr\/wp-json\/wp\/v2\/users\/2"}],"replies":[{"embeddable":true,"href":"https:\/\/www.europesays.com\/fr\/wp-json\/wp\/v2\/comments?post=585580"}],"version-history":[{"count":0,"href":"https:\/\/www.europesays.com\/fr\/wp-json\/wp\/v2\/posts\/585580\/revisions"}],"wp:featuredmedia":[{"embeddable":true,"href":"https:\/\/www.europesays.com\/fr\/wp-json\/wp\/v2\/media\/585581"}],"wp:attachment":[{"href":"https:\/\/www.europesays.com\/fr\/wp-json\/wp\/v2\/media?parent=585580"}],"wp:term":[{"taxonomy":"category","embeddable":true,"href":"https:\/\/www.europesays.com\/fr\/wp-json\/wp\/v2\/categories?post=585580"},{"taxonomy":"post_tag","embeddable":true,"href":"https:\/\/www.europesays.com\/fr\/wp-json\/wp\/v2\/tags?post=585580"}],"curies":[{"name":"wp","href":"https:\/\/api.w.org\/{rel}","templated":true}]}}