{"id":585588,"date":"2025-12-08T04:35:12","date_gmt":"2025-12-08T04:35:12","guid":{"rendered":"https:\/\/www.europesays.com\/fr\/585588\/"},"modified":"2025-12-08T04:35:12","modified_gmt":"2025-12-08T04:35:12","slug":"nice-senfonce-dans-la-crise-auxerre-laisse-la-derniere-place-a-metz-2","status":"publish","type":"post","link":"https:\/\/www.europesays.com\/fr\/585588\/","title":{"rendered":"Nice s&rsquo;enfonce dans la crise, Auxerre laisse la derni\u00e8re place \u00e0 Metz"},"content":{"rendered":"<p>&#13;<br \/>\n                        Ligue 1 : Nice s&rsquo;enfonce dans la crise, Auxerre laisse la derni\u00e8re place \u00e0 Metz&#13;\n                    <\/p>\n<p style=\"text-align:\">En \u00e9pilogue d&rsquo;une semaine sous tension, Nice s&rsquo;est enfonc\u00e9 dans la crise, d\u00e9fait \u00e0 domicile par Angers dimanche 7 d\u00e9cembre lors de la 15e journ\u00e9e de Ligue 1, tandis qu&rsquo;Auxerre a abandonn\u00e9 sa place de lanterne rouge \u00e0 Metz, d\u00e9fait \u00e0 l&rsquo;Abb\u00e9-Deschamps.<\/p>\n<p><a href=\"https:\/\/lecourrier.vn\/ligue-1-sans-ses-cadres-le-psg-reprend-la-tete-avant-la-ligue-des-champions\/1295925.html\" title=\"Ligue 1 : sans ses cadres, le PSG reprend la t\u00eate avant la Ligue des champions\" target=\"_blank\" rel=\"noopener\">&gt;&gt; Ligue 1 : sans ses cadres, le PSG reprend la t\u00eate avant la Ligue des champions<\/a><\/p>\n<p><a href=\"https:\/\/lecourrier.vn\/l1-rennes-surclasse-monaco-et-gache-le-retour-de-pogba\/1295927.html\" title=\"L1: Rennes surclasse Monaco et g\u00e2che le retour de Pogba\" target=\"_blank\" rel=\"noopener\">&gt;&gt; L1: Rennes surclasse Monaco et g\u00e2che le retour de Pogba<\/a><\/p>\n<p><a href=\"https:\/\/lecourrier.vn\/ligue-1-la-belle-occasion-gachee-de-lom\/1296428.html\" title=\"Ligue 1 : La belle occasion g\u00e2ch\u00e9e de l&#039;OM\" target=\"_blank\" rel=\"noopener\">&gt;&gt; Ligue 1 : La belle occasion g\u00e2ch\u00e9e de l&rsquo;OM<\/a><\/p>\n<tr>\n<td class=\"pic\"><img decoding=\"async\" class=\"lazyload\" src=\"https:\/\/www.europesays.com\/fr\/wp-content\/uploads\/2025\/12\/092718-1.webp.webp\" alt=\"\"\/><\/td>\n<\/tr>\n<tr>\n<td class=\"caption\">Le d\u00e9fenseur de Nice Antoine Mendy apr\u00e8s la d\u00e9aite \u00e0 domicile contre Angers lors de la 15e journ\u00e9e de Ligue 1, le 7 d\u00e9cembre.<\/td>\n<\/tr>\n<tr align=\"right\">\n<td class=\"author\">Photo : AFP\/VNA\/CVN<\/td>\n<\/tr>\n<p style=\"text-align:left\">Avec les noms de Terem Moffi et J\u00e9r\u00e9mie Boga floqu\u00e9s dans le dos, en soutien \u00e0 leurs co\u00e9quipiers en arr\u00eat de travail apr\u00e8s avoir \u00e9t\u00e9 pris pour cible dimanche dernier par des supporters, les joueurs de Franck Haise ont encaiss\u00e9 une 7e d\u00e9faite cons\u00e9cutive toutes comp\u00e9titions confondues, battus \u00e0 par Angers (1-0).<\/p>\n<p style=\"text-align:left\">Devant un public clairsem\u00e9 mais hostile en raison de l&rsquo;appel des ultras ni\u00e7ois \u00e0 boycotter la rencontre, les Azur\u00e9ens, friables dans leur surface, ont rapidement \u00e9t\u00e9 men\u00e9s et se sont ensuite heurt\u00e9s \u00e0 un Herv\u00e9 Koffi d\u00e9cisif dans les cages angevines.<\/p>\n<p style=\"text-align:left\">Apr\u00e8s ce nouveau revers, Nice glisse \u00e0 la 12e place, derri\u00e8re son adversaire du jour, et l&rsquo;avenir s&rsquo;assombrit pour Haise, qui a d\u00e9j\u00e0 failli partir cette semaine avant de se raviser.<\/p>\n<p style=\"text-align:left\">Juste derri\u00e8re le Gym, le Paris FC (13e, 16 points) et Le Havre (14e, 15 points) ont fait match nul (0-0) au stade Oc\u00e9ane, malgr\u00e9 plusieurs occasions dont un penalty compl\u00e8tement manqu\u00e9 par le Havrais Issa Soumar\u00e9 (77e) et une frappe d\u00e9viss\u00e9e d&rsquo;Alimami Gory (89e), alors que le milieu parisien \u00e9tait d\u00e9marqu\u00e9 dans la surface.<\/p>\n<p style=\"text-align:left\">L&rsquo;ambitieux PFC, rachet\u00e9 il y a un an par la famille Arnault, n&rsquo;a enregistr\u00e9 qu&rsquo;un seul succ\u00e8s sur les 8 derniers matches, et reste dangereusement proche du bas de tableau.<\/p>\n<tr>\n<td class=\"pic\"><img decoding=\"async\" class=\"lazyload\" src=\"https:\/\/www.europesays.com\/fr\/wp-content\/uploads\/2025\/12\/092740-2.webp.webp\" alt=\"\"\/><\/td>\n<\/tr>\n<tr>\n<td class=\"caption\">L&rsquo;attaquant d&rsquo;Auxerre Lassine Sinayoko (droite) lors du match de Ligue 1 contre Metz, le 7 d\u00e9cembre au stade Abb\u00e9-Deschamp<\/td>\n<\/tr>\n<tr align=\"right\">\n<td class=\"author\">Photo : AFP\/VNA\/CVN<\/td>\n<\/tr>\n<p style=\"text-align:left\">Ce dernier a chang\u00e9 de visage: Auxerre a abandonn\u00e9 sa place de lanterne rouge \u00e0 Metz, battu 3-1 \u00e0 l&rsquo;Abb\u00e9-Deschamps, et grimpe \u00e0 la 16e place (12 points), devant Nantes (17e, 11 points) battu samedi 6 d\u00e9cembre par le leader lensois.<\/p>\n<p style=\"text-align:left\">Un penalty de Lassine Sinayoko (36e) puis deux belles actions collectives conclues par Oussama El Azzouzi (40e) et K\u00e9vin Danois (89e) ont permis \u00e0 l&rsquo;AJA de d\u00e9crocher son premier succ\u00e8s depuis le 21 septembre dernier.<\/p>\n<p style=\"text-align:left\">Malgr\u00e9 une r\u00e9duction du score de Gauthier Hein, pass\u00e9 par Auxerre, sur un coup franc direct (45e+1), Metz encaisse un deuxi\u00e8me revers d&rsquo;affil\u00e9e, avant de recevoir le Paris SG la semaine prochaine.<\/p>\n<p style=\"text-align:right\"><b>AFP\/VNA\/CVN<\/b><\/p>\n","protected":false},"excerpt":{"rendered":"&#13; Ligue 1 : Nice s&rsquo;enfonce dans la crise, Auxerre laisse la derni\u00e8re place \u00e0 Metz&#13; En \u00e9pilogue&hellip;\n","protected":false},"author":2,"featured_media":585589,"comment_status":"","ping_status":"","sticky":false,"template":"","format":"standard","meta":{"footnotes":""},"categories":[2819],"tags":[1111,11,4245,1777,674,1011,27,66,6212,12,2401,882,25],"class_list":{"0":"post-585588","1":"post","2":"type-post","3":"status-publish","4":"format-standard","5":"has-post-thumbnail","7":"category-nice","8":"tag-actu","9":"tag-actualites","10":"tag-auxerre","11":"tag-eu","12":"tag-europe","13":"tag-fr","14":"tag-france","15":"tag-ligue-1","16":"tag-metz","17":"tag-news","18":"tag-nice","19":"tag-provence-alpes-cote-dazur","20":"tag-republique-francaise"},"share_on_mastodon":{"url":"https:\/\/pubeurope.com\/@fr\/115682091699902820","error":""},"_links":{"self":[{"href":"https:\/\/www.europesays.com\/fr\/wp-json\/wp\/v2\/posts\/585588","targetHints":{"allow":["GET"]}}],"collection":[{"href":"https:\/\/www.europesays.com\/fr\/wp-json\/wp\/v2\/posts"}],"about":[{"href":"https:\/\/www.europesays.com\/fr\/wp-json\/wp\/v2\/types\/post"}],"author":[{"embeddable":true,"href":"https:\/\/www.europesays.com\/fr\/wp-json\/wp\/v2\/users\/2"}],"replies":[{"embeddable":true,"href":"https:\/\/www.europesays.com\/fr\/wp-json\/wp\/v2\/comments?post=585588"}],"version-history":[{"count":0,"href":"https:\/\/www.europesays.com\/fr\/wp-json\/wp\/v2\/posts\/585588\/revisions"}],"wp:featuredmedia":[{"embeddable":true,"href":"https:\/\/www.europesays.com\/fr\/wp-json\/wp\/v2\/media\/585589"}],"wp:attachment":[{"href":"https:\/\/www.europesays.com\/fr\/wp-json\/wp\/v2\/media?parent=585588"}],"wp:term":[{"taxonomy":"category","embeddable":true,"href":"https:\/\/www.europesays.com\/fr\/wp-json\/wp\/v2\/categories?post=585588"},{"taxonomy":"post_tag","embeddable":true,"href":"https:\/\/www.europesays.com\/fr\/wp-json\/wp\/v2\/tags?post=585588"}],"curies":[{"name":"wp","href":"https:\/\/api.w.org\/{rel}","templated":true}]}}