{"id":585590,"date":"2025-12-08T04:36:33","date_gmt":"2025-12-08T04:36:33","guid":{"rendered":"https:\/\/www.europesays.com\/fr\/585590\/"},"modified":"2025-12-08T04:36:33","modified_gmt":"2025-12-08T04:36:33","slug":"conseil-malgre-les-oppositions-les-commerces-ouvriront-trois-dimanches-en-decembre-2026","status":"publish","type":"post","link":"https:\/\/www.europesays.com\/fr\/585590\/","title":{"rendered":"Conseil. Malgr\u00e9 les oppositions, les commerces ouvriront trois dimanches en d\u00e9cembre\u00a02026"},"content":{"rendered":"<p>Ouvrir ou ne pas ouvrir les commerces le dimanche, en particulier en d\u00e9cembre\u00a0? Le d\u00e9bat est r\u00e9current, entre les \u00e9lus d\u2019une part, <a href=\"https:\/\/nantes.maville.com\/actu\/actudet_-commerce-le-dimanche-un-accord-sera-t-il-signe-a-nantes-entre-syndicats-et-patronat-_52716-6987846_actu.Htm\" target=\"_self\" rel=\"noopener\">les organisations syndicales et patronales<\/a> d\u2019autre part. En ce mois de d\u00e9cembre\u00a02025, les commerces, pas tous (1), ouvrent trois dimanches, les 7, 14 et 21. Le m\u00eame dispositif sera arr\u00eat\u00e9 pour l\u2019an prochain, comme l\u2019a dit la maire (PS) de Nantes, Johanna Rolland, \u00e0 la fin du conseil municipal, vendredi 5\u00a0d\u00e9cembre.<\/p>\n<p>Pourtant, cette ouverture dominicale, trois fois au cours du mois de d\u00e9cembre, ne fait pas l\u2019unanimit\u00e9 dans sa majorit\u00e9. Les \u00c9cologistes n\u2019en veulent pas, les Communistes non plus. \u00a0Parce que les travailleuses et les travailleurs ont besoin de temps de repos hebdomadaires, en d\u00e9cembre comme les autres mois de l\u2019ann\u00e9e, et \u00e7a n\u2019augmentera pas le chiffre d\u2019affaires des commer\u00e7ants ni le pouvoir d\u2019achat des consommateurs\u00a0\u00bb, argumente Nathalie Blin, \u00e9lue du quartier Malakoff\/Saint-Donatien. Une bonne raison de \u00a0voter contre\u00a0 ces dimanches pour les \u00e9colos, comme l\u2019a rappel\u00e9 Marie Vitoux, pour qui le dimanche ne doit pas \u00eatre \u00a0un jour suppl\u00e9mentaire de consommation\u00a0\u00bb.<\/p>\n<p>\u00ab\u00a0Les commer\u00e7ants ont besoin d\u2019un soutien\u00a0\u00bb<\/p>\n<p>Pour le chef de file de la droite nantaise, Foulques Chombart de Lauwe (Les R\u00e9publicains), au contraire, ces ouvertures suppl\u00e9mentaires permettent de mettre \u00a0du beurre dans les \u00e9pinards, \u00e0 la veille de No\u00ebl\u00a0\u00bb, pour les salari\u00e9s. Sur ce sujet, il a re\u00e7u l\u2019appui \u2013 soulign\u00e9 par Johanna Rolland \u2013 de son coll\u00e8gue de l\u2019opposition, Julien Bainvel (Les R\u00e9publicains). \u00a0Dans le contexte actuel, les commer\u00e7ants ont besoin d\u2019un soutien suppl\u00e9mentaire et \u00e7a passe par l\u2019ouverture d\u2019un quatri\u00e8me dimanche en d\u00e9cembre.\u00a0<\/p>\n<p>Des oppositions \u00e0 ces ouvertures du dimanche venues des bancs de la majorit\u00e9 comme de l\u2019opposition. Comme l\u2019an dernier. Mais qui n\u2019emp\u00eacheront pas l\u2019ouverture en d\u00e9cembre\u00a02026, trois dimanches, les 6, 13 et 20\u00a0d\u00e9cembre. En application du Code du Travail (article L. 3132-26), Johanna Rolland pendra un arr\u00eat\u00e9, dans les jours qui viennent, qui validera ces ouvertures.<\/p>\n<p>(1) les commerces \u00e0 pr\u00e9dominance alimentaire de plus de 400 m\u00b2 sont exclus de cet accord.<\/p>\n<p>\u00a0<\/p>\n","protected":false},"excerpt":{"rendered":"Ouvrir ou ne pas ouvrir les commerces le dimanche, en particulier en d\u00e9cembre\u00a0? Le d\u00e9bat est r\u00e9current, entre&hellip;\n","protected":false},"author":2,"featured_media":585591,"comment_status":"","ping_status":"","sticky":false,"template":"","format":"standard","meta":{"footnotes":""},"categories":[2818],"tags":[5734,1111,11,7227,7516,49832,54382,1777,674,1011,27,766,12,69912,69913,2636,25],"class_list":{"0":"post-585590","1":"post","2":"type-post","3":"status-publish","4":"format-standard","5":"has-post-thumbnail","7":"category-nantes","8":"tag-5734","9":"tag-actu","10":"tag-actualites","11":"tag-commerces","12":"tag-conseil","13":"tag-decembre","14":"tag-dimanches","15":"tag-eu","16":"tag-europe","17":"tag-fr","18":"tag-france","19":"tag-nantes","20":"tag-news","21":"tag-oppositions","22":"tag-ouvriront","23":"tag-pays-de-la-loire","24":"tag-republique-francaise"},"share_on_mastodon":{"url":"https:\/\/pubeurope.com\/@fr\/115682094817684974","error":""},"_links":{"self":[{"href":"https:\/\/www.europesays.com\/fr\/wp-json\/wp\/v2\/posts\/585590","targetHints":{"allow":["GET"]}}],"collection":[{"href":"https:\/\/www.europesays.com\/fr\/wp-json\/wp\/v2\/posts"}],"about":[{"href":"https:\/\/www.europesays.com\/fr\/wp-json\/wp\/v2\/types\/post"}],"author":[{"embeddable":true,"href":"https:\/\/www.europesays.com\/fr\/wp-json\/wp\/v2\/users\/2"}],"replies":[{"embeddable":true,"href":"https:\/\/www.europesays.com\/fr\/wp-json\/wp\/v2\/comments?post=585590"}],"version-history":[{"count":0,"href":"https:\/\/www.europesays.com\/fr\/wp-json\/wp\/v2\/posts\/585590\/revisions"}],"wp:featuredmedia":[{"embeddable":true,"href":"https:\/\/www.europesays.com\/fr\/wp-json\/wp\/v2\/media\/585591"}],"wp:attachment":[{"href":"https:\/\/www.europesays.com\/fr\/wp-json\/wp\/v2\/media?parent=585590"}],"wp:term":[{"taxonomy":"category","embeddable":true,"href":"https:\/\/www.europesays.com\/fr\/wp-json\/wp\/v2\/categories?post=585590"},{"taxonomy":"post_tag","embeddable":true,"href":"https:\/\/www.europesays.com\/fr\/wp-json\/wp\/v2\/tags?post=585590"}],"curies":[{"name":"wp","href":"https:\/\/api.w.org\/{rel}","templated":true}]}}