{"id":585601,"date":"2025-12-08T04:44:28","date_gmt":"2025-12-08T04:44:28","guid":{"rendered":"https:\/\/www.europesays.com\/fr\/585601\/"},"modified":"2025-12-08T04:44:28","modified_gmt":"2025-12-08T04:44:28","slug":"dans-cette-grande-ville-le-tourisme-etranger-fremit-pour-les-fetes-de-noel","status":"publish","type":"post","link":"https:\/\/www.europesays.com\/fr\/585601\/","title":{"rendered":"dans cette grande ville, le tourisme \u00e9tranger fr\u00e9mit pour les f\u00eates de No\u00ebl"},"content":{"rendered":"<p class=\"article__intro\">\u00c0 Lille (Nord), la fin d\u2019ann\u00e9e rime avec affluence touristique. Les visiteurs \u00e9trangers sont nombreux \u00e0 d\u00e9ambuler dans les rues de la capitale des Flandres attir\u00e9s par l\u2019ambiance chaleureuse de No\u00ebl.<\/p>\n<p>\n      L\u2019actu des r\u00e9gions\n    <\/p>\n<p>\n      Chaque jour, un tour d\u2019horizon des principales infos de toutes les r\u00e9gions.\n    <\/p>\n<p>    France T\u00e9l\u00e9visions utilise votre adresse e-mail afin de vous envoyer la newsletter \u00ab\u00a0L\u2019actu des r\u00e9gions\u00a0\u00bb. Vous pouvez vous d\u00e9sinscrire \u00e0 tout moment via le lien en bas de cette newsletter. <a target=\"_blank\" href=\"https:\/\/www.francetelevisions.fr\/groupe\/confidentialite\/politique-de-confidentialite\/politique-de-confidentialite-de-france-televisions-6503\" rel=\"noopener\">Notre politique de confidentialit\u00e9<\/a><\/p>\n<p>En cette fin d\u2019ann\u00e9e, les touristes \u00e9trangers sont nombreux \u00e0 Lille. Anglais, N\u00e9erlandais, Belges, mais aussi Italiens ou Espagnols profitent de la fra\u00eecheur du Nord pour s\u2019immerger dans l\u2019ambiance de No\u00ebl.<\/p>\n<\/p>\n<p>March\u00e9 de No\u00ebl, grande roue, chalets gourmands, man\u00e8ges et d\u00e9corations : la ville a sorti son attirail festif pour s\u00e9duire les visiteurs. Et pour cause, elle attire pr\u00e8s d\u2019un tiers de touristes \u00e9trangers. Entre ces milliers de touristes, Aline et Steeve sont arriv\u00e9s de Birmingham. Leur premi\u00e8re journ\u00e9e \u00e0 Lille leur a suffi pour se laisser convaincre : \u00ab\u00a0On a fait le march\u00e9 de No\u00ebl hier. C\u2019\u00e9tait super, tr\u00e8s agr\u00e9able, bien organis\u00e9\u2026 et il y a de la bonne cuisine. On adore !\u00a0\u00bb<\/p>\n<p><a data-article-figure=\"\" href=\"https:\/\/france3-regions.franceinfo.fr\/image\/o3u-WKW82qGEOuajyPto_XNI4-E\/1920x1080\/regions\/2025\/12\/06\/opera-noel-lille-69343a7e6b32f145482358.jpg\" data-pswp-width=\"1920\" data-pswp-height=\"1080\" target=\"_blank\" rel=\"noopener\"><\/p>\n<p>          <img width=\"600\" height=\"400\" class=\"article-image lazy\" data-src=\"https:\/\/www.europesays.com\/fr\/wp-content\/uploads\/2025\/12\/opera-noel-lille-69343a7e6b32f145482358.jpg\" alt=\"Pr\u00e8s d\u2019un tiers des touristes de la ville sont \u00e9trangers. \" fetchpriority=\"high\" as=\"image\"\/><\/p>\n<p>\n            Pr\u00e8s d\u2019un tiers des touristes de la ville sont \u00e9trangers.<br \/>\n                           \u2022<br \/>\n                                      \u00a9 Antoine Morvan\n                      <\/p>\n<p><\/a><\/p>\n<p>Anne, Londonienne, a elle aussi travers\u00e9 la Manche avec sa fille, encourag\u00e9e par ses amis : \u00ab\u00a0On nous a conseill\u00e9 de venir dans cette belle ville et particuli\u00e8rement en p\u00e9riode de No\u00ebl !\u00a0\u00bb<\/p>\n<p>Certains finissent par revenir chaque ann\u00e9e. C\u2019est le cas de Nello, venu tout droit d&rsquo;Italie : \u00ab\u00a0Moi, j\u2019adore le Nord, et je retourne \u00e0 Lille chaque ann\u00e9e\u00a0\u00bb, confie-t-il.<\/p>\n<p>Proximit\u00e9 g\u00e9ographique oblige, les touristes les plus nombreux restent les Belges. Bert, arriv\u00e9 de Gand, d\u00e9crit un programme bien r\u00e9gl\u00e9, \u00ab\u00a0On vient pour faire du shopping, bien manger &#8211; je connais de bons restaurants &#8211; et profiter de la ville. Les b\u00e2timents sont tr\u00e8s jolis.\u00a0\u00bb<\/p>\n<p>Une richesse pour la ville de Lille, qui r\u00e9jouit aussi les commer\u00e7ants. Derri\u00e8re sa marmite de vin chaud, Alexandra Engels, commer\u00e7ante du march\u00e9 de No\u00ebl, profite de ce flot cosmopolite : \u00ab\u00a0Le tourisme c\u2019est tr\u00e8s bon pour les affaires. Les gens ach\u00e8tent bien !\u00a0\u00bb<\/p>\n<p><a data-article-figure=\"\" href=\"https:\/\/france3-regions.franceinfo.fr\/image\/d0lE6EXPMWcdGCJC8xhm8G0XiPA\/1920x1080\/regions\/2025\/12\/06\/l-interieur-du-marche-noel-693439ef9352e792381361.jpg\" data-pswp-width=\"1920\" data-pswp-height=\"1080\" target=\"_blank\" rel=\"noopener\"><\/p>\n<p>          <img width=\"600\" height=\"400\" class=\"article-image lazy\" data-src=\"https:\/\/www.europesays.com\/fr\/wp-content\/uploads\/2025\/12\/l-interieur-du-marche-noel-693439ef9352e792381361.jpg\" alt=\"Les commer\u00e7ants du march\u00e9 de No\u00ebl profitent de l'afflux de touristes \u00e9trangers \" fetchpriority=\"high\" as=\"image\"\/><\/p>\n<p>\n            Les commer\u00e7ants du march\u00e9 de No\u00ebl profitent de l&rsquo;afflux de touristes \u00e9trangers<br \/>\n                           \u2022<br \/>\n                                      \u00a9 Antoine Morvan\n                      <\/p>\n<p><\/a><\/p>\n<p>Sur la c\u00e9l\u00e8bre Grand&rsquo;Place, point central des animations de No\u00ebl, c\u2019est la grande roue qui fait tourner les t\u00eates\u2026 Mais cette ann\u00e9e, l\u2019office de tourisme mise sur une autre mani\u00e8re de prendre de la hauteur : un nouvel autobus imp\u00e9rial de quatre m\u00e8tres, pour d\u00e9couvrir la ville tout en mobilit\u00e9. Romain Roguet, directeur de l\u2019office de tourisme m\u00e9tropolitain, observe une hausse nette de la fr\u00e9quentation : \u00ab\u00a0Habituellement, on a 22 % de touristes internationaux. L\u00e0, avec les f\u00eates, on en voit beaucoup plus, dont la moiti\u00e9 de Belges. Sur les 34 000 visiteurs du week-end dernier, un tiers \u00e9tait \u00e9tranger.\u00a0\u00bb<\/p>\n<p><a data-article-figure=\"\" href=\"https:\/\/france3-regions.franceinfo.fr\/image\/zfMtrs68ogEbaPSsaaci0gBdk0s\/1920x1080\/regions\/2025\/12\/06\/bus-imperial-lille-69343a3201333179745495.jpg\" data-pswp-width=\"1920\" data-pswp-height=\"1080\" target=\"_blank\" rel=\"noopener\"><\/p>\n<p>          <img width=\"600\" height=\"400\" class=\"article-image lazy\" data-src=\"https:\/\/www.europesays.com\/fr\/wp-content\/uploads\/2025\/12\/bus-imperial-lille-69343a3201333179745495.jpg\" alt=\"Le nouveau bus \u00e0 imp\u00e9rial dans les rues de Lille \" fetchpriority=\"high\" as=\"image\"\/><\/p>\n<p>\n            Le nouveau bus \u00e0 imp\u00e9rial dans les rues de Lille<br \/>\n                           \u2022<br \/>\n                                      \u00a9 Antoine Morvan\n                      <\/p>\n<p><\/a><\/p>\n<p>Pour ces visiteurs, un \u00ab\u00a0package sp\u00e9cial No\u00ebl\u00a0\u00bb est propos\u00e9 : Visite en bus, tour de grande roue et vin chaud ou chocolat chaud au march\u00e9 de no\u00ebl.\u00a0Et ce n\u2019est pas tout. \u00ab\u00a0Pour ceux qui pr\u00e9f\u00e8rent l\u2019eau, on a aussi des croisi\u00e8res de No\u00ebl, ou un nouveau jeu de piste tr\u00e8s sympa \u00e0 faire avec des ados !\u00a0\u00bb, ajoute Romain Roguet.<\/p>\n<p>Lille est la t\u00eate d&rsquo;affiche, mais aussi une porte d\u2019entr\u00e9e pour attirer les touristes vers d\u2019autres destinations de la m\u00e9tropole. \u00c0 quelques kilom\u00e8tres de l\u00e0, le march\u00e9 de No\u00ebl de Roubaix joue la carte du durable. \u201cNotre objectif est de faire d\u00e9couvrir les richesses de la totalit\u00e9 de la m\u00e9tropole. On commence notre city tour \u00e0 Lille, mais on va l&rsquo;\u00e9tendre dans l\u2019ann\u00e9e \u00e0 Tourcoing, Roubaix et ailleurs, avec des tours th\u00e9matiques\u201d, d\u00e9taille Romain Roguet, bien d\u00e9cid\u00e9 \u00e0 prolonger la magie de No\u00ebl au-del\u00e0 des lumi\u00e8res de la Grand&rsquo;Place de Lille.<\/p>\n<p>\/\/ Avec Thomas Millot et Antoine Morvan<\/p>\n","protected":false},"excerpt":{"rendered":"\u00c0 Lille (Nord), la fin d\u2019ann\u00e9e rime avec affluence touristique. Les visiteurs \u00e9trangers sont nombreux \u00e0 d\u00e9ambuler dans&hellip;\n","protected":false},"author":2,"featured_media":585602,"comment_status":"","ping_status":"","sticky":false,"template":"","format":"standard","meta":{"footnotes":""},"categories":[2815],"tags":[1111,11,1777,674,1011,27,811,1307,12,25],"class_list":{"0":"post-585601","1":"post","2":"type-post","3":"status-publish","4":"format-standard","5":"has-post-thumbnail","7":"category-lille","8":"tag-actu","9":"tag-actualites","10":"tag-eu","11":"tag-europe","12":"tag-fr","13":"tag-france","14":"tag-hauts-de-france","15":"tag-lille","16":"tag-news","17":"tag-republique-francaise"},"share_on_mastodon":{"url":"https:\/\/pubeurope.com\/@fr\/115682126407294292","error":""},"_links":{"self":[{"href":"https:\/\/www.europesays.com\/fr\/wp-json\/wp\/v2\/posts\/585601","targetHints":{"allow":["GET"]}}],"collection":[{"href":"https:\/\/www.europesays.com\/fr\/wp-json\/wp\/v2\/posts"}],"about":[{"href":"https:\/\/www.europesays.com\/fr\/wp-json\/wp\/v2\/types\/post"}],"author":[{"embeddable":true,"href":"https:\/\/www.europesays.com\/fr\/wp-json\/wp\/v2\/users\/2"}],"replies":[{"embeddable":true,"href":"https:\/\/www.europesays.com\/fr\/wp-json\/wp\/v2\/comments?post=585601"}],"version-history":[{"count":0,"href":"https:\/\/www.europesays.com\/fr\/wp-json\/wp\/v2\/posts\/585601\/revisions"}],"wp:featuredmedia":[{"embeddable":true,"href":"https:\/\/www.europesays.com\/fr\/wp-json\/wp\/v2\/media\/585602"}],"wp:attachment":[{"href":"https:\/\/www.europesays.com\/fr\/wp-json\/wp\/v2\/media?parent=585601"}],"wp:term":[{"taxonomy":"category","embeddable":true,"href":"https:\/\/www.europesays.com\/fr\/wp-json\/wp\/v2\/categories?post=585601"},{"taxonomy":"post_tag","embeddable":true,"href":"https:\/\/www.europesays.com\/fr\/wp-json\/wp\/v2\/tags?post=585601"}],"curies":[{"name":"wp","href":"https:\/\/api.w.org\/{rel}","templated":true}]}}