{"id":585603,"date":"2025-12-08T04:45:22","date_gmt":"2025-12-08T04:45:22","guid":{"rendered":"https:\/\/www.europesays.com\/fr\/585603\/"},"modified":"2025-12-08T04:45:22","modified_gmt":"2025-12-08T04:45:22","slug":"cinq-ans-de-prison-ferme-pour-avoir-poignarde-lancien-compagnon-de-sa-petite-amie-cite-de-la-viste-a-marseille","status":"publish","type":"post","link":"https:\/\/www.europesays.com\/fr\/585603\/","title":{"rendered":"Cinq ans de prison ferme pour avoir poignard\u00e9 l&rsquo;ancien compagnon de sa petite amie, cit\u00e9 de la Viste \u00e0 Marseille"},"content":{"rendered":"<p>Sur les cinq plaies d\u00e9nombr\u00e9es sur le corps de sa victime, une accable particuli\u00e8rement Abdou N.\u00a0: une blessure dans le dos, signant un coup port\u00e9 alors que son adversaire tentait de fuir. Une preuve rendant difficile \u00e0 entendre ses explications, consistant \u00e0 dire qu\u2019il avait frapp\u00e9 par peur et pour se d\u00e9fendre.\u00a0\u00ab\u00a0Je vais \u00e9carter tout de suite les deux mots qui flottent dans vos t\u00eates\u00a0: <a href=\"https:\/\/www.laprovence.com\/article\/france-monde\/5470260787349414\/les-forces-armees-pour-la-legitime-defense-pas-pour-la-domination-dit-le-pape\" target=\"_blank\" rel=\"noopener\">l\u00e9gitime d\u00e9fense<\/a>. Ce ne serait pas honn\u00eate intellectuellement, les conditions juridiques ne sont pas r\u00e9unies\u00a0\u00bb, a d\u00e9clar\u00e9 son avocat, Nicolas Chambardon dans sa plaidoirie.<\/p>\n<p>Mais le conseil, avec habilet\u00e9, a d\u00e9crit le contexte de conflit et de violences pr\u00e9existant entre les deux hommes sur fond de ranc\u0153ur amoureuse, arrachant une condamnation \u00e0 cinq ans de prison ferme pour Abdou N., contre les sept ann\u00e9es requises par le parquet.<\/p>\n<p>Contre la peine infiniment sup\u00e9rieure aussi dont il aurait \u00e9cop\u00e9 si cette enqu\u00eate, ouverte pour tentative d\u2019assassinat, n\u2019avait pas \u00e9t\u00e9 requalifi\u00e9e en violences avec arme et renvoy\u00e9e devant le tribunal correctionnel de <a href=\"https:\/\/www.laprovence.com\/bouches-du-rhone\/marseille-13055\" target=\"_blank\" rel=\"noopener\">Marseille<\/a> ce mercredi 4\u00a0d\u00e9cembre.<\/p>\n<p>Une bague confisqu\u00e9e \u00e0 l\u2019origine de l\u2019altercation<\/p>\n<p>Le soir des faits, le 16\u00a0juillet\u00a02022, le drame s\u2019\u00e9tait nou\u00e9 dans <a href=\"https:\/\/www.laprovence.com\/article\/faits-divers-justice\/2112979628664314\/un-homme-interpelle-apres-avoir-ouvert-le-feu-mardi-matin-a-la-viste-dans-le-15e-arrondissement-de-marseille\" target=\"_blank\" rel=\"noopener\">la cit\u00e9 de l<\/a>&#8230;<\/p>\n","protected":false},"excerpt":{"rendered":"Sur les cinq plaies d\u00e9nombr\u00e9es sur le corps de sa victime, une accable particuli\u00e8rement Abdou N.\u00a0: une blessure&hellip;\n","protected":false},"author":2,"featured_media":585604,"comment_status":"","ping_status":"","sticky":false,"template":"","format":"standard","meta":{"footnotes":""},"categories":[2814],"tags":[17,1111,11,1764,6661,3216,1777,674,274,9095,1011,27,884,12,13659,471,806,882,25],"class_list":{"0":"post-585603","1":"post","2":"type-post","3":"status-publish","4":"format-standard","5":"has-post-thumbnail","7":"category-marseille","8":"tag-17","9":"tag-actu","10":"tag-actualites","11":"tag-ans","12":"tag-avoir","13":"tag-cinq","14":"tag-eu","15":"tag-europe","16":"tag-faits-divers-justice","17":"tag-ferme","18":"tag-fr","19":"tag-france","20":"tag-marseille","21":"tag-news","22":"tag-poignarde","23":"tag-pour","24":"tag-prison","25":"tag-provence-alpes-cote-dazur","26":"tag-republique-francaise"},"share_on_mastodon":{"url":"https:\/\/pubeurope.com\/@fr\/115682130282306512","error":""},"_links":{"self":[{"href":"https:\/\/www.europesays.com\/fr\/wp-json\/wp\/v2\/posts\/585603","targetHints":{"allow":["GET"]}}],"collection":[{"href":"https:\/\/www.europesays.com\/fr\/wp-json\/wp\/v2\/posts"}],"about":[{"href":"https:\/\/www.europesays.com\/fr\/wp-json\/wp\/v2\/types\/post"}],"author":[{"embeddable":true,"href":"https:\/\/www.europesays.com\/fr\/wp-json\/wp\/v2\/users\/2"}],"replies":[{"embeddable":true,"href":"https:\/\/www.europesays.com\/fr\/wp-json\/wp\/v2\/comments?post=585603"}],"version-history":[{"count":0,"href":"https:\/\/www.europesays.com\/fr\/wp-json\/wp\/v2\/posts\/585603\/revisions"}],"wp:featuredmedia":[{"embeddable":true,"href":"https:\/\/www.europesays.com\/fr\/wp-json\/wp\/v2\/media\/585604"}],"wp:attachment":[{"href":"https:\/\/www.europesays.com\/fr\/wp-json\/wp\/v2\/media?parent=585603"}],"wp:term":[{"taxonomy":"category","embeddable":true,"href":"https:\/\/www.europesays.com\/fr\/wp-json\/wp\/v2\/categories?post=585603"},{"taxonomy":"post_tag","embeddable":true,"href":"https:\/\/www.europesays.com\/fr\/wp-json\/wp\/v2\/tags?post=585603"}],"curies":[{"name":"wp","href":"https:\/\/api.w.org\/{rel}","templated":true}]}}