{"id":585615,"date":"2025-12-08T04:56:19","date_gmt":"2025-12-08T04:56:19","guid":{"rendered":"https:\/\/www.europesays.com\/fr\/585615\/"},"modified":"2025-12-08T04:56:19","modified_gmt":"2025-12-08T04:56:19","slug":"auxerre-quitte-la-zone-rouge-le-paris-fc-et-le-havre-se-neutralisent","status":"publish","type":"post","link":"https:\/\/www.europesays.com\/fr\/585615\/","title":{"rendered":"Auxerre quitte la zone rouge, le Paris FC et Le Havre se neutralisent"},"content":{"rendered":"<p>\n    Auxerre victorieux du FC Metz quitte sa place de lanterne rouge, match nul entre Le Havre et le Paris FC.<\/p>\n<p class=\"fig-paragraph\">Auxerre, la bonne op\u00e9ration. Face \u00e0 Metz, concurrent direct au maintien, l\u2019AJA a renou\u00e9 avec la victoire (3-1) lors de la\u00a0<a href=\"https:\/\/www.lefigaro.fr\/sports\/football\/ligue-1\/calendrier-resultats\" target=\"_blank\" rel=\"sponsored noopener\" data-gtm-custom-categorie=\"navigation\" data-gtm-custom-action=\"crossclick\" data-gtm-custom-label=\"Contextuel\" data-gtm-event=\"customEventSPE\">15e journ\u00e9e de Ligue 1<\/a>. Les hommes de Christophe Pelissier n\u2019avaient plus gagn\u00e9 depuis le 21 septembre soit neuf matchs sans le moindre suc\u00e9s.\u00a0<a href=\"https:\/\/www.lefigaro.fr\/sports\/football\/ligue-1\/classement\" target=\"_blank\" rel=\"sponsored noopener\" data-gtm-custom-categorie=\"navigation\" data-gtm-custom-action=\"crossclick\" data-gtm-custom-label=\"Contextuel\" data-gtm-event=\"customEventSPE\">Au classement<\/a>, Auxerre quitte la zone rouge et pointe \u00e0 la 16e place, Metz de son c\u00f4t\u00e9 prend la derni\u00e8re place.<\/p>\n<p class=\"fig-paragraph\">Un penalty de Lassine Sinayoko (36e) puis deux belles actions collectives conclues par Oussama El Azzouzi (40e) et K\u00e9vin Danois (89e) ont permis \u00e0 l\u2019AJA de d\u00e9crocher son premier succ\u00e8s depuis le 21 septembre dernier.<\/p>\n<p>                                            <a class=\"fig-a11y-skip\" href=\"#fig-a11y-skip-main-inarticle\" data-module=\"a11y-skip\" data-context=\"was @visible\"><br \/>\n    Passer la publicit\u00e9<br \/>\n<\/a>            <\/p>\n<p class=\"fig-paragraph\">Malgr\u00e9 une r\u00e9duction du score de Gauthier Hein, pass\u00e9 par Auxerre, sur un coup franc direct (45e+1), Metz encaisse un deuxi\u00e8me revers d\u2019affil\u00e9e, avant de recevoir le Paris SG la semaine prochaine.<\/p>\n<p class=\"fig-paragraph\">Le Paris FC et Le Havre ont fait match nul (0-0) au stade Oc\u00e9ane, malgr\u00e9 plusieurs occasions dont un penalty compl\u00e8tement manqu\u00e9 par le Havrais Issa Soumar\u00e9 (77e) et une frappe d\u00e9viss\u00e9e d\u2019Alimami Gory (89e), alors que le milieu parisien \u00e9tait d\u00e9marqu\u00e9 dans la surface.<\/p>\n<p class=\"fig-paragraph\">L\u2019ambitieux PFC, rachet\u00e9 il y a un an par la famille Arnault, n\u2019a enregistr\u00e9 qu\u2019un seul succ\u00e8s sur les 8 derniers matches, et reste dangereusement proche du bas de tableau.<\/p>\n","protected":false},"excerpt":{"rendered":"Auxerre victorieux du FC Metz quitte sa place de lanterne rouge, match nul entre Le Havre et le&hellip;\n","protected":false},"author":2,"featured_media":585616,"comment_status":"","ping_status":"","sticky":false,"template":"","format":"standard","meta":{"footnotes":""},"categories":[1888],"tags":[1111,1928,11,1927,4428,1777,674,8113,1011,27,12,1926,626,1925,25],"class_list":{"0":"post-585615","1":"post","2":"type-post","3":"status-publish","4":"format-standard","5":"has-post-thumbnail","7":"category-paris","8":"tag-actu","9":"tag-actu-paris","10":"tag-actualites","11":"tag-actualites-paris","12":"tag-aj-auxerre","13":"tag-eu","14":"tag-europe","15":"tag-fc-metz","16":"tag-fr","17":"tag-france","18":"tag-news","19":"tag-news-paris","20":"tag-paris","21":"tag-paris-news","22":"tag-republique-francaise"},"share_on_mastodon":{"url":"https:\/\/pubeurope.com\/@fr\/115682173596894811","error":""},"_links":{"self":[{"href":"https:\/\/www.europesays.com\/fr\/wp-json\/wp\/v2\/posts\/585615","targetHints":{"allow":["GET"]}}],"collection":[{"href":"https:\/\/www.europesays.com\/fr\/wp-json\/wp\/v2\/posts"}],"about":[{"href":"https:\/\/www.europesays.com\/fr\/wp-json\/wp\/v2\/types\/post"}],"author":[{"embeddable":true,"href":"https:\/\/www.europesays.com\/fr\/wp-json\/wp\/v2\/users\/2"}],"replies":[{"embeddable":true,"href":"https:\/\/www.europesays.com\/fr\/wp-json\/wp\/v2\/comments?post=585615"}],"version-history":[{"count":0,"href":"https:\/\/www.europesays.com\/fr\/wp-json\/wp\/v2\/posts\/585615\/revisions"}],"wp:featuredmedia":[{"embeddable":true,"href":"https:\/\/www.europesays.com\/fr\/wp-json\/wp\/v2\/media\/585616"}],"wp:attachment":[{"href":"https:\/\/www.europesays.com\/fr\/wp-json\/wp\/v2\/media?parent=585615"}],"wp:term":[{"taxonomy":"category","embeddable":true,"href":"https:\/\/www.europesays.com\/fr\/wp-json\/wp\/v2\/categories?post=585615"},{"taxonomy":"post_tag","embeddable":true,"href":"https:\/\/www.europesays.com\/fr\/wp-json\/wp\/v2\/tags?post=585615"}],"curies":[{"name":"wp","href":"https:\/\/api.w.org\/{rel}","templated":true}]}}