{"id":585617,"date":"2025-12-08T04:57:28","date_gmt":"2025-12-08T04:57:28","guid":{"rendered":"https:\/\/www.europesays.com\/fr\/585617\/"},"modified":"2025-12-08T04:57:28","modified_gmt":"2025-12-08T04:57:28","slug":"un-agriculteur-retraite-de-la-manche-participe-a-la-ceremonie-de-ravivage-de-la-flamme-a-larc-de-triomphe","status":"publish","type":"post","link":"https:\/\/www.europesays.com\/fr\/585617\/","title":{"rendered":"Un agriculteur retrait\u00e9 de la Manche participe \u00e0 la c\u00e9r\u00e9monie de ravivage de la flamme \u00e0 l\u2019Arc de Triomphe"},"content":{"rendered":"<p>                    Par<br \/>\n        <strong><br \/>\n            <a href=\"https:\/\/actu.fr\/auteur\/jp-massieu\" title=\"Consulter tous les articles de Jean-Philippe Massieu\" target=\"_blank\" rel=\"noopener\">Jean-Philippe Massieu<\/a><br \/>\n                    <\/strong><\/p>\n<p>        Publi\u00e9 le<\/p>\n<p>            7 d\u00e9c. 2025 \u00e0 18h14        <\/p>\n<p>La flamme de la <b>tombe du soldat inconnu<\/b>, sous l\u2019<b>Arc de Triomphe<\/b>, \u00e0 <a href=\"https:\/\/actu.fr\/paris\/\" target=\"_blank\" rel=\"noopener\">Paris<\/a>, est <b>raviv\u00e9e chaque jour<\/b>, \u00e0 18\u2009h\u200930. Ce sont <b>diverses associations<\/b> qui sont appel\u00e9es \u00e0 cette <b>c\u00e9r\u00e9monie<\/b>, \u00e0 tour de r\u00f4le.<\/p>\n<p>L\u2019Amoma \u00e0 l\u2019honneur<\/p>\n<p class=\" wall-content\">L\u2019<a href=\"https:\/\/www.amoma.fr\/\" target=\"_blank\" rel=\"noopener\">Amoma (association des membres dans l\u2019ordre du m\u00e9rite agricole)<\/a> fait partie de ces associations. La section de la <a href=\"https:\/\/actu.fr\/normandie\/manche_50\" target=\"_blank\" rel=\"noopener\">Manche <\/a>fait le d\u00e9placement environ une fois par an, explique Guy Tesni\u00e8re, <b>pr\u00e9sident <\/b>manchois rencontr\u00e9 il y a quelques jours lors de c\u00e9r\u00e9monie de <b>remise de m\u00e9daille du m\u00e9rite agricole<\/b> \u00e0 notre cons\u0153ur Sandrine Bossi\u00e8re.<\/p>\n<p class=\" wall-content\">Ainsi, le <b>porte-drapeau actuel <\/b>de l\u2019Amoma Manche, Eric Lecler, <b>agriculteur retrait\u00e9 <\/b>et<b> ancien \u00e9lu<\/b> de la Chambre d\u2019agriculture, \u00e9tait le <b>mardi 25\u00a0novembre 2025<\/b> place de l\u2019\u00c9toile, \u00e0 Paris, en compagnie de deux porte-drapeaux de l\u2019Amoma d\u2019\u00cele-de-France et du pr\u00e9sident national Louis Orenga de Gaffory.<\/p>\n<p class=\" wall-content\">Personnalisez votre actualit\u00e9 en ajoutant vos villes et m\u00e9dias en favori avec <a href=\"https:\/\/moncompte.actu.fr\" title=\"D\u00e9couvez Mon Actu\" rel=\"nofollow noopener\" data-trk=\"{&quot;cta&quot;:{&quot;action&quot;:&quot;https:\\\/\\\/moncompte.actu.fr&quot;,&quot;category&quot;:&quot;mon compte&quot;,&quot;from&quot;:&quot;article footer&quot;,&quot;name&quot;:&quot;Mon actu&quot;,&quot;type&quot;:&quot;cta&quot;}}\" target=\"_blank\">Mon Actu<\/a>.<\/p>\n","protected":false},"excerpt":{"rendered":"Par Jean-Philippe Massieu Publi\u00e9 le 7 d\u00e9c. 2025 \u00e0 18h14 La flamme de la tombe du soldat inconnu,&hellip;\n","protected":false},"author":2,"featured_media":585618,"comment_status":"","ping_status":"","sticky":false,"template":"","format":"standard","meta":{"footnotes":""},"categories":[1888],"tags":[11,17864,1777,674,1011,27,12,626,25,104],"class_list":{"0":"post-585617","1":"post","2":"type-post","3":"status-publish","4":"format-standard","5":"has-post-thumbnail","7":"category-paris","8":"tag-actualites","9":"tag-arc-de-triomphe","10":"tag-eu","11":"tag-europe","12":"tag-fr","13":"tag-france","14":"tag-news","15":"tag-paris","16":"tag-republique-francaise","17":"tag-societe"},"share_on_mastodon":{"url":"https:\/\/pubeurope.com\/@fr\/115682177404488885","error":""},"_links":{"self":[{"href":"https:\/\/www.europesays.com\/fr\/wp-json\/wp\/v2\/posts\/585617","targetHints":{"allow":["GET"]}}],"collection":[{"href":"https:\/\/www.europesays.com\/fr\/wp-json\/wp\/v2\/posts"}],"about":[{"href":"https:\/\/www.europesays.com\/fr\/wp-json\/wp\/v2\/types\/post"}],"author":[{"embeddable":true,"href":"https:\/\/www.europesays.com\/fr\/wp-json\/wp\/v2\/users\/2"}],"replies":[{"embeddable":true,"href":"https:\/\/www.europesays.com\/fr\/wp-json\/wp\/v2\/comments?post=585617"}],"version-history":[{"count":0,"href":"https:\/\/www.europesays.com\/fr\/wp-json\/wp\/v2\/posts\/585617\/revisions"}],"wp:featuredmedia":[{"embeddable":true,"href":"https:\/\/www.europesays.com\/fr\/wp-json\/wp\/v2\/media\/585618"}],"wp:attachment":[{"href":"https:\/\/www.europesays.com\/fr\/wp-json\/wp\/v2\/media?parent=585617"}],"wp:term":[{"taxonomy":"category","embeddable":true,"href":"https:\/\/www.europesays.com\/fr\/wp-json\/wp\/v2\/categories?post=585617"},{"taxonomy":"post_tag","embeddable":true,"href":"https:\/\/www.europesays.com\/fr\/wp-json\/wp\/v2\/tags?post=585617"}],"curies":[{"name":"wp","href":"https:\/\/api.w.org\/{rel}","templated":true}]}}