{"id":585625,"date":"2025-12-08T05:02:11","date_gmt":"2025-12-08T05:02:11","guid":{"rendered":"https:\/\/www.europesays.com\/fr\/585625\/"},"modified":"2025-12-08T05:02:11","modified_gmt":"2025-12-08T05:02:11","slug":"la-prochaine-fois-fini-detre-m-gentil-trump-amnistie-un-elu-democrate-accuse-de-corruption-puis-le-regrette","status":"publish","type":"post","link":"https:\/\/www.europesays.com\/fr\/585625\/","title":{"rendered":"\u00ab\u00a0La prochaine fois, fini d\u2019\u00eatre M. Gentil\u00a0\u00bb\u00a0: Trump amnistie un \u00e9lu d\u00e9mocrate accus\u00e9 de corruption, puis le regrette"},"content":{"rendered":"<p class=\"paragraph text_align_left lp-f-body-02\"><a href=\"https:\/\/www.leparisien.fr\/international\/etats-unis\/donald-trump\/\" target=\"_blank\" rel=\"noreferrer noopener\">Donald Trump<\/a> adore la loyaut\u00e9. Et d\u00e9teste qu\u2019on lui soit infid\u00e8le. Le pr\u00e9sident des <a href=\"https:\/\/www.leparisien.fr\/international\/etats-unis\/\" target=\"_blank\" rel=\"noreferrer noopener\">\u00c9tats-Unis<\/a> a enrag\u00e9, ce dimanche, de voir qu\u2019un \u00e9lu qu\u2019il venait tout juste d\u2019amnistier avait d\u00e9cid\u00e9 de rester fid\u00e8le au parti d\u00e9mocrate, auquel il appartient depuis toujours.<\/p>\n<p class=\"paragraph text_align_left lp-f-body-02\">Cet \u00e9lu, c\u2019est <a href=\"https:\/\/www.leparisien.fr\/international\/etats-unis\/je-ne-vous-connais-pas-mais-vous-pouvez-dormir-tranquille-donald-trump-gracie-un-parlementaire-democrate-sa-femme-et-un-pdg-05-12-2025-CNOLHMSQVRAHVOUZNFBVITXMVQ.php\" target=\"_blank\" rel=\"noreferrer noopener\">Henry Cuellar.<\/a> Mercredi, ce repr\u00e9sentant (d\u00e9put\u00e9) du Texas a b\u00e9n\u00e9fici\u00e9 d\u2019une gr\u00e2ce sign\u00e9e par Donald Trump. Il \u00e9tait accus\u00e9 de corruption et de blanchiment d\u2019argent en relation avec une banque mexicaine et une entreprise publique d\u2019hydrocarbures d\u2019Azerba\u00efdjan. \u00ab Henry, je ne vous connais pas, mais vous pouvez dormir tranquille ce soir, votre cauchemar est enfin termin\u00e9 ! \u00bb, avait post\u00e9 Trump sur son r\u00e9seau social Truth.<\/p>\n<p class=\"paragraph text_align_left lp-f-body-02\">\u00c9lu du Texas \u00e0 la Chambre des repr\u00e9sentants, Henry Cuellar avait accept\u00e9, selon la justice am\u00e9ricaine, quelque 600 000 dollars de pots-de-vin pour d\u00e9fendre les int\u00e9r\u00eats d\u2019une banque mexicaine et d\u2019une soci\u00e9t\u00e9 publique azerba\u00efdjanaise entre 2014 et 2021. Son proc\u00e8s devait d\u00e9buter en avril 2026. Mais Donald Trump m\u00e8ne des affaires en Azerba\u00efdjan, avec ses proches et sa famille, et depuis son retour \u00e0 la Maison Blanche il est apparu clair que les gains particuliers comptaient plus, pour lui, que l\u2019int\u00e9r\u00eat g\u00e9n\u00e9ral.<\/p>\n<p>Trump : \u00ab Quel manque de loyaut\u00e9 ! \u00bb<\/p>\n<p class=\"paragraph text_align_left lp-f-body-02\">Donald Trump s\u2019attendait-il \u00e0 un renvoi d\u2019ascenseur de la part de cet \u00e9lu d\u00e9mocrate qui semblait \u00eatre devenu un paria dans son propre parti ? Il n\u2019en a rien \u00e9t\u00e9 : Henry Cuellar a annonc\u00e9 se pr\u00e9senter aux prochaines \u00e9lections sous l\u2019\u00e9tiquette de ce m\u00eame parti d\u00e9mocrate\u2026 d\u00e9clenchant le courroux du locataire de la Maison Blanche.<\/p>\n<blockquote class=\"twitter-tweet\">\n<p lang=\"en\" dir=\"ltr\">Q: \u00ab\u00a0Do you believe that you were indicted for your criticism of Biden&rsquo;s open border?\u00a0\u00bb<\/p>\n<p>Democratic Rep. Henry Cuellar, who was indicted for allegedly taking nearly $600,000 in bribes from Azerbaijan and a Mexican bank: \u00ab\u00a0Absolutely\u2026I was weaponized. They used the [DOJ] to come\u2026 <a href=\"https:\/\/t.co\/u7Q0iHvGCc\">pic.twitter.com\/u7Q0iHvGCc<\/a><\/p>\n<p>\u2014 The Bulwark (@BulwarkOnline) <a href=\"https:\/\/twitter.com\/BulwarkOnline\/status\/1997692626267447334?ref_src=twsrc%5Etfw\" target=\"_blank\" rel=\"noopener\">December 7, 2025<\/a><\/p><\/blockquote>\n<p class=\"paragraph text_align_left lp-f-body-02\">\u00ab Juste quelques instants apr\u00e8s mon amnistie, le d\u00e9put\u00e9 Henry Cuellar a annonc\u00e9 qu\u2019il se pr\u00e9senterait \u00e0 une \u00e9lection pour le Congr\u00e8s dans le Texas en tant que d\u00e9mocrate, en continuant de travailler avec les m\u00eames ordures d\u2019extr\u00eame-gauche (\u2026). Quel manque de loyaut\u00e9 ! Quelque chose que les \u00e9lecteurs du Texas n\u2019appr\u00e9cieront pas. Oh, et aussi, la prochaine fois, fini d\u2019\u00eatre M. Gentil ! \u00bb<\/p>\n<p class=\"paragraph text_align_left lp-f-body-02\">Rien n\u2019est jamais vraiment gratuit ni innocent avec Donald Trump. Son amnistie n\u2019\u00e9tait donc pas sans arri\u00e8re-pens\u00e9e, et le pr\u00e9sident am\u00e9ricain esp\u00e9rait que Henry Cuellar agisse de la m\u00eame mani\u00e8re qu\u2019Eric Adams, le maire de New York, qui avait d\u00e9cid\u00e9 de s\u2019\u00e9loigner du parti d\u00e9mocrate apr\u00e8s des poursuites f\u00e9d\u00e9rales \u00e0 son encontre durant l\u2019administration Biden. Accusant sans avancer aucun \u00e9l\u00e9ment probant d\u2019une collusion entre le pouvoir en place \u00e0 la Maison Blanche et les d\u00e9cisions des juges f\u00e9d\u00e9raux.<\/p>\n<p><script async src=\"https:\/\/platform.twitter.com\/widgets.js\" charset=\"utf-8\"><\/script><\/p>\n","protected":false},"excerpt":{"rendered":"Donald Trump adore la loyaut\u00e9. Et d\u00e9teste qu\u2019on lui soit infid\u00e8le. Le pr\u00e9sident des \u00c9tats-Unis a enrag\u00e9, ce&hellip;\n","protected":false},"author":2,"featured_media":585626,"comment_status":"","ping_status":"","sticky":false,"template":"","format":"standard","meta":{"footnotes":""},"categories":[1589],"tags":[11,73,1866,14,12,1864,1865,1863,308],"class_list":{"0":"post-585625","1":"post","2":"type-post","3":"status-publish","4":"format-standard","5":"has-post-thumbnail","7":"category-etats-unis","8":"tag-actualites","9":"tag-etats-unis","10":"tag-etats-unis-damerique","11":"tag-international","12":"tag-news","13":"tag-united-states","14":"tag-united-states-of-america","15":"tag-us","16":"tag-usa"},"share_on_mastodon":{"url":"https:\/\/pubeurope.com\/@fr\/115682197144347287","error":""},"_links":{"self":[{"href":"https:\/\/www.europesays.com\/fr\/wp-json\/wp\/v2\/posts\/585625","targetHints":{"allow":["GET"]}}],"collection":[{"href":"https:\/\/www.europesays.com\/fr\/wp-json\/wp\/v2\/posts"}],"about":[{"href":"https:\/\/www.europesays.com\/fr\/wp-json\/wp\/v2\/types\/post"}],"author":[{"embeddable":true,"href":"https:\/\/www.europesays.com\/fr\/wp-json\/wp\/v2\/users\/2"}],"replies":[{"embeddable":true,"href":"https:\/\/www.europesays.com\/fr\/wp-json\/wp\/v2\/comments?post=585625"}],"version-history":[{"count":0,"href":"https:\/\/www.europesays.com\/fr\/wp-json\/wp\/v2\/posts\/585625\/revisions"}],"wp:featuredmedia":[{"embeddable":true,"href":"https:\/\/www.europesays.com\/fr\/wp-json\/wp\/v2\/media\/585626"}],"wp:attachment":[{"href":"https:\/\/www.europesays.com\/fr\/wp-json\/wp\/v2\/media?parent=585625"}],"wp:term":[{"taxonomy":"category","embeddable":true,"href":"https:\/\/www.europesays.com\/fr\/wp-json\/wp\/v2\/categories?post=585625"},{"taxonomy":"post_tag","embeddable":true,"href":"https:\/\/www.europesays.com\/fr\/wp-json\/wp\/v2\/tags?post=585625"}],"curies":[{"name":"wp","href":"https:\/\/api.w.org\/{rel}","templated":true}]}}