{"id":585629,"date":"2025-12-08T05:04:52","date_gmt":"2025-12-08T05:04:52","guid":{"rendered":"https:\/\/www.europesays.com\/fr\/585629\/"},"modified":"2025-12-08T05:04:52","modified_gmt":"2025-12-08T05:04:52","slug":"vers-des-delais-dappels-doffres-raccourcis-en-allemagne","status":"publish","type":"post","link":"https:\/\/www.europesays.com\/fr\/585629\/","title":{"rendered":"Vers des d\u00e9lais d&rsquo;appels d&rsquo;offres raccourcis en Allemagne"},"content":{"rendered":"<p>\n        Le chancelier Friedrich Merz mise sur simplification administrative pour relancer une \u00e9conomie en crise. Pour y parvenir, il compte notamment raccourcir les d\u00e9lais d&rsquo;appels d&rsquo;offres et reconnaitre les qualifications professionnelles acquises \u00e0 l&rsquo;\u00e9tranger.\n    <\/p>\n<p>Un \u00ab agenda f\u00e9d\u00e9ral de modernisation \u00bb bient\u00f4t appliqu\u00e9 en Allemagne ? C&rsquo;est en tout cas le souhait du\u00a0chancelier allemand <strong>Friedrich Merz<\/strong>. Il a annonc\u00e9 jeudi plus de 200 mesures de simplification administrative.\u00a0Ce plan vise en particulier la r\u00e9duction du poids de la bureaucratie, jug\u00e9e en partie responsable du marasme \u00e9conomique du pays, notamment dans\u00a0l&rsquo;\u00e9tat civil,\u00a0les\u00a0imp\u00f4ts et\u00a0la construction.<\/p>\n<p>Courant novembre, le gouvernement de M. Merz avait d\u00e9j\u00e0 adopt\u00e9 une s\u00e9rie de mesures pens\u00e9es pour lutter contre la bureaucratie. Cette fois, les <strong>200 mesures visent un all\u00e8gement de 25 % de ses co\u00fbts<\/strong> selon le minist\u00e8re du Travail et des Affaires sociales.\u00a0<\/p>\n<p>Le raccourcissement des d\u00e9lais d&rsquo;appels d&rsquo;offre gr\u00e2ce \u00e0 l&rsquo;IA<\/p>\n<p>\u00a0<\/p>\n<p>Concr\u00e8tement, dans le secteur du BTP, dans certains cas, \u00ab il ne sera plus n\u00e9cessaire de d\u00e9poser une demande d&rsquo;autorisation, mais seulement une d\u00e9claration \u00bb, a-t-il annonc\u00e9. Pour moderniser des infrastructures mises \u00e0 mal par des ann\u00e9es de sous-investissement, l&rsquo;\u00c9tat s&rsquo;engage \u00e0 <strong>raccourcir les d\u00e9lais d&rsquo;appel d&rsquo;offre<\/strong>. Afin d&rsquo;y parvenir, il aura recours \u00e0\u00a0l&rsquo;intelligence artificielle.<\/p>\n<p>Certaines d\u00e9cisions administratives \u00ab seront consid\u00e9r\u00e9es comme accord\u00e9es si elles ne sont pas rendues dans un d\u00e9lai de trois mois \u00bb\u00a0et les demandes de justificatifs \u00ab seront r\u00e9duites \u00bb, indique le minist\u00e8re.\u00a0<\/p>\n<p>Enfin, le chancelier allemand a promis de faciliter \u00ab la reconnaissance des qualifications professionnelles acquises \u00e0 l&rsquo;\u00e9tranger \u00bb. L&rsquo;id\u00e9e \u00e9tant de simplifier l&#8217;embauche alors que <a href=\"https:\/\/www.batiweb.com\/actualites\/immobilier\/la-crise-du-logement-neuf-n-epargne-pas-l-allemagne-43538\" target=\"_blank\" rel=\"nofollow noopener\">l&rsquo;Institut allemand d&rsquo;\u00e9tudes \u00e9conomiques (DIW)<\/a> a chiffr\u00e9 le <strong>besoin de <a href=\"http:\/\/www.batiweb.com\/actualites\/emploi\/recruter-dans-le-btp-double-defi-pour-les-entreprises-du-grand-est-46915\" target=\"_blank\" rel=\"nofollow noopener\">main d&rsquo;oeuvre<\/a> immigr\u00e9e \u00e0 au moins 1,6 million d&rsquo;ici 2029<\/strong>.<\/p>\n<p>Mardi 2 d\u00e9cembre, la premi\u00e8re f\u00e9d\u00e9ration industrielle du pays a affirm\u00e9 que l&rsquo;\u00e9conomie allemande traversait \u00ab sa crise la plus profonde \u00bb\u00a0de l&rsquo;apr\u00e8s-guerre, reprochant au gouvernement son inaction malgr\u00e9 une quatri\u00e8me ann\u00e9e cons\u00e9cutive de production industrielle en chute.<\/p>\n<p>Par Rapha\u00ebl Barrou<\/p>\n","protected":false},"excerpt":{"rendered":"Le chancelier Friedrich Merz mise sur simplification administrative pour relancer une \u00e9conomie en crise. Pour y parvenir, il&hellip;\n","protected":false},"author":2,"featured_media":585630,"comment_status":"","ping_status":"","sticky":false,"template":"","format":"standard","meta":{"footnotes":""},"categories":[1587],"tags":[11,672,69915,1804,69914,13348,69916,1805,1803,1777,674,4710,1801,223,12,1802],"class_list":{"0":"post-585629","1":"post","2":"type-post","3":"status-publish","4":"format-standard","5":"has-post-thumbnail","7":"category-allemagne","8":"tag-actualites","9":"tag-allemagne","10":"tag-appel-doffre","11":"tag-bundesrepublik-deutschland","12":"tag-bureaucratie","13":"tag-chancelier","14":"tag-crise-de-leconomie-allemande","15":"tag-de","16":"tag-deutschland","17":"tag-eu","18":"tag-europe","19":"tag-friedrich-merz","20":"tag-germany","21":"tag-intelligence-artificielle","22":"tag-news","23":"tag-republique-federale-dallemagne"},"share_on_mastodon":{"url":"https:\/\/pubeurope.com\/@fr\/115682208862851597","error":""},"_links":{"self":[{"href":"https:\/\/www.europesays.com\/fr\/wp-json\/wp\/v2\/posts\/585629","targetHints":{"allow":["GET"]}}],"collection":[{"href":"https:\/\/www.europesays.com\/fr\/wp-json\/wp\/v2\/posts"}],"about":[{"href":"https:\/\/www.europesays.com\/fr\/wp-json\/wp\/v2\/types\/post"}],"author":[{"embeddable":true,"href":"https:\/\/www.europesays.com\/fr\/wp-json\/wp\/v2\/users\/2"}],"replies":[{"embeddable":true,"href":"https:\/\/www.europesays.com\/fr\/wp-json\/wp\/v2\/comments?post=585629"}],"version-history":[{"count":0,"href":"https:\/\/www.europesays.com\/fr\/wp-json\/wp\/v2\/posts\/585629\/revisions"}],"wp:featuredmedia":[{"embeddable":true,"href":"https:\/\/www.europesays.com\/fr\/wp-json\/wp\/v2\/media\/585630"}],"wp:attachment":[{"href":"https:\/\/www.europesays.com\/fr\/wp-json\/wp\/v2\/media?parent=585629"}],"wp:term":[{"taxonomy":"category","embeddable":true,"href":"https:\/\/www.europesays.com\/fr\/wp-json\/wp\/v2\/categories?post=585629"},{"taxonomy":"post_tag","embeddable":true,"href":"https:\/\/www.europesays.com\/fr\/wp-json\/wp\/v2\/tags?post=585629"}],"curies":[{"name":"wp","href":"https:\/\/api.w.org\/{rel}","templated":true}]}}