{"id":585633,"date":"2025-12-08T05:07:11","date_gmt":"2025-12-08T05:07:11","guid":{"rendered":"https:\/\/www.europesays.com\/fr\/585633\/"},"modified":"2025-12-08T05:07:11","modified_gmt":"2025-12-08T05:07:11","slug":"pression-de-lextreme-droite-france-sceptique-ce-que-lue-prepare-sur-limmigration","status":"publish","type":"post","link":"https:\/\/www.europesays.com\/fr\/585633\/","title":{"rendered":"Pression de l\u2019extr\u00eame droite, France sceptique\u2026 Ce que l\u2019UE pr\u00e9pare sur l\u2019immigration"},"content":{"rendered":"<p>L\u2019Union europ\u00e9enne s\u2019appr\u00eate ce lundi \u00e0 durcir sa politique migratoire. Sous pression de la droite et de l\u2019extr\u00eame droite, les 27 se r\u00e9unissent \u00e0 Bruxelles <a href=\"https:\/\/www.20minutes.fr\/monde\/4184155-20251107-immigration-europeens-divisent-repartition-30-000-demandeurs-asile\" target=\"_blank\" class=\"c-link c-link--is-underlined\" rel=\"noopener\">sur ce dossier sensible et sujet \u00e0 pol\u00e9mique<\/a>.<\/p>\n<p>Les ministres de l\u2019Int\u00e9rieur des Etats membres de l\u2019UE vont se prononcer pour la premi\u00e8re fois sur trois textes pr\u00e9sent\u00e9s cette ann\u00e9e par la Commission europ\u00e9enne afin d\u2019encadrer plus strictement les arriv\u00e9es et les renvois de migrants. 20 Minutes fait donc le point pour vous sur ce tour de vis annonc\u00e9.<\/p>\n<p>Que pourraient permettre ces textes\u00a0?<\/p>\n<p>Les textes discut\u00e9s ce lundi doivent permettre d\u2019ouvrir des centres en dehors des fronti\u00e8res de l\u2019UE pour y envoyer les migrants dont la demande d\u2019asile aurait \u00e9t\u00e9 rejet\u00e9e, les \u00ab\u00a0hubs de retours\u00a0\u00bb. Ils pourront aussi permettre de sanctionner plus durement les migrants qui refusent de quitter le territoire europ\u00e9en, via des p\u00e9riodes de d\u00e9tention plus longues, et de renvoyer des migrants vers des pays dont ils ne sont pas originaires mais que l\u2019Europe consid\u00e8re comme \u00ab\u00a0s\u00fbrs\u00a0\u00bb.<\/p>\n<\/p>\n<p>Pourquoi ce tour de vis migratoire\u00a0?<\/p>\n<p>La baisse des arriv\u00e9es \u2013 environ 20\u00a0% d\u2019entr\u00e9es irr\u00e9guli\u00e8res en moins par rapport \u00e0 l\u2019an dernier \u2013 n\u2019a pas fait retomber la pression sur les responsables politiques du Vieux continent. Bien au contraire. \u00ab\u00a0Il faut que nous avancions afin de donner aux citoyens le sentiment que nous ma\u00eetrisons la situation\u00a0\u00bb, a martel\u00e9 jeudi le commissaire europ\u00e9en Magnus Brunner, architecte de ce durcissement.<\/p>\n<p>Quelles sont les positions vis-\u00e0-vis de ces mesures\u00a0?<\/p>\n<p>Ces textes font bondir la gauche et les associations de protection de migrants. Elles d\u00e9noncent des mesures violant les droits humains. \u00ab\u00a0Au lieu d\u2019investir dans la s\u00e9curit\u00e9, la protection et l\u2019inclusion, l\u2019UE choisit des politiques <a href=\"https:\/\/www.20minutes.fr\/monde\/4186777-20251120-migrants-idee-utiliser-filets-entraver-bateaux-eaux-francaises-inquiete\" target=\"_blank\" class=\"c-link c-link--is-underlined\" rel=\"noopener\">qui plongeront davantage de personnes dans le danger<\/a> et l\u2019ins\u00e9curit\u00e9 juridique\u00a0\u00bb, alerte Silvia Carta de PICUM, une ONG de protection des sans-papiers.<\/p>\n<p>Sous l\u2019impulsion du Danemark, qui assure la pr\u00e9sidence tournante de l\u2019Union europ\u00e9enne et d\u00e9fend de longue date ce durcissement migratoire, les Etats membres avancent au pas de charge dans leur examen des mesures. \u00ab\u00a0Nous progressons tr\u00e8s vite\u00a0\u00bb, assure un diplomate europ\u00e9en, estimant qu\u2019il existe une \u00ab\u00a0volont\u00e9 politique largement partag\u00e9e\u00a0\u00bb parmi les Vingt-Sept pour valider ces propositions.<\/p>\n<p>Parmi les rares sceptiques\u00a0: la France, qui s\u2019interroge sur la l\u00e9galit\u00e9 et l\u2019efficacit\u00e9 de certaines de ces mesures, et l\u2019Espagne, pas convaincue par les \u00ab\u00a0hubs de retour\u00a0\u00bb, d\u00e9j\u00e0 exp\u00e9riment\u00e9s par plusieurs pays mais sans r\u00e9el succ\u00e8s.<\/p>\n<p>Ces mesures b\u00e9n\u00e9ficient par contre du net soutien de la droite et de l\u2019extr\u00eame droite qui se sont alli\u00e9es au Parlement europ\u00e9en la semaine derni\u00e8re pour leur accorder de premiers feux verts. L\u00e0 encore, l\u2019id\u00e9e est d\u2019avancer vite, de nombreux eurod\u00e9put\u00e9s et dirigeants plaidant pour leur adoption finale en d\u00e9but d\u2019ann\u00e9e prochaine.<\/p>\n<p>Qui accueillera les demandeurs d\u2019asile\u00a0?<\/p>\n<p>Des discussions extr\u00eamement p\u00e9rilleuses sont par ailleurs pr\u00e9vues ce lundi sur un nouveau syst\u00e8me de r\u00e9partition des demandeurs d\u2019asile en Europe. Afin de soulager les pays se situant le long des routes migratoires, comme la Gr\u00e8ce et l\u2019Italie, l\u2019UE exigera bient\u00f4t que les autres Etats membres relocalisent des demandeurs d\u2019asile sur leur sol ou versent, \u00e0 d\u00e9faut, une contribution financi\u00e8re de 20.000 euros par demandeur d\u2019asile aux pays sous pression. Les pays de l\u2019UE n\u00e9gocient depuis plusieurs semaines sur comment mettre en place ce syst\u00e8me.<\/p>\n<p>Mais les tractations ont d\u00e9j\u00e0 connu de nombreux remous\u00a0: dans le contexte politique actuel, quels pays seraient pr\u00eats \u00e0 accepter les demandeurs d\u2019asile d\u2019un autre\u00a0? Plusieurs pays, dont la Belgique, la Su\u00e8de ou l\u2019Autriche sont d\u00e9j\u00e0 sortis du bois en annon\u00e7ant qu\u2019ils n\u2019accepteront pas les demandeurs d\u2019asile d\u2019autres Etats membres.<\/p>\n<p><a href=\"https:\/\/www.20minutes.fr\/dossier\/ue\" target=\"_blank\" class=\"c-link c-btn c-btn--primary\" rel=\"noopener\">Notre dossier sur l&rsquo;Union europ\u00e9enne<\/a><\/p>\n<p>\u00ab\u00a0Il y a peu de ministres de l\u2019Int\u00e9rieur qui vont vouloir venir devant la presse et dire \u00ab\u00a0O.K. j\u2019en ai pris 3.000&Prime;\u00a0\u00bb, pr\u00e9dit un responsable europ\u00e9en, s\u2019exprimant sous couvert d\u2019anonymat. Une d\u00e9cision finale sur la r\u00e9partition de plusieurs milliers de demandeurs d\u2019asile est malgr\u00e9 tout requise d\u2019ici la fin de l\u2019ann\u00e9e.<\/p>\n","protected":false},"excerpt":{"rendered":"L\u2019Union europ\u00e9enne s\u2019appr\u00eate ce lundi \u00e0 durcir sa politique migratoire. Sous pression de la droite et de l\u2019extr\u00eame&hellip;\n","protected":false},"author":2,"featured_media":585634,"comment_status":"","ping_status":"","sticky":false,"template":"","format":"standard","meta":{"footnotes":""},"categories":[1586],"tags":[47,11,10443,4625,1777,674,1779,1011,27,1061,6734,1251,74,12,25,1778,364,555,133],"class_list":{"0":"post-585633","1":"post","2":"type-post","3":"status-publish","4":"format-standard","5":"has-post-thumbnail","7":"category-europe","8":"tag-actualite","9":"tag-actualites","10":"tag-asile","11":"tag-droits-humains","12":"tag-eu","13":"tag-europe","14":"tag-european-union","15":"tag-fr","16":"tag-france","17":"tag-immigration","18":"tag-immigration-clandestine","19":"tag-migrants","20":"tag-monde","21":"tag-news","22":"tag-republique-francaise","23":"tag-ue","24":"tag-union-europeenne","25":"tag-union-europeenne-ue","26":"tag-video"},"share_on_mastodon":{"url":"https:\/\/pubeurope.com\/@fr\/115682216764628631","error":""},"_links":{"self":[{"href":"https:\/\/www.europesays.com\/fr\/wp-json\/wp\/v2\/posts\/585633","targetHints":{"allow":["GET"]}}],"collection":[{"href":"https:\/\/www.europesays.com\/fr\/wp-json\/wp\/v2\/posts"}],"about":[{"href":"https:\/\/www.europesays.com\/fr\/wp-json\/wp\/v2\/types\/post"}],"author":[{"embeddable":true,"href":"https:\/\/www.europesays.com\/fr\/wp-json\/wp\/v2\/users\/2"}],"replies":[{"embeddable":true,"href":"https:\/\/www.europesays.com\/fr\/wp-json\/wp\/v2\/comments?post=585633"}],"version-history":[{"count":0,"href":"https:\/\/www.europesays.com\/fr\/wp-json\/wp\/v2\/posts\/585633\/revisions"}],"wp:featuredmedia":[{"embeddable":true,"href":"https:\/\/www.europesays.com\/fr\/wp-json\/wp\/v2\/media\/585634"}],"wp:attachment":[{"href":"https:\/\/www.europesays.com\/fr\/wp-json\/wp\/v2\/media?parent=585633"}],"wp:term":[{"taxonomy":"category","embeddable":true,"href":"https:\/\/www.europesays.com\/fr\/wp-json\/wp\/v2\/categories?post=585633"},{"taxonomy":"post_tag","embeddable":true,"href":"https:\/\/www.europesays.com\/fr\/wp-json\/wp\/v2\/tags?post=585633"}],"curies":[{"name":"wp","href":"https:\/\/api.w.org\/{rel}","templated":true}]}}