{"id":585635,"date":"2025-12-08T05:08:17","date_gmt":"2025-12-08T05:08:17","guid":{"rendered":"https:\/\/www.europesays.com\/fr\/585635\/"},"modified":"2025-12-08T05:08:17","modified_gmt":"2025-12-08T05:08:17","slug":"le-rassemblement-national-appartient-a-larc-republicain-selon-bruno-retailleau","status":"publish","type":"post","link":"https:\/\/www.europesays.com\/fr\/585635\/","title":{"rendered":"\u00ab\u00a0Le Rassemblement national appartient \u00e0 l\u2019arc r\u00e9publicain\u00a0\u00bb, selon Bruno Retailleau"},"content":{"rendered":"<p>\u00c0 l\u2019approche des municipales de mars et \u00e0 moins de 18 mois de la pr\u00e9sidentielle, l\u2019hypoth\u00e8se d\u2019une union des droites gagne du terrain dans les esprits, mais les dirigeants des R\u00e9publicains cultivent le flou. Une confusion entretenue ces derniers jours par Laurent Wauquiez et Bruno Retailleau.<\/p>\n<p>\u00ab\u00a0Tout sauf LFI\u00a0\u00bb<\/p>\n<p>Le pr\u00e9sident des d\u00e9put\u00e9s LR avait plaid\u00e9 sur TF1 pour un \u00ab\u00a0tout sauf LFI\u00a0\u00bb aux municipales, y compris en votant pour un candidat RN, tandis que Bruno Retailleau avait d\u00e9moli quelques minutes plus tard sur Sud Radio ce m\u00eame Rassemblement national en d\u00e9non\u00e7ant son \u00ab\u00a0ADN socialiste\u00a0\u00bb.<\/p>\n<p>\u00ab\u00a0Je souhaite qu\u2019il y ait un candidat Les R\u00e9publicains\u00a0\u00bb en 2027, a martel\u00e9 dimanche M. Retailleau. \u00ab\u00a0Je pr\u00e9pare un projet [\u2026] Je ne sais pas si c\u2019est moi qui porterais les couleurs (du parti) ou quelqu\u2019un d\u2019autre\u00a0\u00bb.<\/p>\n<p>Concernant les municipales de mars, le pr\u00e9sident des s\u00e9nateurs LR a assur\u00e9 qu\u2019il n\u2019encouragera jamais ses \u00e9lecteurs \u00ab\u00a0\u00e0 voter pour La France insoumise. Pour le reste, ce sera une consigne de libert\u00e9\u00a0\u00bb.<\/p>\n","protected":false},"excerpt":{"rendered":"\u00c0 l\u2019approche des municipales de mars et \u00e0 moins de 18 mois de la pr\u00e9sidentielle, l\u2019hypoth\u00e8se d\u2019une union&hellip;\n","protected":false},"author":2,"featured_media":585636,"comment_status":"","ping_status":"","sticky":false,"template":"","format":"standard","meta":{"footnotes":""},"categories":[2],"tags":[11,1011,27,12,25],"class_list":{"0":"post-585635","1":"post","2":"type-post","3":"status-publish","4":"format-standard","5":"has-post-thumbnail","7":"category-actualites","8":"tag-actualites","9":"tag-fr","10":"tag-france","11":"tag-news","12":"tag-republique-francaise"},"share_on_mastodon":{"url":"https:\/\/pubeurope.com\/@fr\/115682220711875238","error":""},"_links":{"self":[{"href":"https:\/\/www.europesays.com\/fr\/wp-json\/wp\/v2\/posts\/585635","targetHints":{"allow":["GET"]}}],"collection":[{"href":"https:\/\/www.europesays.com\/fr\/wp-json\/wp\/v2\/posts"}],"about":[{"href":"https:\/\/www.europesays.com\/fr\/wp-json\/wp\/v2\/types\/post"}],"author":[{"embeddable":true,"href":"https:\/\/www.europesays.com\/fr\/wp-json\/wp\/v2\/users\/2"}],"replies":[{"embeddable":true,"href":"https:\/\/www.europesays.com\/fr\/wp-json\/wp\/v2\/comments?post=585635"}],"version-history":[{"count":0,"href":"https:\/\/www.europesays.com\/fr\/wp-json\/wp\/v2\/posts\/585635\/revisions"}],"wp:featuredmedia":[{"embeddable":true,"href":"https:\/\/www.europesays.com\/fr\/wp-json\/wp\/v2\/media\/585636"}],"wp:attachment":[{"href":"https:\/\/www.europesays.com\/fr\/wp-json\/wp\/v2\/media?parent=585635"}],"wp:term":[{"taxonomy":"category","embeddable":true,"href":"https:\/\/www.europesays.com\/fr\/wp-json\/wp\/v2\/categories?post=585635"},{"taxonomy":"post_tag","embeddable":true,"href":"https:\/\/www.europesays.com\/fr\/wp-json\/wp\/v2\/tags?post=585635"}],"curies":[{"name":"wp","href":"https:\/\/api.w.org\/{rel}","templated":true}]}}