{"id":585637,"date":"2025-12-08T05:09:23","date_gmt":"2025-12-08T05:09:23","guid":{"rendered":"https:\/\/www.europesays.com\/fr\/585637\/"},"modified":"2025-12-08T05:09:23","modified_gmt":"2025-12-08T05:09:23","slug":"apres-ladoption-de-la-partie-recettes-du-plfss-lheure-de-verite-approche-pour-le-gouvernement","status":"publish","type":"post","link":"https:\/\/www.europesays.com\/fr\/585637\/","title":{"rendered":"Apr\u00e8s l\u2019adoption de la partie recettes du PLFSS, l\u2019heure de v\u00e9rit\u00e9 approche pour le gouvernement"},"content":{"rendered":"<p>\n    <strong>D\u00c9CRYPTAGE<\/strong> &#8211; L\u2019ex\u00e9cutif a d\u00e9sormais les yeux riv\u00e9s sur le vote relatif au volet d\u00e9penses, et sur celui portant sur l\u2019ensemble du projet de loi de financement de la S\u00e9curit\u00e9 sociale.<\/p>\n<p class=\"fig-paragraph\">La premi\u00e8re haie est franchie, mais pas encore la deuxi\u00e8me. Ce vendredi, les d\u00e9put\u00e9s ont adopt\u00e9 la\u00a0<a href=\"http:\/\/www.lefigaro.fr\/politique\/assemblee-les-deputes-votent-la-partie-recettes-du-plfss-et-ouvrent-la-voie-a-une-adoption-du-budget-de-la-secu-20251205\" data-fig-type=\"NewsFlash\" data-gtm-custom-categorie=\"navigation\" data-gtm-custom-action=\"crossclick\" data-gtm-custom-label=\"Contextuel\" data-gtm-event=\"customEventSPE\" data-fig-domain=\"LEFIGARO\" target=\"_blank\" rel=\"noopener\">partie recettes<\/a>\u00a0du projet de loi de financement de la S\u00e9curit\u00e9 sociale (PLFSS), validant ainsi la mesure gouvernementale visant \u00e0 suspendre\u00a0<a href=\"http:\/\/www.lefigaro.fr\/politique\/budget-de-la-secu-les-deputes-votent-a-nouveau-la-suspension-de-la-reforme-des-retraites-20251205\" data-fig-type=\"NewsFlash\" data-gtm-custom-categorie=\"navigation\" data-gtm-custom-action=\"crossclick\" data-gtm-custom-label=\"Contextuel\" data-gtm-event=\"customEventSPE\" data-fig-domain=\"LEFIGARO\" target=\"_blank\" rel=\"noopener\">la r\u00e9forme des retraites<\/a>. Une victoire pour les socialistes, qui parviennent \u00e0 consolider cette concession accord\u00e9e par le premier ministre lors de sa d\u00e9claration de politique g\u00e9n\u00e9rale. Si ce premier feu vert repr\u00e9sente aussi un succ\u00e8s pour l\u2019ex\u00e9cutif, le chemin reste sem\u00e9 d\u2019emb\u00fbches\u00a0: mardi apr\u00e8s-midi, \u00e0 l\u2019Assembl\u00e9e nationale,\u00a0<a href=\"http:\/\/www.lefigaro.fr\/politique\/olivier-faure-le-pari-a-haut-risque-du-compromis-avec-sebastien-lecornu-20251206\" data-fig-type=\"Article\" data-gtm-custom-categorie=\"navigation\" data-gtm-custom-action=\"crossclick\" data-gtm-custom-label=\"Contextuel\" data-gtm-event=\"customEventSPE\" data-fig-domain=\"LEFIGARO\" target=\"_blank\" rel=\"noopener\">S\u00e9bastien Lecornu<\/a>\u00a0devra encore franchir l\u2019\u00e9tape du vote sur le volet d\u00e9penses, avant le scrutin solennel sur l\u2019ensemble du PLFSS.<\/p>\n<p class=\"fig-paragraph\">Contrairement \u00e0 ce qui pr\u00e9vaut pour le volet recettes, le rejet de la seconde partie n\u2019emp\u00eacherait pas les d\u00e9put\u00e9s de voter sur l\u2019ensemble du texte, amput\u00e9 de cette derni\u00e8re. L\u2019issue g\u00e9n\u00e9rale reste pourtant incertaine\u00a0: la majorit\u00e9 exprim\u00e9e ce vendredi en faveur du texte fut si mince qu\u2019elle\u2026<\/p>\n<p class=\"fig-premium-paywall__infos\">\n        Cet article est r\u00e9serv\u00e9 aux abonn\u00e9s.        Il vous reste 80% \u00e0 d\u00e9couvrir.\n    <\/p>\n<p>                <img  data- alt=\"Le Figaro\" class=\"fig-img--complete fig-img\"\/><\/p>\n<p class=\"fig-premium-paywall__title\">Vente Flash<\/p>\n<p class=\"fig-premium-paywall__subtitle\">-50% sur l&rsquo;abonnement num\u00e9rique<\/p>\n<p class=\"fig-premium-paywall__connect\">\n                D\u00e9j\u00e0 abonn\u00e9\u00a0?                <a class=\"fig-premium-paywall__connect-link\" href=\"https:\/\/connect.lefigaro.fr\/login?client=horizon_web&amp;type=main&amp;redirect_uri=https%3A%2F%2Fwww.lefigaro.fr%2Fpolitique%2Fapres-l-adoption-de-la-partie-recettes-du-plfss-l-heure-de-verite-approche-pour-le-gouvernement-20251207\" data-js-gtm=\"{&quot;customCategorie&quot;: &quot;conversion&quot;, &quot;customAction&quot;: &quot;before_Landing_Connexion_paywall_auto&quot;, &quot;customLabel&quot;: &quot;bGVmaWdhcm8uZnJfXzFmMGQxZWNjLWFhY2UtNmJiNC04ODQyLWMxNjU2Y2E0NjI3MF9fTmV3c0ZsYXNo_Apr\u00e8s l\u2019adoption de la partie recettes du PLFSS, l\u2019heure de v\u00e9rit\u00e9 approche pour le gouvernement_297&quot;, &quot;customIDSPE&quot;: &quot;bGVmaWdhcm8uZnJfXzFmMGQxZWNjLWFhY2UtNmJiNC04ODQyLWMxNjU2Y2E0NjI3MF9fTmV3c0ZsYXNo&quot;, &quot;event&quot;: &quot;customEventSPE&quot;}\" target=\"_blank\" rel=\"noopener\"><br \/>\n                    Connectez-vous<br \/>\n                <\/a>\n            <\/p>\n","protected":false},"excerpt":{"rendered":"D\u00c9CRYPTAGE &#8211; L\u2019ex\u00e9cutif a d\u00e9sormais les yeux riv\u00e9s sur le vote relatif au volet d\u00e9penses, et sur celui&hellip;\n","protected":false},"author":2,"featured_media":585638,"comment_status":"","ping_status":"","sticky":false,"template":"","format":"standard","meta":{"footnotes":""},"categories":[2],"tags":[11,416,1011,27,12,25,731],"class_list":{"0":"post-585637","1":"post","2":"type-post","3":"status-publish","4":"format-standard","5":"has-post-thumbnail","7":"category-actualites","8":"tag-actualites","9":"tag-assemblee-nationale","10":"tag-fr","11":"tag-france","12":"tag-news","13":"tag-republique-francaise","14":"tag-securite-sociale"},"share_on_mastodon":{"url":"https:\/\/pubeurope.com\/@fr\/115682224754601740","error":""},"_links":{"self":[{"href":"https:\/\/www.europesays.com\/fr\/wp-json\/wp\/v2\/posts\/585637","targetHints":{"allow":["GET"]}}],"collection":[{"href":"https:\/\/www.europesays.com\/fr\/wp-json\/wp\/v2\/posts"}],"about":[{"href":"https:\/\/www.europesays.com\/fr\/wp-json\/wp\/v2\/types\/post"}],"author":[{"embeddable":true,"href":"https:\/\/www.europesays.com\/fr\/wp-json\/wp\/v2\/users\/2"}],"replies":[{"embeddable":true,"href":"https:\/\/www.europesays.com\/fr\/wp-json\/wp\/v2\/comments?post=585637"}],"version-history":[{"count":0,"href":"https:\/\/www.europesays.com\/fr\/wp-json\/wp\/v2\/posts\/585637\/revisions"}],"wp:featuredmedia":[{"embeddable":true,"href":"https:\/\/www.europesays.com\/fr\/wp-json\/wp\/v2\/media\/585638"}],"wp:attachment":[{"href":"https:\/\/www.europesays.com\/fr\/wp-json\/wp\/v2\/media?parent=585637"}],"wp:term":[{"taxonomy":"category","embeddable":true,"href":"https:\/\/www.europesays.com\/fr\/wp-json\/wp\/v2\/categories?post=585637"},{"taxonomy":"post_tag","embeddable":true,"href":"https:\/\/www.europesays.com\/fr\/wp-json\/wp\/v2\/tags?post=585637"}],"curies":[{"name":"wp","href":"https:\/\/api.w.org\/{rel}","templated":true}]}}