{"id":585639,"date":"2025-12-08T05:10:18","date_gmt":"2025-12-08T05:10:18","guid":{"rendered":"https:\/\/www.europesays.com\/fr\/585639\/"},"modified":"2025-12-08T05:10:18","modified_gmt":"2025-12-08T05:10:18","slug":"qui-sont-les-catholiques-engages-en-france-notre-enquete-exclusive","status":"publish","type":"post","link":"https:\/\/www.europesays.com\/fr\/585639\/","title":{"rendered":"Qui sont les catholiques engag\u00e9s en France\u00a0? Notre enqu\u00eate exclusive"},"content":{"rendered":"<p>Ils n\u2019ont pas dit leur dernier mot. Dans une France o\u00f9 l\u2019appartenance religieuse continue de reculer (1), les catholiques pratiquants r\u00e9guliers r\u00e9sistent. Ils repr\u00e9sentent encore 5,5\u00a0% de la population soit, en extrapolant, trois millions de Fran\u00e7ais de plus de 18\u00a0ans qui vont \u00e0 la messe au moins une fois par mois. C\u2019est l\u2019un des enseignements majeurs de l\u2019\u00e9tude Bayard-La Croix (2) men\u00e9e par l\u2019Ifop, dont nous d\u00e9voilons les r\u00e9sultats en exclusivit\u00e9 afin de mieux conna\u00eetre les catholiques \u00ab\u00a0engag\u00e9s\u00a0\u00bb.<\/p>\n<p>Cet article est r\u00e9serv\u00e9 aux abonn\u00e9s<\/p>\n<p>\n                    Vous souhaitez lire la suite\u00a0? Abonnez-vous sans engagement \u00e0 notre offre num\u00e9rique\n                <\/p>\n<p>                <a href=\"https:\/\/www.la-croix.com\/abonnement\" class=\"default-paywall__subscribe-button\" data-tracking=\"cta_click\" data-tracking-action=\"voir la page abonnement\" data-tracking-category=\"abonnement\" target=\"_blank\" rel=\"noopener\">Je m&rsquo;abonne<\/a><\/p>\n","protected":false},"excerpt":{"rendered":"Ils n\u2019ont pas dit leur dernier mot. Dans une France o\u00f9 l\u2019appartenance religieuse continue de reculer (1), les&hellip;\n","protected":false},"author":2,"featured_media":585640,"comment_status":"","ping_status":"","sticky":false,"template":"","format":"standard","meta":{"footnotes":""},"categories":[4],"tags":[11,1011,27,12,25],"class_list":{"0":"post-585639","1":"post","2":"type-post","3":"status-publish","4":"format-standard","5":"has-post-thumbnail","7":"category-france","8":"tag-actualites","9":"tag-fr","10":"tag-france","11":"tag-news","12":"tag-republique-francaise"},"share_on_mastodon":{"url":"https:\/\/pubeurope.com\/@fr\/115682228492137120","error":""},"_links":{"self":[{"href":"https:\/\/www.europesays.com\/fr\/wp-json\/wp\/v2\/posts\/585639","targetHints":{"allow":["GET"]}}],"collection":[{"href":"https:\/\/www.europesays.com\/fr\/wp-json\/wp\/v2\/posts"}],"about":[{"href":"https:\/\/www.europesays.com\/fr\/wp-json\/wp\/v2\/types\/post"}],"author":[{"embeddable":true,"href":"https:\/\/www.europesays.com\/fr\/wp-json\/wp\/v2\/users\/2"}],"replies":[{"embeddable":true,"href":"https:\/\/www.europesays.com\/fr\/wp-json\/wp\/v2\/comments?post=585639"}],"version-history":[{"count":0,"href":"https:\/\/www.europesays.com\/fr\/wp-json\/wp\/v2\/posts\/585639\/revisions"}],"wp:featuredmedia":[{"embeddable":true,"href":"https:\/\/www.europesays.com\/fr\/wp-json\/wp\/v2\/media\/585640"}],"wp:attachment":[{"href":"https:\/\/www.europesays.com\/fr\/wp-json\/wp\/v2\/media?parent=585639"}],"wp:term":[{"taxonomy":"category","embeddable":true,"href":"https:\/\/www.europesays.com\/fr\/wp-json\/wp\/v2\/categories?post=585639"},{"taxonomy":"post_tag","embeddable":true,"href":"https:\/\/www.europesays.com\/fr\/wp-json\/wp\/v2\/tags?post=585639"}],"curies":[{"name":"wp","href":"https:\/\/api.w.org\/{rel}","templated":true}]}}