{"id":585645,"date":"2025-12-08T05:18:15","date_gmt":"2025-12-08T05:18:15","guid":{"rendered":"https:\/\/www.europesays.com\/fr\/585645\/"},"modified":"2025-12-08T05:18:15","modified_gmt":"2025-12-08T05:18:15","slug":"uc-monaco-leffectif-2026-actualite","status":"publish","type":"post","link":"https:\/\/www.europesays.com\/fr\/585645\/","title":{"rendered":"UC Monaco : L&rsquo;effectif 2026 &#8211; Actualit\u00e9"},"content":{"rendered":"<p>Neuf coureurs, dont six recrues, composent l&rsquo;effectif 2026 de l&rsquo;<strong><a href=\"https:\/\/www.directvelo.com\/equipe\/477\/uc-monaco\" target=\"_blank\" rel=\"noopener\">UC Monaco<\/a><\/strong>. En 2025, le club mon\u00e9gasque a termin\u00e9 \u00e0 la 17e place du Challenge DirectVelo hors national.<\/p>\n<p><strong>L&rsquo;effectif 2026 de l&rsquo;UC Monaco :<\/strong><br \/>Pol Ballesteros, 19 ans<br \/>Jaume Barcelo Gascon, 18 ans (Team Polti-Visit Malta Junior)<br \/>Mykahilo Basaraba, 21 ans<br \/>Lorenzo Basso, 18 ans (Team F.lli Giorgi)<br \/>Ollie Boarer, 19 ans (SCO Dijon-Team Materiel-velo.com)<br \/>Juan Diaz Garcia, 19 ans (Risaralda)<br \/>Kevin Andres Estupinan Vargas, 18 ans (Team Inca Junior)<br \/>Patrick Torrison, 21 ans<br \/>Nicholas Van der Merwe, 18 ans (U19 Academy R\u00e9gion Sud Powered by Giant)<\/p>\n<p>Le principal d\u00e9part :\u00a0 Marko Toth (Team United Shipping).<\/p>\n","protected":false},"excerpt":{"rendered":"Neuf coureurs, dont six recrues, composent l&rsquo;effectif 2026 de l&rsquo;UC Monaco. En 2025, le club mon\u00e9gasque a termin\u00e9&hellip;\n","protected":false},"author":2,"featured_media":585646,"comment_status":"","ping_status":"","sticky":false,"template":"","format":"standard","meta":{"footnotes":""},"categories":[1411],"tags":[834,828,836,829,837,827,83,826,824,823,1154,207,814,817,815,816,822,821,832,211,839,1011,27,820,818,819,835,831,830,833,838,60,212,208,825],"class_list":{"0":"post-585645","1":"post","2":"type-post","3":"status-publish","4":"format-standard","5":"has-post-thumbnail","7":"category-cyclisme","8":"tag-attaque","9":"tag-belgique","10":"tag-braquet","11":"tag-bretagne","12":"tag-chute","13":"tag-competition","14":"tag-coupe-de-france","15":"tag-coureur","16":"tag-course-cyclisme","17":"tag-course-cycliste","18":"tag-cycling","19":"tag-cyclisme","20":"tag-direct","21":"tag-direct-velo","22":"tag-directvelo","23":"tag-directvelo-com","24":"tag-epreuve","25":"tag-epreuve-cycliste","26":"tag-federation-francaise-de-cyclisme","27":"tag-ffc","28":"tag-flandres","29":"tag-fr","30":"tag-france","31":"tag-live","32":"tag-live-course","33":"tag-live-epreuve","34":"tag-peloton","35":"tag-radio-peloton","36":"tag-radio-tour","37":"tag-ravitaillement","38":"tag-relance","39":"tag-sports","40":"tag-uci","41":"tag-velo","42":"tag-velos"},"share_on_mastodon":{"url":"https:\/\/pubeurope.com\/@fr\/115682260003841440","error":""},"_links":{"self":[{"href":"https:\/\/www.europesays.com\/fr\/wp-json\/wp\/v2\/posts\/585645","targetHints":{"allow":["GET"]}}],"collection":[{"href":"https:\/\/www.europesays.com\/fr\/wp-json\/wp\/v2\/posts"}],"about":[{"href":"https:\/\/www.europesays.com\/fr\/wp-json\/wp\/v2\/types\/post"}],"author":[{"embeddable":true,"href":"https:\/\/www.europesays.com\/fr\/wp-json\/wp\/v2\/users\/2"}],"replies":[{"embeddable":true,"href":"https:\/\/www.europesays.com\/fr\/wp-json\/wp\/v2\/comments?post=585645"}],"version-history":[{"count":0,"href":"https:\/\/www.europesays.com\/fr\/wp-json\/wp\/v2\/posts\/585645\/revisions"}],"wp:featuredmedia":[{"embeddable":true,"href":"https:\/\/www.europesays.com\/fr\/wp-json\/wp\/v2\/media\/585646"}],"wp:attachment":[{"href":"https:\/\/www.europesays.com\/fr\/wp-json\/wp\/v2\/media?parent=585645"}],"wp:term":[{"taxonomy":"category","embeddable":true,"href":"https:\/\/www.europesays.com\/fr\/wp-json\/wp\/v2\/categories?post=585645"},{"taxonomy":"post_tag","embeddable":true,"href":"https:\/\/www.europesays.com\/fr\/wp-json\/wp\/v2\/tags?post=585645"}],"curies":[{"name":"wp","href":"https:\/\/api.w.org\/{rel}","templated":true}]}}