{"id":585649,"date":"2025-12-08T05:20:15","date_gmt":"2025-12-08T05:20:15","guid":{"rendered":"https:\/\/www.europesays.com\/fr\/585649\/"},"modified":"2025-12-08T05:20:15","modified_gmt":"2025-12-08T05:20:15","slug":"il-a-frise-olivier-giroud-victime-dun-incident-technique-qui-fait-beaucoup-rire-santa-et-nagui","status":"publish","type":"post","link":"https:\/\/www.europesays.com\/fr\/585649\/","title":{"rendered":"\u201cIl a fris\u00e9 !\u201d : Olivier Giroud victime d\u2019un incident technique qui fait beaucoup rire Santa et Nagui"},"content":{"rendered":"<p data-start=\"294\" data-end=\"644\">Comme tous les ans, artistes,<br \/>\nsportifs et autres personnalit\u00e9s se sont donn\u00e9 rendez-vous en ce<br \/>\nd\u00e9but du mois de d\u00e9cembre, pour <a href=\"https:\/\/www.closermag.fr\/people\/telethon-2025-santa-signe-un-cheque-dun-montant-astronomique-une-premiere-de-toute-lhistoire-du-telethon-3603013\" target=\"_blank\" rel=\"noopener\"><br \/>\nune nouvelle \u00e9dition du T\u00e9l\u00e9thon.<\/a> Cette ann\u00e9e, <a href=\"https:\/\/www.closermag.fr\/tv_tele_realite\/telethon-2025-santa-saute-de-la-tour-eiffel-3603042\" target=\"_blank\" rel=\"noopener\"><br \/>\nc\u2019est Santa qui a eu l\u2019honneur d\u2019\u00eatre marraine<\/a> de l\u2019\u00e9v\u00e8nement,<br \/>\nqui a pour but de r\u00e9colter des fonds pour des associations et<br \/>\nfinancer les recherches contre les maladies rares.<\/p>\n<p data-start=\"646\" data-end=\"926\">L&rsquo;\u00e9v\u00e9nement a \u00e9t\u00e9 diffus\u00e9 en<br \/>\ndirect sur les cha\u00eenes du groupe France T\u00e9l\u00e9visions pendant 30<br \/>\nheures non-stop, avec des \u00e9missions sp\u00e9ciales, des concerts, des<br \/>\ninterviews et des t\u00e9moignages \u00e9mouvants de patients. Mais un moment<br \/>\nun peu plus l\u00e9ger a beaucoup fait rire Nagui et Santa.<\/p>\n<p>T\u00e9l\u00e9thon 2026 : un \u00e9change<br \/>\ninattendu avec Olivier Giroud<\/p>\n<p data-start=\"990\" data-end=\"1451\">Chaque ann\u00e9e, des centaines de<br \/>\npersonnes travaillent d\u2019arrache-pied pour pr\u00e9parer et assurer les<br \/>\ntrente heures de direct non-stop. Tout au long du week-end,<br \/>\n<a href=\"https:\/\/www.closermag.fr\/people\/vitaa-et-slimane-interdits-au-telethon-cest-nagui-cyril-hanouna-persiste-avec-une-nouvelle-version-3595675\" target=\"_blank\" rel=\"noopener\"><br \/>\ndes c\u00e9l\u00e9brit\u00e9s<\/a> ont relev\u00e9 des d\u00e9fis physiques et sportifs,<br \/>\naccompagn\u00e9es d&rsquo;athl\u00e8tes et de b\u00e9n\u00e9voles. Des marathons, des<br \/>\ncourses, mais aussi des \u00e9v\u00e9nements plus originaux ont \u00e9t\u00e9<br \/>\norganis\u00e9s. Samedi 6 d\u00e9cembre, <strong>une soir\u00e9e festive a \u00e9t\u00e9<br \/>\ndiffus\u00e9e en direct sur France 2,<\/strong> o\u00f9 de nombreuses stars se<br \/>\nsont r\u00e9unies.<\/p>\n<p data-start=\"1453\" data-end=\"1822\">Si certaines \u00e9taient<br \/>\nphysiquement pr\u00e9sentes, d\u2019autres, comme <strong>Olivier<br \/>\nGiroud<\/strong>, n\u2019ont pas pu faire le d\u00e9placement, ce qui ne les a<br \/>\npas emp\u00each\u00e9es de participer \u00e0 leur mani\u00e8re. Le 6 d\u00e9cembre, alors<br \/>\nqu\u2019il se trouvait \u00e0 l\u2019\u00e9tranger, il a \u00e9chang\u00e9 avec Mathias, un petit<br \/>\ngar\u00e7on de sept ans, atteint de la myopathie d\u2019Ullrich. Mais<br \/>\n<strong>l\u2019appel ne s\u2019est pas vraiment pass\u00e9 comme<br \/>\npr\u00e9vu.<\/strong><\/p>\n<blockquote class=\"twitter-tweet\"><p><a class=\"twitter-link\" rel=\"noindex, nofollow noopener\" href=\"https:\/\/twitter.com\/FranceTV\/status\/1997414304455233565\" target=\"_blank\"><\/p><\/blockquote>\n<p>Ce<br \/>\nbug inattendu en plein direct du T\u00e9l\u00e9thon<\/p>\n<p data-start=\"1874\" data-end=\"2294\">En effet, alors que l\u2019\u00e9change<br \/>\nentre Nagui, Mathias et Olivier Giroud se passait dans la bonne<br \/>\nhumeur, un probl\u00e8me technique est venu tout perturber. Alors que<br \/>\nNagui venait de demander au c\u00e9l\u00e8bre sportif : \u00ab Quelles sont les valeurs communes entre un petit<br \/>\nenfant qui se bat en effet contre une maladie et des champions qui<br \/>\nrepoussent les limites ? \u00bb, l\u2019image s\u2019est fig\u00e9e. Le plateau a<br \/>\nalors \u00e9t\u00e9 plong\u00e9 dans le silence.<\/p>\n<p data-start=\"2296\" data-end=\"2660\">Alors que la situation aurait<br \/>\npu \u00eatre g\u00eanante, Santa a rapidement r\u00e9pondu en disant :<br \/>\n\u00ab <strong>Il a fris\u00e9 !<br \/>\n\u00bb<\/strong>. De son c\u00f4t\u00e9, Nagui, habitu\u00e9 aux al\u00e9as du direct, a<br \/>\nl\u00e2ch\u00e9 : \u00ab Un, deux, trois,<br \/>\nsoleil ! \u00bb, ce qui a beaucoup fait rire le public.<br \/>\nHeureusement, la connexion est vite revenue : \u00ab Vraiment d\u00e9sol\u00e9, <strong>j\u2019ai eu des petits<br \/>\nprobl\u00e8mes de connexion<\/strong> tout \u00e0 l\u2019heure \u00bb.<\/p>\n<p><script async src=\"https:\/\/platform.twitter.com\/widgets.js\" charset=\"utf-8\"><\/script><\/p>\n","protected":false},"excerpt":{"rendered":"Comme tous les ans, artistes, sportifs et autres personnalit\u00e9s se sont donn\u00e9 rendez-vous en ce d\u00e9but du mois&hellip;\n","protected":false},"author":2,"featured_media":585650,"comment_status":"","ping_status":"","sticky":false,"template":"","format":"standard","meta":{"footnotes":""},"categories":[1359],"tags":[58,59,1011,27,10477,5959,973],"class_list":{"0":"post-585649","1":"post","2":"type-post","3":"status-publish","4":"format-standard","5":"has-post-thumbnail","7":"category-people","8":"tag-divertissement","9":"tag-entertainment","10":"tag-fr","11":"tag-france","12":"tag-nagui","13":"tag-olivier-giroud","14":"tag-people"},"share_on_mastodon":{"url":"https:\/\/pubeurope.com\/@fr\/115682267969190958","error":""},"_links":{"self":[{"href":"https:\/\/www.europesays.com\/fr\/wp-json\/wp\/v2\/posts\/585649","targetHints":{"allow":["GET"]}}],"collection":[{"href":"https:\/\/www.europesays.com\/fr\/wp-json\/wp\/v2\/posts"}],"about":[{"href":"https:\/\/www.europesays.com\/fr\/wp-json\/wp\/v2\/types\/post"}],"author":[{"embeddable":true,"href":"https:\/\/www.europesays.com\/fr\/wp-json\/wp\/v2\/users\/2"}],"replies":[{"embeddable":true,"href":"https:\/\/www.europesays.com\/fr\/wp-json\/wp\/v2\/comments?post=585649"}],"version-history":[{"count":0,"href":"https:\/\/www.europesays.com\/fr\/wp-json\/wp\/v2\/posts\/585649\/revisions"}],"wp:featuredmedia":[{"embeddable":true,"href":"https:\/\/www.europesays.com\/fr\/wp-json\/wp\/v2\/media\/585650"}],"wp:attachment":[{"href":"https:\/\/www.europesays.com\/fr\/wp-json\/wp\/v2\/media?parent=585649"}],"wp:term":[{"taxonomy":"category","embeddable":true,"href":"https:\/\/www.europesays.com\/fr\/wp-json\/wp\/v2\/categories?post=585649"},{"taxonomy":"post_tag","embeddable":true,"href":"https:\/\/www.europesays.com\/fr\/wp-json\/wp\/v2\/tags?post=585649"}],"curies":[{"name":"wp","href":"https:\/\/api.w.org\/{rel}","templated":true}]}}