{"id":585651,"date":"2025-12-08T05:21:15","date_gmt":"2025-12-08T05:21:15","guid":{"rendered":"https:\/\/www.europesays.com\/fr\/585651\/"},"modified":"2025-12-08T05:21:15","modified_gmt":"2025-12-08T05:21:15","slug":"mon-bureau-est-un-ancien-couloir-desaffecte-une-passerelle-entre-deux-mondes-lancien-et-le-moderne","status":"publish","type":"post","link":"https:\/\/www.europesays.com\/fr\/585651\/","title":{"rendered":"\u00abMon bureau est un ancien couloir d\u00e9saffect\u00e9, une passerelle entre deux mondes : l\u2019ancien et le moderne\u00bb"},"content":{"rendered":"<p>\n    <strong>UNE HEURE DANS LE BUREAU &#8211;\u00a0<\/strong>Chaque week-end, un dirigeant ouvre sa porte au Figaro. C\u2019est au tour d\u2019Aur\u00e9lien Bosc, pr\u00e9sident de Culturespaces.<\/p>\n<p class=\"fig-paragraph\">Quartier\u00a0<a href=\"https:\/\/www.lefigaro.fr\/culture\/2018\/06\/25\/03004-20180625ARTFIG00016-ces-journees-capitales-pour-paris-quand-l-empereur-de-rome-reve-d-une-nouvelle-athenes.php\" target=\"_blank\" data-fig-type=\"Article\" rel=\"noopener\" data-gtm-custom-categorie=\"navigation\" data-gtm-custom-action=\"crossclick\" data-gtm-custom-label=\"Contextuel\" data-gtm-event=\"customEventSPE\" data-fig-domain=\"LEFIGARO\">de la Nouvelle Ath\u00e8nes \u00e0 Paris<\/a>, dans une petite rue discr\u00e8te aux alentours de la place Saint-Georges. Les immeubles cossus se succ\u00e8dent. Au rez-de-chauss\u00e9e de l\u2019un d\u2019entre eux,\u00a0<a href=\"http:\/\/www.lefigaro.fr\/decideurs\/management\/c-est-son-unique-vocation-professionnelle-comment-guerir-un-accroc-aux-reunions-20250911\" target=\"_blank\" data-fig-type=\"Article\" rel=\"noopener\" data-gtm-custom-categorie=\"navigation\" data-gtm-custom-action=\"crossclick\" data-gtm-custom-label=\"Contextuel\" data-gtm-event=\"customEventSPE\" data-fig-domain=\"LEFIGARO\">une salle de r\u00e9union aux g\u00e9n\u00e9reux volumes<\/a>\u00a0brille de mille feux. Deux collaborateurs discutent. Depuis un an, c\u2019est le si\u00e8ge de\u00a0<a href=\"https:\/\/www.lefigaro.fr\/culture\/gerer-des-lieux-culturels-la-nouvelle-ruee-vers-l-or-20230126\" target=\"_blank\" data-fig-type=\"Article\" rel=\"noopener\" data-gtm-custom-categorie=\"navigation\" data-gtm-custom-action=\"crossclick\" data-gtm-custom-label=\"Contextuel\" data-gtm-event=\"customEventSPE\" data-fig-domain=\"LEFIGARO\">Culturespaces, qui g\u00e8re des mus\u00e9es et cr\u00e9e des espaces immersifs<\/a>\u00a0qui utilisent les nouvelles technologies pour mettre la culture sur un pi\u00e9destal. Derri\u00e8re l\u2019immense porte coch\u00e8re &#8211; typique des immeubles XVIIIe &#8211; une entr\u00e9e majestueuse, sur la droite. Au fond de la cour, un b\u00e2timent fait office de d\u00e9pendance. Des meubles de jardin sont sortis et des guirlandes d\u2019ampoules distillent un esprit \u00abguinguette\u00bb de bureau dans lequel il fait bon vivre.<\/p>\n<p>                                                        Deux salles, deux ambiances<\/p>\n<p class=\"fig-paragraph\">Pour Aur\u00e9lien Bosc, ce lieu illustre parfaitement l\u2019\u00e2me de l\u2019entreprise. L\u2019obtenir n\u2019\u00e9tait pas sans peine. \u00abJ\u2019ai visit\u00e9 un grand nombre de bureaux avant de tomber sur ce bien exceptionnel, glisse Aur\u00e9lien Bosc, pr\u00e9sident de Culturespaces. Il\u2026<\/p>\n<p class=\"fig-premium-paywall__infos\">\n        Cet article est r\u00e9serv\u00e9 aux abonn\u00e9s.        Il vous reste 76% \u00e0 d\u00e9couvrir.\n    <\/p>\n<p>                <img  data- alt=\"Le Figaro\" class=\"fig-img--complete fig-img\"\/><\/p>\n<p class=\"fig-premium-paywall__title\">Vente Flash<\/p>\n<p class=\"fig-premium-paywall__subtitle\">-50% sur l&rsquo;abonnement num\u00e9rique<\/p>\n<p class=\"fig-premium-paywall__connect\">\n                D\u00e9j\u00e0 abonn\u00e9\u00a0?                <a class=\"fig-premium-paywall__connect-link\" href=\"https:\/\/connect.lefigaro.fr\/login?client=horizon_web&amp;type=main&amp;redirect_uri=https%3A%2F%2Fwww.lefigaro.fr%2Fdecideurs%2Fmanagement%2Fmon-bureau-est-un-ancien-couloir-desaffecte-une-passerelle-entre-deux-mondes-l-ancien-et-le-moderne-20251207\" data-js-gtm=\"{&quot;customCategorie&quot;: &quot;conversion&quot;, &quot;customAction&quot;: &quot;before_Landing_Connexion_paywall_auto&quot;, &quot;customLabel&quot;: &quot;bGVmaWdhcm8uZnJfXzFmMGQxYjhkLWI5MzUtNjNkNC1iY2IxLTEzMjgwNjg5NWI5NF9fQXJ0aWNsZQ==_\u00abMon bureau est un ancien couloir d\u00e9saffect\u00e9, une passerelle entre deux mondes\u00a0: l\u2019ancien et le moderne\u00bb_239&quot;, &quot;customIDSPE&quot;: &quot;bGVmaWdhcm8uZnJfXzFmMGQxYjhkLWI5MzUtNjNkNC1iY2IxLTEzMjgwNjg5NWI5NF9fQXJ0aWNsZQ==&quot;, &quot;event&quot;: &quot;customEventSPE&quot;}\" target=\"_blank\" rel=\"noopener\"><br \/>\n                    Connectez-vous<br \/>\n                <\/a>\n            <\/p>\n","protected":false},"excerpt":{"rendered":"UNE HEURE DANS LE BUREAU &#8211;\u00a0Chaque week-end, un dirigeant ouvre sa porte au Figaro. C\u2019est au tour d\u2019Aur\u00e9lien&hellip;\n","protected":false},"author":2,"featured_media":585652,"comment_status":"","ping_status":"","sticky":false,"template":"","format":"standard","meta":{"footnotes":""},"categories":[1358],"tags":[1348,1384,1385,12544,251,1386,58,59,1011,27,937],"class_list":{"0":"post-585651","1":"post","2":"type-post","3":"status-publish","4":"format-standard","5":"has-post-thumbnail","7":"category-arts-et-design","8":"tag-arts","9":"tag-arts-and-design","10":"tag-arts-et-design","11":"tag-bureau","12":"tag-culture","13":"tag-design","14":"tag-divertissement","15":"tag-entertainment","16":"tag-fr","17":"tag-france","18":"tag-histoire"},"share_on_mastodon":{"url":"https:\/\/pubeurope.com\/@fr\/115682271760797493","error":""},"_links":{"self":[{"href":"https:\/\/www.europesays.com\/fr\/wp-json\/wp\/v2\/posts\/585651","targetHints":{"allow":["GET"]}}],"collection":[{"href":"https:\/\/www.europesays.com\/fr\/wp-json\/wp\/v2\/posts"}],"about":[{"href":"https:\/\/www.europesays.com\/fr\/wp-json\/wp\/v2\/types\/post"}],"author":[{"embeddable":true,"href":"https:\/\/www.europesays.com\/fr\/wp-json\/wp\/v2\/users\/2"}],"replies":[{"embeddable":true,"href":"https:\/\/www.europesays.com\/fr\/wp-json\/wp\/v2\/comments?post=585651"}],"version-history":[{"count":0,"href":"https:\/\/www.europesays.com\/fr\/wp-json\/wp\/v2\/posts\/585651\/revisions"}],"wp:featuredmedia":[{"embeddable":true,"href":"https:\/\/www.europesays.com\/fr\/wp-json\/wp\/v2\/media\/585652"}],"wp:attachment":[{"href":"https:\/\/www.europesays.com\/fr\/wp-json\/wp\/v2\/media?parent=585651"}],"wp:term":[{"taxonomy":"category","embeddable":true,"href":"https:\/\/www.europesays.com\/fr\/wp-json\/wp\/v2\/categories?post=585651"},{"taxonomy":"post_tag","embeddable":true,"href":"https:\/\/www.europesays.com\/fr\/wp-json\/wp\/v2\/tags?post=585651"}],"curies":[{"name":"wp","href":"https:\/\/api.w.org\/{rel}","templated":true}]}}