{"id":585671,"date":"2025-12-08T05:34:12","date_gmt":"2025-12-08T05:34:12","guid":{"rendered":"https:\/\/www.europesays.com\/fr\/585671\/"},"modified":"2025-12-08T05:34:12","modified_gmt":"2025-12-08T05:34:12","slug":"tir-dun-sanglier-pres-de-chateauroux-le-chasseur-de-76-ans-place-en-garde-a-vue","status":"publish","type":"post","link":"https:\/\/www.europesays.com\/fr\/585671\/","title":{"rendered":"Tir d&rsquo;un sanglier pr\u00e8s de Ch\u00e2teauroux\u00a0: le chasseur de 76 ans plac\u00e9 en garde \u00e0 vue"},"content":{"rendered":"<p>L&rsquo;enqu\u00eate progresse vite apr\u00e8s la diffusion choquante d&rsquo;une vid\u00e9o o\u00f9 un sanglier se fait tirer dessus \u00e0 bout portant. Le chasseur, un homme de 76 ans, est plac\u00e9 en garde \u00e0 vue ce dimanche.<\/p>\n<p>\u00ab\u00a0Des faits particuli\u00e8rement graves et choquants\u00a0\u00bb\u00a0:\u00a0 c&rsquo;est par ces mots que le procureur de la R\u00e9publique de Ch\u00e2teauroux qualifie le tir sur un sanglier, samedi 6 d\u00e9cembre, \u00e0 la sortie de la zone commerciale de Cap-Sud. <strong>L&rsquo;auteur du tir, situ\u00e9 \u00e0 proximit\u00e9 imm\u00e9diate de plusieurs voitures, a \u00e9t\u00e9 plac\u00e9 en garde \u00e0 vue ce dimanche<\/strong>. Il s&rsquo;agit d&rsquo;un homme de 76 ans. La confiscation de son arme a \u00e9galement \u00e9t\u00e9 demand\u00e9e.<\/p>\n<p>\u00c0 lire aussi   <img decoding=\"async\" src=\"https:\/\/www.europesays.com\/fr\/wp-content\/uploads\/2025\/12\/1765172052_64_400x400\" alt=\"\" style=\"--_image-preview:url('data:image\/jpeg;base64,\/9j\/2wBDACgcHiMeGSgjISMtKygwPGRBPDc3PHtYXUlkkYCZlo+AjIqgtObDoKrarYqMyP\/L2u71\/\/\/\/m8H\/\/\/\/6\/+b9\/\/j\/2wBDASstLTw1PHZBQXb4pYyl+Pj4+Pj4+Pj4+Pj4+Pj4+Pj4+Pj4+Pj4+Pj4+Pj4+Pj4+Pj4+Pj4+Pj4+Pj4+Pj4+Pj\/wAARCAAXACoDASIAAhEBAxEB\/8QAFgABAQEAAAAAAAAAAAAAAAAAAAEC\/8QAFhABAQEAAAAAAAAAAAAAAAAAAAER\/8QAFQEBAQAAAAAAAAAAAAAAAAAAAAH\/xAAUEQEAAAAAAAAAAAAAAAAAAAAA\/9oADAMBAAIRAxEAPwCCKgJVSioCA3I1gCGM0AYoAr\/\/2Q==');\" loading=\"lazy\" fetchpriority=\"low\" aria-hidden=\"true\" class=\"svelte-1cksh76 rounded\" onload=\"this.__e=event\" onerror=\"this.__e=event\"\/><\/p>\n<p>Le pr\u00e9sident de la f\u00e9d\u00e9ration de chasse de l&rsquo;Indre r\u00e9agit \u00e9galement. Il qualifie la vid\u00e9o de choquante et <strong>s&rsquo;interroge sur le non-respect de plusieurs r\u00e8gles de s\u00e9curit\u00e9<\/strong>, notamment l&rsquo;absence de tenue distinctive des deux chasseurs et sur l&rsquo;angle de tir. \u00ab\u00a0C&rsquo;est pour nous un \u00e9v\u00e9nement consid\u00e9rable. Autant la f\u00e9d\u00e9ration d\u00e9fend tous les types de chasse, autant elle ne d\u00e9fend pas tous les types de chasseurs. Un chasseur qui manquerait au respect des r\u00e8gles de s\u00e9curit\u00e9 les plus \u00e9l\u00e9mentaires porterait un tort consid\u00e9rable aux chasseurs qui se comportent bien\u00a0\u00bb, tranche Laurent Gandillot.<\/p>\n","protected":false},"excerpt":{"rendered":"L&rsquo;enqu\u00eate progresse vite apr\u00e8s la diffusion choquante d&rsquo;une vid\u00e9o o\u00f9 un sanglier se fait tirer dessus \u00e0 bout&hellip;\n","protected":false},"author":2,"featured_media":585672,"comment_status":"","ping_status":"","sticky":false,"template":"","format":"standard","meta":{"footnotes":""},"categories":[4],"tags":[11,1011,27,12,25],"class_list":{"0":"post-585671","1":"post","2":"type-post","3":"status-publish","4":"format-standard","5":"has-post-thumbnail","7":"category-france","8":"tag-actualites","9":"tag-fr","10":"tag-france","11":"tag-news","12":"tag-republique-francaise"},"share_on_mastodon":{"url":"https:\/\/pubeurope.com\/@fr\/115682323716159945","error":""},"_links":{"self":[{"href":"https:\/\/www.europesays.com\/fr\/wp-json\/wp\/v2\/posts\/585671","targetHints":{"allow":["GET"]}}],"collection":[{"href":"https:\/\/www.europesays.com\/fr\/wp-json\/wp\/v2\/posts"}],"about":[{"href":"https:\/\/www.europesays.com\/fr\/wp-json\/wp\/v2\/types\/post"}],"author":[{"embeddable":true,"href":"https:\/\/www.europesays.com\/fr\/wp-json\/wp\/v2\/users\/2"}],"replies":[{"embeddable":true,"href":"https:\/\/www.europesays.com\/fr\/wp-json\/wp\/v2\/comments?post=585671"}],"version-history":[{"count":0,"href":"https:\/\/www.europesays.com\/fr\/wp-json\/wp\/v2\/posts\/585671\/revisions"}],"wp:featuredmedia":[{"embeddable":true,"href":"https:\/\/www.europesays.com\/fr\/wp-json\/wp\/v2\/media\/585672"}],"wp:attachment":[{"href":"https:\/\/www.europesays.com\/fr\/wp-json\/wp\/v2\/media?parent=585671"}],"wp:term":[{"taxonomy":"category","embeddable":true,"href":"https:\/\/www.europesays.com\/fr\/wp-json\/wp\/v2\/categories?post=585671"},{"taxonomy":"post_tag","embeddable":true,"href":"https:\/\/www.europesays.com\/fr\/wp-json\/wp\/v2\/tags?post=585671"}],"curies":[{"name":"wp","href":"https:\/\/api.w.org\/{rel}","templated":true}]}}