{"id":585675,"date":"2025-12-08T05:36:16","date_gmt":"2025-12-08T05:36:16","guid":{"rendered":"https:\/\/www.europesays.com\/fr\/585675\/"},"modified":"2025-12-08T05:36:16","modified_gmt":"2025-12-08T05:36:16","slug":"bafe-gomis-le-canopy-et-france-benevolat-offrent-500-repas-aux-personnes-dans-le-besoin","status":"publish","type":"post","link":"https:\/\/www.europesays.com\/fr\/585675\/","title":{"rendered":"Baf\u00e9 Gomis, Le Canopy et France B\u00e9n\u00e9volat offrent 500 repas aux personnes dans le besoin"},"content":{"rendered":"<p><img decoding=\"async\" class=\"\" style=\"width:100%\" src=\"https:\/\/www.europesays.com\/fr\/wp-content\/uploads\/2025\/12\/Canopy1764779046705.jpeg\" alt=\"Baf\u00e9 Gomis et Abdel Foughali supervise cette op\u00e9ration offre 125 repas chaque lundi\"\/><\/p>\n<p>Baf\u00e9 Gomis et Abdel Foughali supervise cette op\u00e9ration offre 125 repas chaque lundi<\/p>\n<p>Cr\u00e9dit : Activ Radio<\/p>\n<p style=\"text-align: justify;\">Dans les cuisines du Canopy, place L\u00e9on Nautin, chaque lundi J\u00e9r\u00e9my, le chef, s\u2019active. \u00ab\u00a0Au menu, ce matin c&rsquo;est velout\u00e9 de butternut au noisette, pav\u00e9 de merlu cr\u00e8me ciboulette, gratin de for\u00e9zien et en dessert fondant au chocolat blanc noisette avec un coulis de mangue\u00a0\u00bb. Il a 125 plats \u00e0 sortir pour 12h avant le d\u00e9but de la distribution solidaire. Pour Abdel Foughali, le propri\u00e9taire du restaurant, c&rsquo;est toute une organisation : \u00ab\u00a0On a commenc\u00e9 \u00e0 faire les pr\u00e9parations samedi, puis tout part en cuisson le matin et c&rsquo;est le rush pour qu&rsquo;on soit pr\u00eat pour d\u00e9livrer tous les repas \u00e0 temps.\u00a0\u00bb Pour coordoner cette distribution, France B\u00e9n\u00e9volat Loire Sud r\u00e9unie une dizaine d&rsquo;associations qui se chargent d&rsquo;acheminer les repas. \u00ab\u00a0Soit les associations les distribuent directement au domicile des personnes, soit elles organisent un repas partag\u00e9 dans leurs locaux\u00a0\u00bb indique Chantal Durieux, directrice de France B\u00e9n\u00e9volat.\u00a0<\/p>\n<p style=\"text-align: justify;\">L&rsquo;op\u00e9ration est rendue viable gr\u00e2ce \u00e0 Baf\u00e9 Gomis, un ancien joueur de l\u2019ASSE, pass\u00e9 par le club dans les ann\u00e9es 2000. Il y a 6 ans, il a cette id\u00e9e qui germe, il en parle \u00e0 son ami Abdel du Canopy et \u00e0 celle qu&rsquo;il surnomme sa \u00ab\u00a0maman st\u00e9phanoise\u00a0\u00bb, Chantal Durieux. \u00ab\u00a0Je veux rendre hommage aux valeurs ch\u00e8res \u00e0 cette r\u00e9gion, l&rsquo;entraide et la solidarit\u00e9. Le but c&rsquo;est de venir en aide aux gens qui sont dans le besoin, de faire venir le restaurant \u00e0 eux en cette p\u00e9riode de f\u00eate\u00a0\u00bb.\u00a0<\/p>\n<p style=\"text-align: justify;\">Une belle initiative qui va encore durer 3 semaines, jusqu\u2019au 22 d\u00e9cembre prochain.<\/p>\n","protected":false},"excerpt":{"rendered":"Baf\u00e9 Gomis et Abdel Foughali supervise cette op\u00e9ration offre 125 repas chaque lundi Cr\u00e9dit : Activ Radio Dans&hellip;\n","protected":false},"author":2,"featured_media":585676,"comment_status":"","ping_status":"","sticky":false,"template":"","format":"standard","meta":{"footnotes":""},"categories":[9653],"tags":[69920,69919,69921,1111,11,2430,1777,674,1011,27,12,25,1340,4001,12280],"class_list":{"0":"post-585675","1":"post","2":"type-post","3":"status-publish","4":"format-standard","5":"has-post-thumbnail","7":"category-saint-etienne","8":"tag-bafegomis","9":"tag-canopy","10":"tag-france-benevolat","11":"tag-actu","12":"tag-actualites","13":"tag-auvergne-rhone-alpes","14":"tag-eu","15":"tag-europe","16":"tag-fr","17":"tag-france","18":"tag-news","19":"tag-republique-francaise","20":"tag-restaurant","21":"tag-saint-etienne","22":"tag-solidaire"},"share_on_mastodon":{"url":"https:\/\/pubeurope.com\/@fr\/115682331342055276","error":""},"_links":{"self":[{"href":"https:\/\/www.europesays.com\/fr\/wp-json\/wp\/v2\/posts\/585675","targetHints":{"allow":["GET"]}}],"collection":[{"href":"https:\/\/www.europesays.com\/fr\/wp-json\/wp\/v2\/posts"}],"about":[{"href":"https:\/\/www.europesays.com\/fr\/wp-json\/wp\/v2\/types\/post"}],"author":[{"embeddable":true,"href":"https:\/\/www.europesays.com\/fr\/wp-json\/wp\/v2\/users\/2"}],"replies":[{"embeddable":true,"href":"https:\/\/www.europesays.com\/fr\/wp-json\/wp\/v2\/comments?post=585675"}],"version-history":[{"count":0,"href":"https:\/\/www.europesays.com\/fr\/wp-json\/wp\/v2\/posts\/585675\/revisions"}],"wp:featuredmedia":[{"embeddable":true,"href":"https:\/\/www.europesays.com\/fr\/wp-json\/wp\/v2\/media\/585676"}],"wp:attachment":[{"href":"https:\/\/www.europesays.com\/fr\/wp-json\/wp\/v2\/media?parent=585675"}],"wp:term":[{"taxonomy":"category","embeddable":true,"href":"https:\/\/www.europesays.com\/fr\/wp-json\/wp\/v2\/categories?post=585675"},{"taxonomy":"post_tag","embeddable":true,"href":"https:\/\/www.europesays.com\/fr\/wp-json\/wp\/v2\/tags?post=585675"}],"curies":[{"name":"wp","href":"https:\/\/api.w.org\/{rel}","templated":true}]}}