{"id":585677,"date":"2025-12-08T05:37:13","date_gmt":"2025-12-08T05:37:13","guid":{"rendered":"https:\/\/www.europesays.com\/fr\/585677\/"},"modified":"2025-12-08T05:37:13","modified_gmt":"2025-12-08T05:37:13","slug":"saint-etienne-avec-lartiste-mathieu-forget-les-ecoliers-de-chappe-ont-pris-leur-envol","status":"publish","type":"post","link":"https:\/\/www.europesays.com\/fr\/585677\/","title":{"rendered":"Saint-\u00c9tienne. Avec l\u2019artiste Mathieu Forget, les \u00e9coliers de Chappe ont pris leur envol"},"content":{"rendered":"<p>C\u2019est une \u00e9cole \u00e9l\u00e9mentaire qui ne ressemble \u00e0 aucune autre. Au Fr\u00e8res-Chappe, l\u2019art, le street art en particulier, est partout\u00a0: sur les murs des classes, dans les nombreux couloirs et escaliers, dans les cours de r\u00e9cr\u00e9ation, les terrains de sport\u2026 Et surtout dans les yeux et le c\u0153ur des \u00e9coliers qui fr\u00e9quentent cet \u00e9tablissement public primaire st\u00e9phanois.<\/p>\n<p>Depuis 10 ans maintenant, de nombreux artistes ont pass\u00e9 les portes de Chappe, \u00e9tablissement public consid\u00e9r\u00e9 comme une \u00e9cole mus\u00e9e. Les St\u00e9phanois Ella &amp; Pitr ont \u00e9t\u00e9 les premiers. Gr\u00e2ce \u00e0 la t\u00e9nacit\u00e9 de J\u00e9r\u00e9my Rousset, enseignant et instigateur de ce projet artistique, Mathieu Forget, surnomm\u00e9 \u00ab\u00a0Flying Man\u00a0\u00bb est le 70e \u00e0 venir partager sa passion avec les petits st\u00e9phanois.<\/p>\n<p>\u00ab\u00a0J\u2019ai fait cinq fois le tour du monde et je ne suis all\u00e9 \u00e0 l\u2019\u00e9cole qu\u2019\u00e0 l\u2019\u00e2ge de 6 ans\u00a0\u00bb<\/p>\n<p>Ce lundi apr\u00e8s-midi du d\u00e9but du mois de d\u00e9cembre, une soixantaine d\u2019\u00e9coliers sont r\u00e9unis dans une grande salle de classe. Les bureaux ont \u00e9t\u00e9 d\u00e9plac\u00e9s pour laisser une&#8230;<\/p>\n","protected":false},"excerpt":{"rendered":"C\u2019est une \u00e9cole \u00e9l\u00e9mentaire qui ne ressemble \u00e0 aucune autre. Au Fr\u00e8res-Chappe, l\u2019art, le street art en particulier,&hellip;\n","protected":false},"author":2,"featured_media":585678,"comment_status":"","ping_status":"","sticky":false,"template":"","format":"standard","meta":{"footnotes":""},"categories":[9653],"tags":[1111,11,2430,1687,7539,1057,1777,674,2271,1011,27,3367,10425,12,25,4001,7538],"class_list":{"0":"post-585677","1":"post","2":"type-post","3":"status-publish","4":"format-standard","5":"has-post-thumbnail","7":"category-saint-etienne","8":"tag-actu","9":"tag-actualites","10":"tag-auvergne-rhone-alpes","11":"tag-culture-loisirs","12":"tag-edition-loire-sud","13":"tag-education","14":"tag-eu","15":"tag-europe","16":"tag-exposition-arts-plastiques","17":"tag-fr","18":"tag-france","19":"tag-loire","20":"tag-maternelle-elementaire","21":"tag-news","22":"tag-republique-francaise","23":"tag-saint-etienne","24":"tag-saint-etienne-ville"},"share_on_mastodon":{"url":"https:\/\/pubeurope.com\/@fr\/115682334708069599","error":""},"_links":{"self":[{"href":"https:\/\/www.europesays.com\/fr\/wp-json\/wp\/v2\/posts\/585677","targetHints":{"allow":["GET"]}}],"collection":[{"href":"https:\/\/www.europesays.com\/fr\/wp-json\/wp\/v2\/posts"}],"about":[{"href":"https:\/\/www.europesays.com\/fr\/wp-json\/wp\/v2\/types\/post"}],"author":[{"embeddable":true,"href":"https:\/\/www.europesays.com\/fr\/wp-json\/wp\/v2\/users\/2"}],"replies":[{"embeddable":true,"href":"https:\/\/www.europesays.com\/fr\/wp-json\/wp\/v2\/comments?post=585677"}],"version-history":[{"count":0,"href":"https:\/\/www.europesays.com\/fr\/wp-json\/wp\/v2\/posts\/585677\/revisions"}],"wp:featuredmedia":[{"embeddable":true,"href":"https:\/\/www.europesays.com\/fr\/wp-json\/wp\/v2\/media\/585678"}],"wp:attachment":[{"href":"https:\/\/www.europesays.com\/fr\/wp-json\/wp\/v2\/media?parent=585677"}],"wp:term":[{"taxonomy":"category","embeddable":true,"href":"https:\/\/www.europesays.com\/fr\/wp-json\/wp\/v2\/categories?post=585677"},{"taxonomy":"post_tag","embeddable":true,"href":"https:\/\/www.europesays.com\/fr\/wp-json\/wp\/v2\/tags?post=585677"}],"curies":[{"name":"wp","href":"https:\/\/api.w.org\/{rel}","templated":true}]}}