{"id":585681,"date":"2025-12-08T05:41:14","date_gmt":"2025-12-08T05:41:14","guid":{"rendered":"https:\/\/www.europesays.com\/fr\/585681\/"},"modified":"2025-12-08T05:41:14","modified_gmt":"2025-12-08T05:41:14","slug":"toulon-120-ans-de-la-loi-du-9-decembre-1905","status":"publish","type":"post","link":"https:\/\/www.europesays.com\/fr\/585681\/","title":{"rendered":"Toulon : 120 ans de la loi du 9 d\u00e9cembre 1905"},"content":{"rendered":"<p>        <a href=\"https:\/\/www.tv83.info\/wp-content\/uploads\/2025\/12\/rEZ1LZu75fp6.jpeg.png.jpeg\" data-caption=\"\" target=\"_blank\" rel=\"noopener\"><img loading=\"lazy\" decoding=\"async\" width=\"696\" height=\"812\" class=\"entry-thumb td-modal-image\" src=\"https:\/\/www.europesays.com\/fr\/wp-content\/uploads\/2025\/12\/rEZ1LZu75fp6.jpeg.png-696x812.jpeg\"   alt=\"\" title=\"rEZ1LZu75fp6.jpeg.png\"\/><\/a><\/p>\n<p>L\u2019Union des FAmilles La\u00efques de Toulon (UFAL Toulon) c\u00e9l\u00e8bre les 120 ans de la loi du 9 d\u00e9cembre 1905 sur la s\u00e9paration des \u00c9glises et de l\u2019\u00c9tat, et les libert\u00e9s qu\u2019elle a consacr\u00e9es. En pr\u00e9sence de Mme Jos\u00e9e Massi, Maire de Toulon, nous vous convions \u00e0 une c\u00e9r\u00e9monie au pied de l\u2019arbre de la La\u00efcit\u00e9, <strong>mardi 9 d\u00e9cembre 2025 <\/strong>\u00e0 12h30, au square (jardin public) du Champ de Mars, boulevard Clemenceau \u00e0 Toulon.<\/p>\n<p>Dans un contexte o\u00f9 la la\u00efcit\u00e9, principe r\u00e9publicain fondamental, est plus que jamais remise en question, cet olivier symbolise l\u2019enracinement indispensable de ce principe garantissant la libert\u00e9 de conscience et l\u2019\u00e9galit\u00e9 de tous les citoyens.<\/p>\n<p>Nous vous convions cordialement \u00e0 cette c\u00e9l\u00e9bration.<br \/>Le rendez-vous est fix\u00e9 au Champ de Mars, mardi 9 d\u00e9cembre \u00e0 12h30.<br \/>Parkings conseill\u00e9s : Facult\u00e9s et Porte d\u2019Italie<\/p>\n<p>Le conseil d\u2019administration de l\u2019UFAL Toulon<\/p>\n<p><a href=\"https:\/\/www.restosducoeur.org\/associations-departementales\/les-restos-du-coeur-du-var\/\" target=\"_blank\" rel=\"noopener\"><img decoding=\"async\" style=\"height:70px;width:140px\" src=\"https:\/\/www.europesays.com\/fr\/wp-content\/uploads\/2025\/04\/restos-du-coeur.jpg\"\/><\/a>        <\/p>\n","protected":false},"excerpt":{"rendered":"L\u2019Union des FAmilles La\u00efques de Toulon (UFAL Toulon) c\u00e9l\u00e8bre les 120 ans de la loi du 9 d\u00e9cembre&hellip;\n","protected":false},"author":2,"featured_media":585682,"comment_status":"","ping_status":"","sticky":false,"template":"","format":"standard","meta":{"footnotes":""},"categories":[9619],"tags":[1111,11,1777,674,1011,27,12,882,25,2310],"class_list":{"0":"post-585681","1":"post","2":"type-post","3":"status-publish","4":"format-standard","5":"has-post-thumbnail","7":"category-toulon","8":"tag-actu","9":"tag-actualites","10":"tag-eu","11":"tag-europe","12":"tag-fr","13":"tag-france","14":"tag-news","15":"tag-provence-alpes-cote-dazur","16":"tag-republique-francaise","17":"tag-toulon"},"share_on_mastodon":{"url":"https:\/\/pubeurope.com\/@fr\/115682350713744836","error":""},"_links":{"self":[{"href":"https:\/\/www.europesays.com\/fr\/wp-json\/wp\/v2\/posts\/585681","targetHints":{"allow":["GET"]}}],"collection":[{"href":"https:\/\/www.europesays.com\/fr\/wp-json\/wp\/v2\/posts"}],"about":[{"href":"https:\/\/www.europesays.com\/fr\/wp-json\/wp\/v2\/types\/post"}],"author":[{"embeddable":true,"href":"https:\/\/www.europesays.com\/fr\/wp-json\/wp\/v2\/users\/2"}],"replies":[{"embeddable":true,"href":"https:\/\/www.europesays.com\/fr\/wp-json\/wp\/v2\/comments?post=585681"}],"version-history":[{"count":0,"href":"https:\/\/www.europesays.com\/fr\/wp-json\/wp\/v2\/posts\/585681\/revisions"}],"wp:featuredmedia":[{"embeddable":true,"href":"https:\/\/www.europesays.com\/fr\/wp-json\/wp\/v2\/media\/585682"}],"wp:attachment":[{"href":"https:\/\/www.europesays.com\/fr\/wp-json\/wp\/v2\/media?parent=585681"}],"wp:term":[{"taxonomy":"category","embeddable":true,"href":"https:\/\/www.europesays.com\/fr\/wp-json\/wp\/v2\/categories?post=585681"},{"taxonomy":"post_tag","embeddable":true,"href":"https:\/\/www.europesays.com\/fr\/wp-json\/wp\/v2\/tags?post=585681"}],"curies":[{"name":"wp","href":"https:\/\/api.w.org\/{rel}","templated":true}]}}