{"id":585683,"date":"2025-12-08T05:42:15","date_gmt":"2025-12-08T05:42:15","guid":{"rendered":"https:\/\/www.europesays.com\/fr\/585683\/"},"modified":"2025-12-08T05:42:15","modified_gmt":"2025-12-08T05:42:15","slug":"toulon-aujourdhui-cest-le-bazar","status":"publish","type":"post","link":"https:\/\/www.europesays.com\/fr\/585683\/","title":{"rendered":"Toulon : Aujourd\u2019hui, c\u2019est le bazar !"},"content":{"rendered":"<p>        <a href=\"https:\/\/www.tv83.info\/wp-content\/uploads\/2025\/12\/50-1.jpg\" data-caption=\"\" target=\"_blank\" rel=\"noopener\"><img loading=\"lazy\" decoding=\"async\" width=\"696\" height=\"608\" class=\"entry-thumb td-modal-image\" src=\"https:\/\/www.europesays.com\/fr\/wp-content\/uploads\/2025\/12\/50-1-696x608.jpg\"   alt=\"\" title=\"50-1\"\/><\/a><\/p>\n<p>Spectacle enfant La couleur des \u00e9motions \u00e0 Toulon <strong>du samedi 13 \u00e0 16h au dimanche 14 d\u00e9cembre 2025 \u00e0 11h<\/strong><\/p>\n<p>Aujourd\u2019hui, c\u2019est le bazar !<br \/>Le monstre des couleurs se sent tout barbouill\u00e9. Ses \u00e9motions sont sens dessus dessous !<br \/>Il ne comprend pas ce qui lui arrive. R\u00e9ussira-t-il \u00e0 mettre de l\u2019ordre dans son coeur et \u00e0 retrouver son \u00e9quilibre avec l\u2019aide de son amie ?<\/p>\n<p>Un spectacle m\u00ealant clown et kamishiba\u00ef pour d\u00e9couvrir les \u00e9motions, destin\u00e9 aux petits et aux grands qui s\u2019\u00e9merveillent encore\u2026<\/p>\n<p>Artiste(s) : Oumria Mouffok<\/p>\n<p>Metteur en sc\u00e8ne : Aline Johnston<\/p>\n<p>Infos r\u00e9servations<br \/>Billetterie : billetreduc.com\/376814\/evt.htm<br \/>Par t\u00e9l\u00e9phone au 06 65 62 59 69<br \/>Tarif : 10\u20ac<\/p>\n<p>Caf\u00e9 Th\u00e9\u00e2tre de la Porte d\u2019Italie<br \/>Toulon<\/p>\n<p><a href=\"https:\/\/www.restosducoeur.org\/associations-departementales\/les-restos-du-coeur-du-var\/\" target=\"_blank\" rel=\"noopener\"><img decoding=\"async\" style=\"height:70px;width:140px\" src=\"https:\/\/www.europesays.com\/fr\/wp-content\/uploads\/2025\/04\/restos-du-coeur.jpg\"\/><\/a>        <\/p>\n","protected":false},"excerpt":{"rendered":"Spectacle enfant La couleur des \u00e9motions \u00e0 Toulon du samedi 13 \u00e0 16h au dimanche 14 d\u00e9cembre 2025&hellip;\n","protected":false},"author":2,"featured_media":585684,"comment_status":"","ping_status":"","sticky":false,"template":"","format":"standard","meta":{"footnotes":""},"categories":[9619],"tags":[1111,11,1777,674,1011,27,12,882,25,2310],"class_list":{"0":"post-585683","1":"post","2":"type-post","3":"status-publish","4":"format-standard","5":"has-post-thumbnail","7":"category-toulon","8":"tag-actu","9":"tag-actualites","10":"tag-eu","11":"tag-europe","12":"tag-fr","13":"tag-france","14":"tag-news","15":"tag-provence-alpes-cote-dazur","16":"tag-republique-francaise","17":"tag-toulon"},"share_on_mastodon":{"url":"https:\/\/pubeurope.com\/@fr\/115682355308617373","error":""},"_links":{"self":[{"href":"https:\/\/www.europesays.com\/fr\/wp-json\/wp\/v2\/posts\/585683","targetHints":{"allow":["GET"]}}],"collection":[{"href":"https:\/\/www.europesays.com\/fr\/wp-json\/wp\/v2\/posts"}],"about":[{"href":"https:\/\/www.europesays.com\/fr\/wp-json\/wp\/v2\/types\/post"}],"author":[{"embeddable":true,"href":"https:\/\/www.europesays.com\/fr\/wp-json\/wp\/v2\/users\/2"}],"replies":[{"embeddable":true,"href":"https:\/\/www.europesays.com\/fr\/wp-json\/wp\/v2\/comments?post=585683"}],"version-history":[{"count":0,"href":"https:\/\/www.europesays.com\/fr\/wp-json\/wp\/v2\/posts\/585683\/revisions"}],"wp:featuredmedia":[{"embeddable":true,"href":"https:\/\/www.europesays.com\/fr\/wp-json\/wp\/v2\/media\/585684"}],"wp:attachment":[{"href":"https:\/\/www.europesays.com\/fr\/wp-json\/wp\/v2\/media?parent=585683"}],"wp:term":[{"taxonomy":"category","embeddable":true,"href":"https:\/\/www.europesays.com\/fr\/wp-json\/wp\/v2\/categories?post=585683"},{"taxonomy":"post_tag","embeddable":true,"href":"https:\/\/www.europesays.com\/fr\/wp-json\/wp\/v2\/tags?post=585683"}],"curies":[{"name":"wp","href":"https:\/\/api.w.org\/{rel}","templated":true}]}}