{"id":5857,"date":"2025-04-06T17:42:15","date_gmt":"2025-04-06T17:42:15","guid":{"rendered":"https:\/\/www.europesays.com\/fr\/5857\/"},"modified":"2025-04-06T17:42:15","modified_gmt":"2025-04-06T17:42:15","slug":"jaminet-inspire-isa-ravageur-la-defense-toulonnaise-souvent-prise-a-revers-les-tops-et-les-flops","status":"publish","type":"post","link":"https:\/\/www.europesays.com\/fr\/5857\/","title":{"rendered":"Jaminet inspir\u00e9, Isa ravageur, la d\u00e9fense toulonnaise souvent prise \u00e0 revers&#8230; Les tops et les flops"},"content":{"rendered":"<p>Au terme d\u2019un immense succ\u00e8s (72-42), notamment gr\u00e2ce \u00e0 une folle remont\u00e9e, les Toulonnais ont compost\u00e9 leur billet pour les quarts de finale de Champions Cup. Retrouvez ce qui a plu et d\u00e9plu \u00e0 la r\u00e9daction du Figaro.<\/p>\n<p class=\"fig-paragraph\"><strong>TOPS<\/strong><\/p>\n<p>Melvyn Jaminet d\u2019abord en trombe puis en feu<\/p>\n<p class=\"fig-paragraph\">Auteur d\u2019une \u00e9norme performance, au cours de laquelle l\u2019ancien Toulousain a inscrit 32 points avec un doubl\u00e9 \u00e0 la cl\u00e9,\u00a0<a href=\"http:\/\/www.lefigaro.fr\/sports\/rugby\/top-14\/un-dossier-explosif-l-affaire-jaminet-risque-de-couter-tres-cher-au-stade-toulousain-20250213\" data-fig-type=\"NewsFlash\" data-gtm-custom-categorie=\"navigation\" data-gtm-custom-action=\"crossclick\" data-gtm-custom-label=\"Contextuel\" data-gtm-event=\"customEventSPE\" data-fig-domain=\"LEFIGARO\" target=\"_blank\" rel=\"noopener\">Jaminet,<\/a>\u00a0\u00e0 l\u2019image de son \u00e9quipe, s\u2019est montr\u00e9 tr\u00e8s inspir\u00e9 en seconde p\u00e9riode. Une performance tr\u00e8s aboutie de la part de l\u2019arri\u00e8re toulonnais, qui s\u2019est montr\u00e9 tr\u00e8s disponible \u00e0 de nombreuses reprises et qui n\u2019a manqu\u00e9 que deux petites transformations sur les dix essais toulonnais. Interrog\u00e9 sur la premi\u00e8re p\u00e9riode rat\u00e9e des siens, l\u2019international a d\u00e9crit un exc\u00e8s \u00abd\u2019excitation\u00bb qui a finalement vir\u00e9 \u00e0 la maladresse en d\u00e9but de match.<\/p>\n<p>Le coaching gagnant de Pierre Mignoni<\/p>\n<p class=\"fig-paragraph\">Alors qu\u2019il avait d\u00e9clar\u00e9 avant la rencontre que si le RCT se qualifiait, les Toulonnais le feraient \u00e0 23 et non \u00e0 15, l\u2019entra\u00eeneur de 48 ans a bel et bien tenu sa promesse, lui qui a r\u00e9alis\u00e9 cinq remplacements, tous d\u00e9terminants dans le succ\u00e8s toulonnais. \u00c0 l\u2019image de l\u2019entr\u00e9e de Baptiste Serin \u00e0 la place de White (un essai marqu\u00e9) ou de Tuicuvu (un essai en fin de match marqu\u00e9), Mignoni a su trouver les mots justes \u00e0 la mi-temps pour relancer son XV en mauvaise posture apr\u00e8s les premi\u00e8res 40 minutes.<\/p>\n<p class=\"fig-body-link\">\n            \u00c0 lire aussi<br \/>\n        <a class=\"fig-body-link__link\" href=\"http:\/\/www.lefigaro.fr\/sports\/rugby\/coupe-d-europe\/champions-cup-en-video-le-resume-de-la-folle-remontada-de-toulon-contre-les-saracens-20250405\" data-fig-type=\"NewsFlash\" data-gtm-custom-categorie=\"navigation\" data-gtm-custom-action=\"crossclick\" data-gtm-custom-label=\"Contextuel\" data-gtm-event=\"customEventSPE\" data-fig-domain=\"LEFIGARO\" target=\"_blank\" rel=\"noopener\">Champions Cup\u00a0: en vid\u00e9o, le r\u00e9sum\u00e9 de la folle remontada de Toulon contre les Saracens<br \/>\n    <\/a>\n<\/p>\n<p>Facundo Isa, l\u2019Argentin qui ne l\u00e2che rien<\/p>\n<p class=\"fig-paragraph\">Auteur d\u2019un tripl\u00e9 au cours de cette rencontre, le troisi\u00e8me-ligne argentin, r\u00e9put\u00e9 pour sa puissance, a redonn\u00e9 un second souffle au RCT apr\u00e8s une premi\u00e8re p\u00e9riode personnelle rat\u00e9e, d\u00e9clarant\u00a0: \u00abM\u00eame pour moi, ce n\u2019\u00e9tait pas \u00e9vident, j\u2019ai perdu deux, trois ballons. Maintenant on est en quarts de finale et ce sera \u00e0 Mayol. On savait que si on jouait ensemble, on pouvait sortir la t\u00eate de l\u2019eau. On a jou\u00e9 en \u00e9quipe puis on a commenc\u00e9 \u00e0 marquer.\u00bb L\u2019Argentin annonce la couleur pour les quarts de finale\u00a0!<\/p>\n<p class=\"fig-body-link\">\n            \u00c0 lire aussi<br \/>\n        <a class=\"fig-body-link__link\" href=\"http:\/\/www.lefigaro.fr\/sports\/rugby\/coupe-d-europe\/champions-cup-toulon-saracens-deuxieme-match-le-plus-prolifique-de-l-histoire-de-la-competition-20250405\" data-fig-type=\"NewsFlash\" data-gtm-custom-categorie=\"navigation\" data-gtm-custom-action=\"crossclick\" data-gtm-custom-label=\"Contextuel\" data-gtm-event=\"customEventSPE\" data-fig-domain=\"LEFIGARO\" target=\"_blank\" rel=\"noopener\">Champions Cup\u00a0: Toulon-Saracens, deuxi\u00e8me match le plus prolifique de l\u2019histoire de la comp\u00e9tition<br \/>\n    <\/a>\n<\/p>\n<p class=\"fig-paragraph\"><strong>FLOPS<\/strong><\/p>\n<p>Les Saracens perdent pied<\/p>\n<p class=\"fig-paragraph\">D\u00e9pass\u00e9s dans tous les secteurs du jeu, les Sarries ne sont pas parvenus \u00e0 faire pers\u00e9v\u00e9rer le doute dans les t\u00eates toulonnaises, eux qui menaient pourtant \u00e0 la mi-temps. Pris \u00e0 la gorge dans chaque possession adverse, les Anglais n\u2019ont pas r\u00e9ussi \u00e0 tenir la cadence, et n\u2019ont eu que tr\u00e8s peu de possessions dans le camp adverse. Pour autant, les Saracens &#8211; avec leur \u00e9quipe remani\u00e9e &#8211; ont tout m\u00eame eu le m\u00e9rite d\u2019\u00eatre devenus la premi\u00e8re \u00e9quipe \u00e0 inscrire plus de 35 points \u00e0 Mayol cette saison.<\/p>\n<p>La d\u00e9fense toulonnaise en premi\u00e8re p\u00e9riode<\/p>\n<p class=\"fig-paragraph\">Dans un stade Mayol \u00e0 guichets ferm\u00e9s, les Toulonnais ont pour peu dire c\u00e9der \u00e0 la pression en premi\u00e8re p\u00e9riode avec une succession d\u2019essais casquettes encaiss\u00e9s. Ballons rel\u00e2ch\u00e9s, plaquages manqu\u00e9s, le secteur d\u00e9fensif toulonnais \u00e9tait aux abois dans le premier acte, \u00e9galement marqu\u00e9 par une grande efficacit\u00e9 des Anglais sur chacune de leurs possessions. Un premier rideau effac\u00e9 en une seule passe et m\u00eame le grattage de Facundo Isa qui s\u2019est transform\u00e9 en passe d\u00e9cisive pour Gonzalez sont les deux exemples marquants de ces maladresses.<\/p>\n<p>Alex Goode souvent pris&#8230;<\/p>\n<p class=\"fig-paragraph\">Quintuple champion d\u2019Angleterre, l\u2019arri\u00e8re de 36 ans n\u2019a pas r\u00e9alis\u00e9 la meilleure performance de sa longue carri\u00e8re contre le RCT \u00e0 Mayol. Coupable de nombreux retards de placement sur les ballons port\u00e9s et sur les transmissions rapides toulonnaises en seconde p\u00e9riode, l\u2019ancien international du XV de la Rose a peu trouv\u00e9 ses partenaires dans le jeu long. Sa performance est plut\u00f4t \u00e0 l\u2019image de l\u2019impuissance des Saracens face \u00e0 la r\u00e9action toulonnaise en seconde mi-temps.<\/p>\n","protected":false},"excerpt":{"rendered":"Au terme d\u2019un immense succ\u00e8s (72-42), notamment gr\u00e2ce \u00e0 une folle remont\u00e9e, les Toulonnais ont compost\u00e9 leur billet&hellip;\n","protected":false},"author":2,"featured_media":5858,"comment_status":"","ping_status":"","sticky":false,"template":"","format":"standard","meta":{"footnotes":""},"categories":[2],"tags":[11,3463,525,2211,3460,1089,814,2396,1011,27,3462,955,2411,12,3464,2311,3461,1980,479,2946,2259,2310,2312],"class_list":{"0":"post-5857","1":"post","2":"type-post","3":"status-publish","4":"format-standard","5":"has-post-thumbnail","7":"category-actualites","8":"tag-actualites","9":"tag-biarritz","10":"tag-calendrier","11":"tag-championnat-deurope","12":"tag-champions-cup","13":"tag-coupe-deurope","14":"tag-direct","15":"tag-finale","16":"tag-fr","17":"tag-france","18":"tag-leinster","19":"tag-match","20":"tag-munster","21":"tag-news","22":"tag-perpignan","23":"tag-racing","24":"tag-rct","25":"tag-resultats","26":"tag-rugby","27":"tag-saracens","28":"tag-score","29":"tag-toulon","30":"tag-toulouse"},"share_on_mastodon":{"url":"https:\/\/pubeurope.com\/@fr\/114292257114712583","error":""},"_links":{"self":[{"href":"https:\/\/www.europesays.com\/fr\/wp-json\/wp\/v2\/posts\/5857","targetHints":{"allow":["GET"]}}],"collection":[{"href":"https:\/\/www.europesays.com\/fr\/wp-json\/wp\/v2\/posts"}],"about":[{"href":"https:\/\/www.europesays.com\/fr\/wp-json\/wp\/v2\/types\/post"}],"author":[{"embeddable":true,"href":"https:\/\/www.europesays.com\/fr\/wp-json\/wp\/v2\/users\/2"}],"replies":[{"embeddable":true,"href":"https:\/\/www.europesays.com\/fr\/wp-json\/wp\/v2\/comments?post=5857"}],"version-history":[{"count":0,"href":"https:\/\/www.europesays.com\/fr\/wp-json\/wp\/v2\/posts\/5857\/revisions"}],"wp:featuredmedia":[{"embeddable":true,"href":"https:\/\/www.europesays.com\/fr\/wp-json\/wp\/v2\/media\/5858"}],"wp:attachment":[{"href":"https:\/\/www.europesays.com\/fr\/wp-json\/wp\/v2\/media?parent=5857"}],"wp:term":[{"taxonomy":"category","embeddable":true,"href":"https:\/\/www.europesays.com\/fr\/wp-json\/wp\/v2\/categories?post=5857"},{"taxonomy":"post_tag","embeddable":true,"href":"https:\/\/www.europesays.com\/fr\/wp-json\/wp\/v2\/tags?post=5857"}],"curies":[{"name":"wp","href":"https:\/\/api.w.org\/{rel}","templated":true}]}}