{"id":585704,"date":"2025-12-08T05:57:13","date_gmt":"2025-12-08T05:57:13","guid":{"rendered":"https:\/\/www.europesays.com\/fr\/585704\/"},"modified":"2025-12-08T05:57:13","modified_gmt":"2025-12-08T05:57:13","slug":"saint-sebastien-sur-loire-un-concert-de-noel-le-14-decembre-a-leglise","status":"publish","type":"post","link":"https:\/\/www.europesays.com\/fr\/585704\/","title":{"rendered":"Saint-S\u00e9bastien-sur-Loire. Un concert de No\u00ebl le 14\u00a0d\u00e9cembre \u00e0 l\u2019\u00e9glise"},"content":{"rendered":"<p>Cette ann\u00e9e la Voix du Fleuve a d\u00e9cid\u00e9 d\u2019innover en invitant le public \u00e0 la suivre \u00e0\u00a0travers les no\u00ebls traditionnels europ\u00e9ens de l\u2019\u00c9cosse \u00e0 l\u2019Ukraine en passant par l\u2019Italie, la Catalogne et m\u00eame au-del\u00e0 avec le Negro-spiritual. Et pour terminer en France en beaut\u00e9 avec\u00a0les incontournables No\u00ebl de l\u2019enfance chant\u00e9s ensemble avec les choristes.<\/p>\n<p>La Voix du Fleuve se produira le dimanche 14\u00a0d\u00e9cembre \u00e0 l\u2019\u00e9glise du Bourg \u00e0 partir de 16\u00a0h.<\/p>\n<p>Tarif\u00a0: 12\u00a0\u20ac, gratuit pour les moins de 12\u00a0ans. Informations et r\u00e9servations au 06\u00a004\u00a048\u00a082\u00a090 ou r\u00e9servation sur hello Asso<\/p>\n<p>\u00a0<\/p>\n","protected":false},"excerpt":{"rendered":"Cette ann\u00e9e la Voix du Fleuve a d\u00e9cid\u00e9 d\u2019innover en invitant le public \u00e0 la suivre \u00e0\u00a0travers les&hellip;\n","protected":false},"author":2,"featured_media":585705,"comment_status":"","ping_status":"","sticky":false,"template":"","format":"standard","meta":{"footnotes":""},"categories":[2818],"tags":[5659,1111,11,1697,49832,12336,1777,674,1011,27,766,12,15830,2636,25,3524],"class_list":{"0":"post-585704","1":"post","2":"type-post","3":"status-publish","4":"format-standard","5":"has-post-thumbnail","7":"category-nantes","8":"tag-5659","9":"tag-actu","10":"tag-actualites","11":"tag-concert","12":"tag-decembre","13":"tag-eglise","14":"tag-eu","15":"tag-europe","16":"tag-fr","17":"tag-france","18":"tag-nantes","19":"tag-news","20":"tag-noel","21":"tag-pays-de-la-loire","22":"tag-republique-francaise","23":"tag-saint-sebastien-sur-loire"},"share_on_mastodon":{"url":"https:\/\/pubeurope.com\/@fr\/115682413329917664","error":""},"_links":{"self":[{"href":"https:\/\/www.europesays.com\/fr\/wp-json\/wp\/v2\/posts\/585704","targetHints":{"allow":["GET"]}}],"collection":[{"href":"https:\/\/www.europesays.com\/fr\/wp-json\/wp\/v2\/posts"}],"about":[{"href":"https:\/\/www.europesays.com\/fr\/wp-json\/wp\/v2\/types\/post"}],"author":[{"embeddable":true,"href":"https:\/\/www.europesays.com\/fr\/wp-json\/wp\/v2\/users\/2"}],"replies":[{"embeddable":true,"href":"https:\/\/www.europesays.com\/fr\/wp-json\/wp\/v2\/comments?post=585704"}],"version-history":[{"count":0,"href":"https:\/\/www.europesays.com\/fr\/wp-json\/wp\/v2\/posts\/585704\/revisions"}],"wp:featuredmedia":[{"embeddable":true,"href":"https:\/\/www.europesays.com\/fr\/wp-json\/wp\/v2\/media\/585705"}],"wp:attachment":[{"href":"https:\/\/www.europesays.com\/fr\/wp-json\/wp\/v2\/media?parent=585704"}],"wp:term":[{"taxonomy":"category","embeddable":true,"href":"https:\/\/www.europesays.com\/fr\/wp-json\/wp\/v2\/categories?post=585704"},{"taxonomy":"post_tag","embeddable":true,"href":"https:\/\/www.europesays.com\/fr\/wp-json\/wp\/v2\/tags?post=585704"}],"curies":[{"name":"wp","href":"https:\/\/api.w.org\/{rel}","templated":true}]}}