{"id":585708,"date":"2025-12-08T05:59:10","date_gmt":"2025-12-08T05:59:10","guid":{"rendered":"https:\/\/www.europesays.com\/fr\/585708\/"},"modified":"2025-12-08T05:59:10","modified_gmt":"2025-12-08T05:59:10","slug":"pourquoi-le-maire-de-bordeaux-rejette-le-projet-de-rehabilitation-de-cette-ancienne-clinique-avec-68-logements","status":"publish","type":"post","link":"https:\/\/www.europesays.com\/fr\/585708\/","title":{"rendered":"Pourquoi le maire de Bordeaux rejette le projet de r\u00e9habilitation de cette ancienne clinique avec 68 logements"},"content":{"rendered":"<p>                    Par<br \/>\n        <strong><br \/>\n            <a href=\"https:\/\/actu.fr\/auteur\/redaction-bordeaux\" title=\"Consulter tous les articles de R\u00e9daction Bordeaux\" target=\"_blank\" rel=\"noopener\">R\u00e9daction Bordeaux<\/a><br \/>\n                    <\/strong><\/p>\n<p>        Publi\u00e9 le<\/p>\n<p>            8 d\u00e9c. 2025 \u00e0 6h36        <\/p>\n<p>Le <a href=\"https:\/\/actu.fr\/tag\/tribunal-de-bordeaux\" target=\"_blank\" rel=\"noopener\">tribunal administratif de Bordeaux<\/a> a d\u00e9bout\u00e9 la soci\u00e9t\u00e9 qui porte le projet de <strong>r\u00e9habilitation de l\u2019ancienne clinique priv\u00e9e Saint-Antoine de Padoue<\/strong>, non loin de la <a href=\"https:\/\/actu.fr\/nouvelle-aquitaine\/bordeaux_33063\/bordeaux-pourquoi-la-place-de-la-victoire-et-les-cours-qui-y-menent-ont-change-de-nom-il-y-a-cent-ans_61088213.html\" target=\"_blank\" rel=\"noopener\">place de la Victoire<\/a>, \u00e0 Bordeaux (Gironde). Le 12 d\u00e9cembre 2016, le maire de l\u2019\u00e9poque avait donn\u00e9 son feu vert \u00e0 un projet de <strong>construction de 68 logements<\/strong>, d\u2019<strong>une \u00e9cole d\u2019aides-soignants<\/strong> et de <strong>bureaux<\/strong> au num\u00e9ro 28 de la rue Walter-Poupot. Le successeur d\u2019<a href=\"https:\/\/actu.fr\/tag\/alain-juppe\" target=\"_blank\" rel=\"noopener\">Alain Jupp\u00e9<\/a>, <a href=\"https:\/\/actu.fr\/tag\/nicolas-florian\" target=\"_blank\" rel=\"noopener\">Nicolas Florian<\/a> (LR), avait finalement fait dresser le 19 juin 2020 un <strong>proc\u00e8s-verbal d\u2019infraction<\/strong> aux <a href=\"https:\/\/actu.fr\/tag\/urbanisme\" target=\"_blank\" rel=\"noopener\">r\u00e8gles d\u2019urbanisme<\/a>.<\/p>\n<p class=\" wall-content\">\u00ab\u00a0Un <strong>c\u00e8dre de taille importante<\/strong>, situ\u00e9 c\u00f4t\u00e9 cour, a \u00e9t\u00e9 abattu le 11 juin 2020\u2033, explique le tribunal administratif de Bordeaux dans un jugement en date du 15 octobre 2025 qui vient d\u2019\u00eatre rendu public.<\/p>\n<p>Plusieurs infractions relev\u00e9es<\/p>\n<p class=\" wall-content\">\u00ab\u00a0Son maintien avait \u00e9t\u00e9 pr\u00e9vu dans le cadre du permis de construire. Compte tenu de son essence, de sa taille et de son implantation au sein d\u2019une cour ferm\u00e9e dont le sol \u00e9tait majoritairement imperm\u00e9abilis\u00e9, il constituait <strong>une composante du site<\/strong> sur laquelle le projet \u00e9tait tenu de s\u2019appuyer.\u00a0\u00bb<\/p>\n<p class=\" wall-content\">D\u2019autres infractions avaient aussi \u00e9t\u00e9 relev\u00e9es concernant <strong>les huisseries du projet immobilier<\/strong>. La soci\u00e9t\u00e9 avait donc d\u00fb revoir sa copie et d\u00e9poser une demande de permis de construire modificatif aupr\u00e8s de la mairie pour r\u00e9gulariser tout cela. Le successeur de Nicolas Florian (LR), <a href=\"https:\/\/actu.fr\/tag\/pierre-hurmic\" target=\"_blank\" rel=\"noopener\">Pierre Hurmic<\/a> (EELV), l\u2019avait rejet\u00e9e en septembre 2022.<\/p>\n<p class=\" wall-content\">\u00ab\u00a0Le c\u00e8dre d\u2019origine, qui sera remplac\u00e9 et compl\u00e9t\u00e9 par d\u2019autres plantations, a \u00e9t\u00e9 abattu en raison de son <strong>mauvais \u00e9tat sanitaire<\/strong> et du danger qu\u2019il repr\u00e9sentait, se d\u00e9fendait le promoteur. L\u2019\u00e9quilibre des plantations et des ext\u00e9rieurs reste le m\u00eame.\u00a0\u00bb Un \u00ab\u00a0agrandissement des espaces verts\u00a0\u00bb avait m\u00eame \u00e9t\u00e9 pr\u00e9vu avec ce nouveau projet.<\/p>\n<p class=\" wall-content\">\u00ab\u00a0Les tuiles choisies permettent d\u2019assurer une mise en valeur des b\u00e2timents et une <strong>bonne int\u00e9gration avec les toitures avoisinantes<\/strong>, positivait de la m\u00eame fa\u00e7on son avocate Caroline Ferrer. Le recours \u00e0 l\u2019enrob\u00e9 \u00e0 la place du b\u00e9ton balay\u00e9 pour les espaces de circulation n\u2019a pas d\u2019impact visuel.\u00a0\u00bb<\/p>\n<p>La tuile judiciaire pour le promoteur<\/p>\n<p class=\" wall-content\">Le tribunal administratif de Bordeaux lui donne raison concernant les 25 places de stationnement pour v\u00e9los sans couverture, en d\u00e9pit du fait que le Plan local d\u2019urbanisme (PLU) de <a href=\"https:\/\/actu.fr\/tag\/bordeaux-metropole\" target=\"_blank\" rel=\"noopener\">Bordeaux M\u00e9tropole<\/a> impose des \u00ab\u00a0espaces d\u00e9di\u00e9s au stationnement des v\u00e9los\u00a0\u00bb qui soient \u00ab\u00a0prot\u00e9g\u00e9s des intemp\u00e9ries\u00a0\u00bb : le permis de construire initial d\u00e9livr\u00e9 en 2016 par le maire l\u2019autorisait et il est \u00e0 pr\u00e9sent \u00ab\u00a0devenu d\u00e9finitif\u00a0\u00bb sur le plan juridique.<\/p>\n<p>Votre r\u00e9gion, votre actu !<\/p>\n<p>Recevez chaque jour les infos qui comptent pour vous.<\/p>\n<p>\t<a href=\"https:\/\/actu.fr\/newsletter\" class=\"ac-btn ac-btn--corner ac-btn--medium ac-btn--blue800\" target=\"_blank\" rel=\"noopener\">S&rsquo;incrire<\/a><\/p>\n<p class=\" wall-content\">Quelque 70 \u00e0 80 m\u00e8tres carr\u00e9s vont aussi \u00eatre restitu\u00e9s aux espaces verts ; le projet ne porte donc \u00ab\u00a0aucune atteinte suppl\u00e9mentaire\u00a0\u00bb aux r\u00e8gles d\u2019urbanisme mais \u00ab\u00a0rend au contraire la construction plus conforme\u00a0\u00bb.<\/p>\n<p class=\" wall-content\">Un \u00ab\u00a0nouvel arbre de m\u00eame essence\u00a0\u00bb que le c\u00e8dre abattu va aussi \u00eatre plant\u00e9 et aura \u00ab\u00a0un d\u00e9veloppement au moins \u00e9quivalent\u00a0\u00bb, veut croire le tribunal administratif de Bordeaux. Des haies v\u00e9g\u00e9talis\u00e9es ont \u00e9galement \u00e9t\u00e9 pr\u00e9vues tout autour du local \u00e0 poubelles.<\/p>\n<p>Des produits de \u00ab\u00a0moindre qualit\u00e9\u00a0\u00bb<\/p>\n<p class=\" wall-content\">En revanche, les juges reprochent au promoteur d\u2019avoir \u00ab\u00a0remplac\u00e9\u00a0\u00bb ses \u00ab\u00a0tuiles canal\u00a0\u00bb \u2013 qui sont \u00ab\u00a0caract\u00e9ristiques des toitures bordelaises\u00a0\u00bb \u2013 par des<strong> \u00ab\u00a0tuiles de moindre qualit\u00e9\u00a0\u00bb<\/strong>. \u00ab\u00a0La majeure partie des menuiseries \u00e9taient initialement en bois et en zinc, ce que le permis initial pr\u00e9voyait de maintenir\u00a0\u00bb, notent-ils aussi. Or, le nouveau projet pr\u00e9voit plut\u00f4t des <strong>\u00ab\u00a0menuiseries en PVC\u00a0\u00bb<\/strong> sur \u00ab\u00a0nombre de fa\u00e7ades\u00a0\u00bb du b\u00e2timent\u2026<\/p>\n<p class=\" wall-content\">\u00ab\u00a0Si la soci\u00e9t\u00e9 fait valoir qu\u2019il s\u2019agit de fa\u00e7ades de moindre qualit\u00e9 architecturale, leur remplacement fait cependant obstacle \u00e0 la mise en valeur de l\u2019immeuble alors que leur emploi est sans coh\u00e9rence avec les autres \u00e9l\u00e9ments de la construction\u00a0\u00bb, consid\u00e8rent les magistrats.<\/p>\n<p class=\" wall-content\">Ils ont donc confort\u00e9<strong> le veto de Pierre Hurmic<\/strong> au nouveau projet. La soci\u00e9t\u00e9, qui voulait temporiser dans l\u2019attente du rapport d\u2019un expert judiciaire mandat\u00e9 en avril 2024, a jusqu\u201915 d\u00e9cembre 2025 pour faire appel de ce jugement.<\/p>\n<p class=\" wall-content\"><strong>PressPepper<\/strong><\/p>\n<p class=\" wall-content\">Personnalisez votre actualit\u00e9 en ajoutant vos villes et m\u00e9dias en favori avec <a href=\"https:\/\/moncompte.actu.fr\" title=\"D\u00e9couvez Mon Actu\" rel=\"nofollow noopener\" data-trk=\"{&quot;cta&quot;:{&quot;action&quot;:&quot;https:\\\/\\\/moncompte.actu.fr&quot;,&quot;category&quot;:&quot;mon compte&quot;,&quot;from&quot;:&quot;article footer&quot;,&quot;name&quot;:&quot;Mon actu&quot;,&quot;type&quot;:&quot;cta&quot;}}\" target=\"_blank\">Mon Actu<\/a>.<\/p>\n","protected":false},"excerpt":{"rendered":"Par R\u00e9daction Bordeaux Publi\u00e9 le 8 d\u00e9c. 2025 \u00e0 6h36 Le tribunal administratif de Bordeaux a d\u00e9bout\u00e9 la&hellip;\n","protected":false},"author":2,"featured_media":585709,"comment_status":"","ping_status":"","sticky":false,"template":"","format":"standard","meta":{"footnotes":""},"categories":[2817],"tags":[1111,11,1997,1777,674,1011,27,1908,12,12414,2219,25,104,7559],"class_list":{"0":"post-585708","1":"post","2":"type-post","3":"status-publish","4":"format-standard","5":"has-post-thumbnail","7":"category-bordeaux","8":"tag-actu","9":"tag-actualites","10":"tag-bordeaux","11":"tag-eu","12":"tag-europe","13":"tag-fr","14":"tag-france","15":"tag-logement","16":"tag-news","17":"tag-nicolas-florian","18":"tag-nouvelle-aquitaine","19":"tag-republique-francaise","20":"tag-societe","21":"tag-tribunal-de-bordeaux"},"share_on_mastodon":{"url":"https:\/\/pubeurope.com\/@fr\/115682421325683036","error":""},"_links":{"self":[{"href":"https:\/\/www.europesays.com\/fr\/wp-json\/wp\/v2\/posts\/585708","targetHints":{"allow":["GET"]}}],"collection":[{"href":"https:\/\/www.europesays.com\/fr\/wp-json\/wp\/v2\/posts"}],"about":[{"href":"https:\/\/www.europesays.com\/fr\/wp-json\/wp\/v2\/types\/post"}],"author":[{"embeddable":true,"href":"https:\/\/www.europesays.com\/fr\/wp-json\/wp\/v2\/users\/2"}],"replies":[{"embeddable":true,"href":"https:\/\/www.europesays.com\/fr\/wp-json\/wp\/v2\/comments?post=585708"}],"version-history":[{"count":0,"href":"https:\/\/www.europesays.com\/fr\/wp-json\/wp\/v2\/posts\/585708\/revisions"}],"wp:featuredmedia":[{"embeddable":true,"href":"https:\/\/www.europesays.com\/fr\/wp-json\/wp\/v2\/media\/585709"}],"wp:attachment":[{"href":"https:\/\/www.europesays.com\/fr\/wp-json\/wp\/v2\/media?parent=585708"}],"wp:term":[{"taxonomy":"category","embeddable":true,"href":"https:\/\/www.europesays.com\/fr\/wp-json\/wp\/v2\/categories?post=585708"},{"taxonomy":"post_tag","embeddable":true,"href":"https:\/\/www.europesays.com\/fr\/wp-json\/wp\/v2\/tags?post=585708"}],"curies":[{"name":"wp","href":"https:\/\/api.w.org\/{rel}","templated":true}]}}