{"id":585710,"date":"2025-12-08T06:00:20","date_gmt":"2025-12-08T06:00:20","guid":{"rendered":"https:\/\/www.europesays.com\/fr\/585710\/"},"modified":"2025-12-08T06:00:20","modified_gmt":"2025-12-08T06:00:20","slug":"a-bordeaux-lheure-du-bilan-pour-le-maire-ecologiste-pierre-hurmic","status":"publish","type":"post","link":"https:\/\/www.europesays.com\/fr\/585710\/","title":{"rendered":"\u00e0 Bordeaux, l\u2019heure du bilan pour le maire \u00e9cologiste Pierre Hurmic"},"content":{"rendered":"<p class=\"upper-letter\">Pour une fois, le maire a troqu\u00e9 son v\u00e9lo \u00e9lectrique vert pomme pour la voiture le temps d\u2019une visite protocolaire. Sur le chemin, un v\u00e9hicule utilitaire de d\u00e9sencombrement sigl\u00e9 de la soci\u00e9t\u00e9 Pierre bloque cette rue bordelaise escarp\u00e9e. \u00ab\u00a0Il s\u2019appelle Pierre lui aussi, alors forc\u00e9ment, il d\u00e9barrasse tout, s\u2019identifie Monsieur Hurmic. Mais l\u00e0, il faudrait juste qu\u2019il d\u00e9barrasse sa bagnole pour que l\u2019on puisse passer.\u00a0\u00bb L\u2019\u00e9dile \u00e9cologiste est un homme \u00ab\u00a0direct\u00a0\u00bb, selon ses termes, qui, <a href=\"https:\/\/www.challenges.fr\/politique\/municipales-pierre-hurmic-ce-catho-basque-ecolo-qui-vient-d-etre-elu-maire-de-bordeaux_717072\" target=\"_blank\" rel=\"noopener\">apr\u00e8s presque six ans de mandat<\/a>, revendique d\u2019avoir d\u00e9poussi\u00e9r\u00e9 une ville acquise \u00e0 la droite depuis la Lib\u00e9ration, longtemps gard\u00e9e par les historiques Chaban-Delmas et Jupp\u00e9.<\/p>\n<p>Caricatur\u00e9 en arriviste \u00e9colo au d\u00e9but de son mandat, lorsqu\u2019il <a href=\"https:\/\/www.challenges.fr\/politique\/le-sapin-ecolo-du-maire-de-bordeaux-ne-plait-pas-a-valerie-pecresse_794375\" target=\"_blank\" rel=\"noopener\">a remplac\u00e9 le sapin de No\u00ebl de Bordeaux<\/a>, cet \u00ab\u00a0arbre mort\u00a0\u00bb, en une structure artistique, Pierre Hurmic a fait le job sur l\u2019\u00e9cologie. A la fin de son mandat, les boulevards, n\u0153ud de la pollution de la ville, enregistrent une baisse de 35 % du dioxyde d\u2019azote et l\u2019espace pi\u00e9ton a gagn\u00e9 90\u00a0hectares et 57 000\u00a0nouveaux arbres. Si bien que la pratique du v\u00e9lo s\u2019est intensifi\u00e9e de 43 % en centre-ville. \u00ab\u00a0Alain Jupp\u00e9 avait multipli\u00e9 les projets, Pierre Hurmic les a transform\u00e9s avec plus de v\u00e9g\u00e9talisation, analyse Ludovic Renard, politologue \u00e0 Sciences-Po Bordeaux. Compte tenu des attentes des habitants, dont beaucoup sont bourgeois et \u00e9colos, cette strat\u00e9gie a \u00e9t\u00e9 la bonne.\u00a0\u00bb<\/p>\n","protected":false},"excerpt":{"rendered":"Pour une fois, le maire a troqu\u00e9 son v\u00e9lo \u00e9lectrique vert pomme pour la voiture le temps d\u2019une&hellip;\n","protected":false},"author":2,"featured_media":585711,"comment_status":"","ping_status":"","sticky":false,"template":"","format":"standard","meta":{"footnotes":""},"categories":[2817],"tags":[1111,11,1997,4188,1777,674,1011,27,12,2219,25],"class_list":{"0":"post-585710","1":"post","2":"type-post","3":"status-publish","4":"format-standard","5":"has-post-thumbnail","7":"category-bordeaux","8":"tag-actu","9":"tag-actualites","10":"tag-bordeaux","11":"tag-elections-municipales","12":"tag-eu","13":"tag-europe","14":"tag-fr","15":"tag-france","16":"tag-news","17":"tag-nouvelle-aquitaine","18":"tag-republique-francaise"},"share_on_mastodon":{"url":"https:\/\/pubeurope.com\/@fr\/115682425269334696","error":""},"_links":{"self":[{"href":"https:\/\/www.europesays.com\/fr\/wp-json\/wp\/v2\/posts\/585710","targetHints":{"allow":["GET"]}}],"collection":[{"href":"https:\/\/www.europesays.com\/fr\/wp-json\/wp\/v2\/posts"}],"about":[{"href":"https:\/\/www.europesays.com\/fr\/wp-json\/wp\/v2\/types\/post"}],"author":[{"embeddable":true,"href":"https:\/\/www.europesays.com\/fr\/wp-json\/wp\/v2\/users\/2"}],"replies":[{"embeddable":true,"href":"https:\/\/www.europesays.com\/fr\/wp-json\/wp\/v2\/comments?post=585710"}],"version-history":[{"count":0,"href":"https:\/\/www.europesays.com\/fr\/wp-json\/wp\/v2\/posts\/585710\/revisions"}],"wp:featuredmedia":[{"embeddable":true,"href":"https:\/\/www.europesays.com\/fr\/wp-json\/wp\/v2\/media\/585711"}],"wp:attachment":[{"href":"https:\/\/www.europesays.com\/fr\/wp-json\/wp\/v2\/media?parent=585710"}],"wp:term":[{"taxonomy":"category","embeddable":true,"href":"https:\/\/www.europesays.com\/fr\/wp-json\/wp\/v2\/categories?post=585710"},{"taxonomy":"post_tag","embeddable":true,"href":"https:\/\/www.europesays.com\/fr\/wp-json\/wp\/v2\/tags?post=585710"}],"curies":[{"name":"wp","href":"https:\/\/api.w.org\/{rel}","templated":true}]}}