{"id":585716,"date":"2025-12-08T06:04:19","date_gmt":"2025-12-08T06:04:19","guid":{"rendered":"https:\/\/www.europesays.com\/fr\/585716\/"},"modified":"2025-12-08T06:04:19","modified_gmt":"2025-12-08T06:04:19","slug":"%f0%9f%97%9e%ef%b8%8fnews-pros-lille-pret-a-vendre-bouaddi-pour-60-me-apres-sa-prolongation-de-contrat-le-psg-toujours-interesse-foot-mercato","status":"publish","type":"post","link":"https:\/\/www.europesays.com\/fr\/585716\/","title":{"rendered":"\ud83d\uddde\ufe0f[News-Pros] Lille pr\u00eat \u00e0 vendre Bouaddi pour 60 M\u20ac apr\u00e8s sa prolongation de contrat, le PSG toujours int\u00e9ress\u00e9 (Foot Mercato)"},"content":{"rendered":"<p class=\"date\">\n\t\t\t\t\t\t\t\tPubli\u00e9 le 7 d\u00e9cembre 2025\t\t\t\t\t\t\t\t<\/p>\n<p>\t\t\t\t\t\t\t\t\t\t\t\t\t\t\t\t\t<img decoding=\"async\" class=\"img-responsive img-thumbnail\" src=\"https:\/\/www.europesays.com\/fr\/wp-content\/uploads\/2025\/12\/Breaking-News-2025-12-05T000713.464-1024x576.png\" alt=\"\"\/><\/p>\n<p>Cette semaine, Lille a annonc\u00e9 la prolongation du contrat du jeune prodige <strong>Ayyoub Bouaddi<\/strong>, l\u2019adolescent \u00e9tant li\u00e9 au club jusqu\u2019\u00e0 l\u2019\u00e9t\u00e9 2029.<\/p>\n<p>Cependant, le m\u00e9dia Foot Mercato rapporte que Lille serait toujours dispos\u00e9 \u00e0 vendre le jeune milieu de terrain si une offre de 60 millions d\u2019euros \u00e9tait formul\u00e9e.<\/p>\n<p>Le PSG, parmi d\u2019autres grands clubs qui suivent de pr\u00e8s son \u00e9volution, est toujours int\u00e9ress\u00e9 par le joueur.<\/p>\n<p>Il est toutefois peu probable que le PSG d\u00e9bourse 60 millions d\u2019euros pour un joueur de 18 ans.<\/p>\n<p class=\"content-etiquette\">\n\t\t\t\t\t\t\t\t\t<a href=\"https:\/\/www.lestitisdupsg.fr\/tag\/ayyoub-bouaddi\/\" rel=\"tag noopener\" target=\"_blank\">ayyoub bouaddi<\/a><a href=\"https:\/\/www.lestitisdupsg.fr\/tag\/lille\/\" rel=\"tag noopener\" target=\"_blank\">lille<\/a>\t\t\t\t\t\t\t\t<\/p>\n","protected":false},"excerpt":{"rendered":"Publi\u00e9 le 7 d\u00e9cembre 2025 Cette semaine, Lille a annonc\u00e9 la prolongation du contrat du jeune prodige Ayyoub&hellip;\n","protected":false},"author":2,"featured_media":585717,"comment_status":"","ping_status":"","sticky":false,"template":"","format":"standard","meta":{"footnotes":""},"categories":[2815],"tags":[1111,11,1777,674,1011,27,811,1307,12,25],"class_list":{"0":"post-585716","1":"post","2":"type-post","3":"status-publish","4":"format-standard","5":"has-post-thumbnail","7":"category-lille","8":"tag-actu","9":"tag-actualites","10":"tag-eu","11":"tag-europe","12":"tag-fr","13":"tag-france","14":"tag-hauts-de-france","15":"tag-lille","16":"tag-news","17":"tag-republique-francaise"},"share_on_mastodon":{"url":"https:\/\/pubeurope.com\/@fr\/115682441531689962","error":""},"_links":{"self":[{"href":"https:\/\/www.europesays.com\/fr\/wp-json\/wp\/v2\/posts\/585716","targetHints":{"allow":["GET"]}}],"collection":[{"href":"https:\/\/www.europesays.com\/fr\/wp-json\/wp\/v2\/posts"}],"about":[{"href":"https:\/\/www.europesays.com\/fr\/wp-json\/wp\/v2\/types\/post"}],"author":[{"embeddable":true,"href":"https:\/\/www.europesays.com\/fr\/wp-json\/wp\/v2\/users\/2"}],"replies":[{"embeddable":true,"href":"https:\/\/www.europesays.com\/fr\/wp-json\/wp\/v2\/comments?post=585716"}],"version-history":[{"count":0,"href":"https:\/\/www.europesays.com\/fr\/wp-json\/wp\/v2\/posts\/585716\/revisions"}],"wp:featuredmedia":[{"embeddable":true,"href":"https:\/\/www.europesays.com\/fr\/wp-json\/wp\/v2\/media\/585717"}],"wp:attachment":[{"href":"https:\/\/www.europesays.com\/fr\/wp-json\/wp\/v2\/media?parent=585716"}],"wp:term":[{"taxonomy":"category","embeddable":true,"href":"https:\/\/www.europesays.com\/fr\/wp-json\/wp\/v2\/categories?post=585716"},{"taxonomy":"post_tag","embeddable":true,"href":"https:\/\/www.europesays.com\/fr\/wp-json\/wp\/v2\/tags?post=585716"}],"curies":[{"name":"wp","href":"https:\/\/api.w.org\/{rel}","templated":true}]}}