{"id":585719,"date":"2025-12-08T06:06:12","date_gmt":"2025-12-08T06:06:12","guid":{"rendered":"https:\/\/www.europesays.com\/fr\/585719\/"},"modified":"2025-12-08T06:06:12","modified_gmt":"2025-12-08T06:06:12","slug":"face-au-narcotrafic-le-travail-sans-fin-des-associations-dans-les-cites-marseillaises","status":"publish","type":"post","link":"https:\/\/www.europesays.com\/fr\/585719\/","title":{"rendered":"face au narcotrafic, le travail sans fin des associations dans les cit\u00e9s marseillaises"},"content":{"rendered":"<p>\n    <strong>REPORTAGE &#8211;<\/strong> Trois semaines apr\u00e8s l\u2019assassinat de Mehdi Kessaci, les associations luttent pour ne pas c\u00e9der \u00e0 la r\u00e9signation face au narcotrafic qui gangr\u00e8ne la ville, malgr\u00e9 la violence, la mis\u00e8re et un manque de moyens.<\/p>\n<p class=\"fig-paragraph\">\u00abIl y a eu le monsieur qui est\u00a0<a href=\"http:\/\/www.lefigaro.fr\/marseille\/marseille-un-commando-de-la-dz-mafia-ecroue-pour-un-meurtre-en-pleine-rue-20251014\" data-fig-type=\"NewsFlash\" data-gtm-custom-categorie=\"navigation\" data-gtm-custom-action=\"crossclick\" data-gtm-custom-label=\"Contextuel\" data-gtm-event=\"customEventSPE\" data-fig-domain=\"LEFIGARO\" target=\"_blank\" rel=\"noopener\">mort\u00a0<\/a> en octobre rue de Crim\u00e9e, devant le Basic Fit, se rem\u00e9more Maylis, une tasse de caf\u00e9 \u00e0 la main, dans son bureau du troisi\u00e8me arrondissement de Marseille. Ce n\u2019\u00e9tait vraiment pas tr\u00e8s loin d\u2019ici.\u00bb Il y a eu \u00e9galement ce jeune homme d\u2019\u00e0 peine 18 ans abattu de quatre balles dans le dos dans une des tours de la cit\u00e9 Bel Horizon, \u00e0 dix minutes \u00e0 pied de l\u00e0. \u00c0 un kilom\u00e8tre \u00e9galement, le site\u00a0<a href=\"http:\/\/www.lefigaro.fr\/marseille\/la-facade-sert-de-publicite-au-point-de-deal-a-marseille-les-salaries-d-orange-ne-veulent-plus-cohabiter-avec-le-narcotrafic-20251128\" data-fig-type=\"NewsFlash\" data-gtm-custom-categorie=\"navigation\" data-gtm-custom-action=\"crossclick\" data-gtm-custom-label=\"Contextuel\" data-gtm-event=\"customEventSPE\" data-fig-domain=\"LEFIGARO\" target=\"_blank\" rel=\"noopener\">d\u2019Orange\u00a0<\/a>a provisoirement ferm\u00e9 ses portes, la direction estimant que la s\u00e9curit\u00e9 des salari\u00e9s n\u2019\u00e9tait pas assur\u00e9e face au narcotrafic. Le tout en \u00e0 peine deux mois.<\/p>\n<p class=\"fig-paragraph\">En ce matin de fin novembre, Maylis \u00e9graine les homicides et incidents qui ponctuent son quotidien et celui de ses coll\u00e8gues, au sein de l\u2019association Massajobs. \u00abMais je ne viens pas au boulot tous les jours en me disant que je vais me faire tuer, je vous rassure\u00a0!\u00bb, lance-t-elle dans un sourire. \u00abMais c\u2019est vrai qu\u2019il y a un climat de violence. De fait, \u00e7a fait partie du quartier.\u00bb L\u2019association d\u2019aide\u2026<\/p>\n<p class=\"fig-premium-paywall__infos\">\n        Cet article est r\u00e9serv\u00e9 aux abonn\u00e9s.        Il vous reste 84% \u00e0 d\u00e9couvrir.\n    <\/p>\n<p>                <img  data- alt=\"Le Figaro\" class=\"fig-img--complete fig-img\"\/><\/p>\n<p class=\"fig-premium-paywall__title\">Vente Flash<\/p>\n<p class=\"fig-premium-paywall__subtitle\">-50% sur l&rsquo;abonnement num\u00e9rique<\/p>\n<p class=\"fig-premium-paywall__connect\">\n                D\u00e9j\u00e0 abonn\u00e9\u00a0?                <a class=\"fig-premium-paywall__connect-link\" href=\"https:\/\/connect.lefigaro.fr\/login?client=horizon_web&amp;type=main&amp;redirect_uri=https%3A%2F%2Fwww.lefigaro.fr%2Fmarseille%2Fla-realite-c-est-que-rien-ne-change-face-au-narcotrafic-le-travail-sans-fin-des-associations-dans-les-cites-marseillaises-20251208\" data-js-gtm=\"{&quot;customCategorie&quot;: &quot;conversion&quot;, &quot;customAction&quot;: &quot;before_Landing_Connexion_paywall_auto&quot;, &quot;customLabel&quot;: &quot;bGVmaWdhcm8uZnJfXzFmMGNjNDc1LThhMGQtNmQxZS04YmZhLTMxOGIxNWZmNDljN19fTmV3c0ZsYXNo_\u00abLa r\u00e9alit\u00e9, c\u2019est que rien ne change\u00bb\u00a0: face au narcotrafic, le travail sans fin des associations dans les cit\u00e9s marseillaises_409&quot;, &quot;customIDSPE&quot;: &quot;bGVmaWdhcm8uZnJfXzFmMGNjNDc1LThhMGQtNmQxZS04YmZhLTMxOGIxNWZmNDljN19fTmV3c0ZsYXNo&quot;, &quot;event&quot;: &quot;customEventSPE&quot;}\" target=\"_blank\" rel=\"noopener\"><br \/>\n                    Connectez-vous<br \/>\n                <\/a>\n            <\/p>\n","protected":false},"excerpt":{"rendered":"REPORTAGE &#8211; Trois semaines apr\u00e8s l\u2019assassinat de Mehdi Kessaci, les associations luttent pour ne pas c\u00e9der \u00e0 la&hellip;\n","protected":false},"author":2,"featured_media":585720,"comment_status":"","ping_status":"","sticky":false,"template":"","format":"standard","meta":{"footnotes":""},"categories":[2814],"tags":[1111,11,1777,674,1011,27,884,8721,12,882,10210,25,887],"class_list":{"0":"post-585719","1":"post","2":"type-post","3":"status-publish","4":"format-standard","5":"has-post-thumbnail","7":"category-marseille","8":"tag-actu","9":"tag-actualites","10":"tag-eu","11":"tag-europe","12":"tag-fr","13":"tag-france","14":"tag-marseille","15":"tag-narcotrafic","16":"tag-news","17":"tag-provence-alpes-cote-dazur","18":"tag-reglement-de-compte","19":"tag-republique-francaise","20":"tag-trafic-de-drogue"},"share_on_mastodon":{"url":"https:\/\/pubeurope.com\/@fr\/115682448784128058","error":""},"_links":{"self":[{"href":"https:\/\/www.europesays.com\/fr\/wp-json\/wp\/v2\/posts\/585719","targetHints":{"allow":["GET"]}}],"collection":[{"href":"https:\/\/www.europesays.com\/fr\/wp-json\/wp\/v2\/posts"}],"about":[{"href":"https:\/\/www.europesays.com\/fr\/wp-json\/wp\/v2\/types\/post"}],"author":[{"embeddable":true,"href":"https:\/\/www.europesays.com\/fr\/wp-json\/wp\/v2\/users\/2"}],"replies":[{"embeddable":true,"href":"https:\/\/www.europesays.com\/fr\/wp-json\/wp\/v2\/comments?post=585719"}],"version-history":[{"count":0,"href":"https:\/\/www.europesays.com\/fr\/wp-json\/wp\/v2\/posts\/585719\/revisions"}],"wp:featuredmedia":[{"embeddable":true,"href":"https:\/\/www.europesays.com\/fr\/wp-json\/wp\/v2\/media\/585720"}],"wp:attachment":[{"href":"https:\/\/www.europesays.com\/fr\/wp-json\/wp\/v2\/media?parent=585719"}],"wp:term":[{"taxonomy":"category","embeddable":true,"href":"https:\/\/www.europesays.com\/fr\/wp-json\/wp\/v2\/categories?post=585719"},{"taxonomy":"post_tag","embeddable":true,"href":"https:\/\/www.europesays.com\/fr\/wp-json\/wp\/v2\/tags?post=585719"}],"curies":[{"name":"wp","href":"https:\/\/api.w.org\/{rel}","templated":true}]}}