{"id":585723,"date":"2025-12-08T06:08:18","date_gmt":"2025-12-08T06:08:18","guid":{"rendered":"https:\/\/www.europesays.com\/fr\/585723\/"},"modified":"2025-12-08T06:08:18","modified_gmt":"2025-12-08T06:08:18","slug":"la-fete-des-lumieres-toujours-attendue-par-les-restaurateurs","status":"publish","type":"post","link":"https:\/\/www.europesays.com\/fr\/585723\/","title":{"rendered":"la F\u00eate des Lumi\u00e8res toujours attendue\u00a0par les restaurateurs"},"content":{"rendered":"<p>Outre le crochet par le Parc de la T\u00eate d\u2019or, le parcours type de la F\u00eate des lumi\u00e8res reste concentr\u00e9 dans le centre de Lyon. De Bellecour \u00e0 Fourvi\u00e8re en passant par les Terreaux, les visiteurs ne manquent pas d\u2019occasions de faire une escale dans un restaurant. \u00ab\u00a0C\u2019est toujours bien, m\u00eame si c\u2019est moins que d\u2019autres ann\u00e9es\u00a0\u00bb, confie GIlles, propri\u00e9taire du Un, deux, trois et des Ventres Jaunes, place Neuve Saint-Jean. \u00ab\u00a0C\u2019est s\u00fbr que samedi soir, \u00e7a a boss\u00e9\u00a0\u00bb, sourit Fathi, responsable du Un, deux, trois.Le comptoir Cecil, rue Gasparin, a sign\u00e9 \u00ab\u00a0une tr\u00e8s grosse soir\u00e9e\u00a0\u00bb, estime J\u00e9r\u00e9my, assistant responsable. \u00ab\u00a0On a eu 85 couverts. Sur un samedi soir habituel, on est autour de 50.\u00a0\u00bb Les r\u00e9servations ont afflu\u00e9 et, \u00e0 d\u00e9faut de pouvoir pousser les murs, le restaurant a rajout\u00e9 des tables. \u00ab\u00a0La politique maison, c\u2019est de refuser aucune r\u00e9servation, alors on s\u2019est organis\u00e9.\u00a0\u00bb<\/p>\n<p>C\u00f4t\u00e9 rue Merci\u00e8re, difficile de trouver un restaurant d\u00e9pourvu d\u2019un stand de vin chaud et de quelques produits maison. \u00ab\u00a0Faut bien faire rentrer de l\u2019argent\u00a0\u00bb, sourit Nadir, responsable du PNY. Il a trouv\u00e9 sa soir\u00e9e de samedi \u00ab\u00a0plut\u00f4t calme, comme un bon samedi normal en fait\u00a0\u00bb. Il s\u2019interroge sur ce l\u00e9ger manque de fr\u00e9quentation. \u00ab\u00a0C\u2019est peut-\u00eatre parce qu\u2019on est un peu \u00e0 l\u2019\u00e9cart de l\u00e0 o\u00f9 les gens vont. Rue Merci\u00e8re, c\u2019est r\u00e9put\u00e9, mais faut conna\u00eetre.\u00a0\u00bb Dans le m\u00eame quartier, Victoire, fille du patron des Enfants terribles, donne la m\u00eame observation sur la baisse de fr\u00e9quentation, mais n\u2019avance pas les m\u00eames explications. Elle pense, malgr\u00e9 plusieurs centaines de couverts servis de vendredi \u00e0 samedi, que \u00ab\u00a0la F\u00eate des lumi\u00e8res fait peut-\u00eatre un peu moins r\u00eaver\u00a0\u00bb.<\/p>\n<p>En pleine place des Jacobins, le Caf\u00e9 des Jacobins a \u00ab\u00a0une trop petite salle pour compter en couverts\u00a0\u00bb, admet Ugo, le g\u00e9rant. La salle est constamment pleine et au stand \u00e0 l\u2019ext\u00e9rieur, le flux est continu. \u00ab\u00a0Hier soir, on a d\u00fb faire 300 hot-dogs\u00a0\u00bb. La plupart des restaurateurs remarquent un manque de touristes \u00e9trangers. Peut-\u00eatre un d\u00e9but d\u2019explication sur cette l\u00e9g\u00e8re baisse de fr\u00e9quentation par rapport aux ann\u00e9es pr\u00e9c\u00e9dentes.<\/p>\n","protected":false},"excerpt":{"rendered":"Outre le crochet par le Parc de la T\u00eate d\u2019or, le parcours type de la F\u00eate des lumi\u00e8res&hellip;\n","protected":false},"author":2,"featured_media":585724,"comment_status":"","ping_status":"","sticky":false,"template":"","format":"standard","meta":{"footnotes":""},"categories":[1889],"tags":[1111,11,2430,130,1687,33,2757,1777,674,48836,1011,27,2428,2756,12,25,2429,104],"class_list":{"0":"post-585723","1":"post","2":"type-post","3":"status-publish","4":"format-standard","5":"has-post-thumbnail","7":"category-lyon","8":"tag-actu","9":"tag-actualites","10":"tag-auvergne-rhone-alpes","11":"tag-consommation","12":"tag-culture-loisirs","13":"tag-economie","14":"tag-edition-lyon-villeurbanne","15":"tag-eu","16":"tag-europe","17":"tag-fete-des-lumieres","18":"tag-fr","19":"tag-france","20":"tag-lyon","21":"tag-lyon-bassin","22":"tag-news","23":"tag-republique-francaise","24":"tag-rhone","25":"tag-societe"},"share_on_mastodon":{"url":"https:\/\/pubeurope.com\/@fr\/115682456499712298","error":""},"_links":{"self":[{"href":"https:\/\/www.europesays.com\/fr\/wp-json\/wp\/v2\/posts\/585723","targetHints":{"allow":["GET"]}}],"collection":[{"href":"https:\/\/www.europesays.com\/fr\/wp-json\/wp\/v2\/posts"}],"about":[{"href":"https:\/\/www.europesays.com\/fr\/wp-json\/wp\/v2\/types\/post"}],"author":[{"embeddable":true,"href":"https:\/\/www.europesays.com\/fr\/wp-json\/wp\/v2\/users\/2"}],"replies":[{"embeddable":true,"href":"https:\/\/www.europesays.com\/fr\/wp-json\/wp\/v2\/comments?post=585723"}],"version-history":[{"count":0,"href":"https:\/\/www.europesays.com\/fr\/wp-json\/wp\/v2\/posts\/585723\/revisions"}],"wp:featuredmedia":[{"embeddable":true,"href":"https:\/\/www.europesays.com\/fr\/wp-json\/wp\/v2\/media\/585724"}],"wp:attachment":[{"href":"https:\/\/www.europesays.com\/fr\/wp-json\/wp\/v2\/media?parent=585723"}],"wp:term":[{"taxonomy":"category","embeddable":true,"href":"https:\/\/www.europesays.com\/fr\/wp-json\/wp\/v2\/categories?post=585723"},{"taxonomy":"post_tag","embeddable":true,"href":"https:\/\/www.europesays.com\/fr\/wp-json\/wp\/v2\/tags?post=585723"}],"curies":[{"name":"wp","href":"https:\/\/api.w.org\/{rel}","templated":true}]}}