{"id":585725,"date":"2025-12-08T06:10:13","date_gmt":"2025-12-08T06:10:13","guid":{"rendered":"https:\/\/www.europesays.com\/fr\/585725\/"},"modified":"2025-12-08T06:10:13","modified_gmt":"2025-12-08T06:10:13","slug":"immobilier-en-ile-de-france-les-proprietaires-conservent-leur-appartement-pres-de-14-ans-un-record","status":"publish","type":"post","link":"https:\/\/www.europesays.com\/fr\/585725\/","title":{"rendered":"Immobilier en \u00cele-de-France\u00a0: les propri\u00e9taires conservent leur appartement pr\u00e8s de 14\u00a0ans, un record"},"content":{"rendered":"<p class=\"paragraph text_align_left lp-f-body-02\">N\u2019avez-vous pas remarqu\u00e9 moins de panneaux \u00ab A vendre \u00bb sur les fa\u00e7ades des b\u00e2timents ? Ce n\u2019est pas un hasard. Selon les notaires du Grand Paris, jamais <a href=\"https:\/\/www.leparisien.fr\/immobilier\/immobilier-a-paris-et-dans-le-reste-de-lile-de-france-a-quoi-ressemblent-les-nouveaux-acheteurs-28-11-2024-CXVUG37BIVFA7FTIX4MIXWIRSE.php#:~:text=Au%20premier%20semestre%202024%2C%20l,et%2045%20ans%20en%20moyenne.\" target=\"_blank\" rel=\"noreferrer noopener\">les propri\u00e9taires franciliens<\/a> n\u2019ont gard\u00e9 leur logement aussi longtemps. Aujourd\u2019hui, la dur\u00e9e de d\u00e9tention des appartements en <a href=\"https:\/\/www.leparisien.fr\/info-paris-ile-de-france-oise\/\" target=\"_blank\" rel=\"noreferrer noopener\">\u00cele-de-France<\/a> atteint un peu moins de 14 ans (13 ans et 8 mois), contre pr\u00e8s de 16 ans (15 ans et 10 mois) pour les maisons. C\u2019est nettement plus qu\u2019en 2005, ann\u00e9e de r\u00e9f\u00e9rence choisie o\u00f9 la dur\u00e9e m\u00e9diane de possession atteignait 10 ans pour les appartements et pr\u00e8s de 13 ans pour les maisons.<\/p>\n<p class=\"paragraph text_align_left lp-f-body-02\">Les notaires du Grand Paris ont calcul\u00e9 non pas des moyennes, mais des dur\u00e9es m\u00e9dianes &#8211; autant de biens conserv\u00e9s moins longtemps que plus longtemps \u2013 pour \u00eatre au plus proche de la r\u00e9alit\u00e9. De m\u00eame, leurs donn\u00e9es ne concernent que les transactions r\u00e9sidentielles dans l\u2019ancien. En tenant compte des locations, cette dur\u00e9e de d\u00e9tention baisse nettement, <a href=\"https:\/\/www.leparisien.fr\/immobilier\/immobilier-cest-quoi-cette-nouvelle-maniere-dacheter-avec-des-mensualites-30-moins-cher-16-10-2025-FSQILFVNXVCKJJLN754TWEKL34.php\" target=\"_blank\" rel=\"noreferrer noopener\">\u00e0 environ huit ans en moyenne<\/a> en France.<\/p>\n","protected":false},"excerpt":{"rendered":"N\u2019avez-vous pas remarqu\u00e9 moins de panneaux \u00ab A vendre \u00bb sur les fa\u00e7ades des b\u00e2timents ? Ce n\u2019est&hellip;\n","protected":false},"author":2,"featured_media":585726,"comment_status":"","ping_status":"","sticky":false,"template":"","format":"standard","meta":{"footnotes":""},"categories":[1592],"tags":[1111,11,33,1777,674,1011,27,662,1116,12,626,25],"class_list":{"0":"post-585725","1":"post","2":"type-post","3":"status-publish","4":"format-standard","5":"has-post-thumbnail","7":"category-ile-de-france","8":"tag-actu","9":"tag-actualites","10":"tag-economie","11":"tag-eu","12":"tag-europe","13":"tag-fr","14":"tag-france","15":"tag-ile-de-france","16":"tag-immobilier","17":"tag-news","18":"tag-paris","19":"tag-republique-francaise"},"share_on_mastodon":{"url":"https:\/\/pubeurope.com\/@fr\/115682464590814952","error":""},"_links":{"self":[{"href":"https:\/\/www.europesays.com\/fr\/wp-json\/wp\/v2\/posts\/585725","targetHints":{"allow":["GET"]}}],"collection":[{"href":"https:\/\/www.europesays.com\/fr\/wp-json\/wp\/v2\/posts"}],"about":[{"href":"https:\/\/www.europesays.com\/fr\/wp-json\/wp\/v2\/types\/post"}],"author":[{"embeddable":true,"href":"https:\/\/www.europesays.com\/fr\/wp-json\/wp\/v2\/users\/2"}],"replies":[{"embeddable":true,"href":"https:\/\/www.europesays.com\/fr\/wp-json\/wp\/v2\/comments?post=585725"}],"version-history":[{"count":0,"href":"https:\/\/www.europesays.com\/fr\/wp-json\/wp\/v2\/posts\/585725\/revisions"}],"wp:featuredmedia":[{"embeddable":true,"href":"https:\/\/www.europesays.com\/fr\/wp-json\/wp\/v2\/media\/585726"}],"wp:attachment":[{"href":"https:\/\/www.europesays.com\/fr\/wp-json\/wp\/v2\/media?parent=585725"}],"wp:term":[{"taxonomy":"category","embeddable":true,"href":"https:\/\/www.europesays.com\/fr\/wp-json\/wp\/v2\/categories?post=585725"},{"taxonomy":"post_tag","embeddable":true,"href":"https:\/\/www.europesays.com\/fr\/wp-json\/wp\/v2\/tags?post=585725"}],"curies":[{"name":"wp","href":"https:\/\/api.w.org\/{rel}","templated":true}]}}