{"id":585727,"date":"2025-12-08T06:11:29","date_gmt":"2025-12-08T06:11:29","guid":{"rendered":"https:\/\/www.europesays.com\/fr\/585727\/"},"modified":"2025-12-08T06:11:29","modified_gmt":"2025-12-08T06:11:29","slug":"un-spectacle-dary-abittan-interrompu-par-des-militantes-feministes-a-paris-2","status":"publish","type":"post","link":"https:\/\/www.europesays.com\/fr\/585727\/","title":{"rendered":"Un spectacle d\u2019Ary Abittan interrompu par des militantes f\u00e9ministes \u00e0 Paris"},"content":{"rendered":"<p>        <img decoding=\"async\" loading=\"lazy\" src=\"https:\/\/www.europesays.com\/fr\/wp-content\/uploads\/2025\/12\/c9d8351_upload-1-4tazjwacjtvb-capture-d-ecran-2025-12-07-175518.png\"  width=\"728\" height=\"410\" alt=\"Un spectacle de Ary Abittan interrompu par des militantes f\u00e9ministes \u00e0 Paris\"\/>  <\/p>\n<p>Capture Instagram Le Media<\/p>\n<p>Un spectacle de Ary Abittan interrompu par des militantes f\u00e9ministes \u00e0 Paris<\/p>\n<p class=\"asset asset-text\">La Justice a peut-\u00eatre <a href=\"https:\/\/www.huffingtonpost.fr\/justice\/article\/ary-abittan-accuse-de-viol-beneficie-d-un-non-lieu-annonce-le-parquet-la-plaignante-fait-appel_232110.html\" target=\"_blank\" rel=\"noopener\">prononc\u00e9 un non-lieu<\/a>, mais ces militantes ne comptent pas l\u00e2cher l\u2019affaire. Un spectacle de l\u2019humoriste Ary Abittan a \u00e9t\u00e9 interrompu par des militantes f\u00e9ministes samedi 6\u00a0d\u00e9cembre au soir au th\u00e9\u00e2tre des Folies Berg\u00e8res dans le 9e arrondissement de Paris, rapportent Le Media et Actu Paris ce dimanche.<\/p>\n<p class=\"asset asset-text\">Issues du collectif Nous toutes, quatre militantes qui \u00e9taient pr\u00e9sentes dans la salle se sont manifest\u00e9es vers 20\u00a0heures avec des masques de l\u2019humoriste o\u00f9 figurait <a href=\"https:\/\/www.huffingtonpost.fr\/people\/article\/ary-abittan-en-garde-a-vue-apres-une-plainte-pour-viol_188223.html\" target=\"_blank\" rel=\"noopener\">la mention \u00ab\u00a0violeur\u00a0\u00bb <\/a>sur le front. Comme vous pouvez le voir dans la vid\u00e9o publi\u00e9e par Le Media sur Instagram, elles ont scand\u00e9 \u00ab\u00a0Ary Abittan violeur\u00a0\u00bb avant d\u2019\u00eatre repouss\u00e9es avec violence hors de la salle.<\/p>\n<p class=\"asset asset-text\">Elles ont fait ici r\u00e9f\u00e9rence \u00e0<a href=\"https:\/\/www.huffingtonpost.fr\/justice\/article\/ary-abittan-place-sous-le-statut-de-temoin-assiste-apres-sa-mise-en-examen-pour-viol_220855.html\" target=\"_blank\" rel=\"noopener\"> l\u2019accusation de viol qui pesait contre l\u2019acteur<\/a> depuis 2021. Accus\u00e9 d\u2019avoir viol\u00e9 une jeune femme de 24\u00a0ans \u00e0 l\u2019\u00e9poque, le com\u00e9dien de 51\u00a0ans avait \u00e9t\u00e9 mis en examen et soumis \u00e0 un contr\u00f4le judiciaire, avant que la justice ne prononce\u00a0un non-lieu en avril\u00a02024. Une d\u00e9cision confirm\u00e9e en appel en janvier\u00a02025.<\/p>\n<p> La lecture de ce contenu est susceptible d\u2019entra\u00eener un d\u00e9p\u00f4t de cookies de la part de l\u2019op\u00e9rateur tiers qui l\u2019h\u00e9berge. Compte-tenu des choix que vous avez exprim\u00e9s en mati\u00e8re de d\u00e9p\u00f4t de cookies, nous avons bloqu\u00e9 l\u2019affichage de ce contenu. Si vous souhaitez y acc\u00e9der, vous devez accepter la cat\u00e9gorie de cookies \u201cContenus tiers\u201d en cliquant sur le bouton ci-dessous. <\/p>\n<p> Lire la Vid\u00e9o        <\/p>\n<p class=\"asset asset-text\">Sauf que comme le rappelle le collectif Nous Toutes, \u00ab\u00a0un non-lieu n\u2019est pas un acquittement, c\u2019est juste la fin des poursuites\u00a0\u00bb. \u00ab\u00a0Nous Toutes refuse de voir se d\u00e9rouler la r\u00e9int\u00e9gration m\u00e9diatique et professionnelle d\u2019un homme qui est accus\u00e9 de viol\u00a0\u00bb, ajoute le collectif. Et d\u2019ajouter\u00a0: \u00ab\u00a0ceux qui s\u00e9parent l\u2019homme de l\u2019artiste insultent les victimes\u00a0\u00bb<\/p>\n<p>                     Les militantes agress\u00e9es    <\/p>\n<p class=\"asset asset-text\">La sc\u00e8ne n\u2019aura dur\u00e9 que quelques petites minutes, les militantes se faisant refouler par des spectateurs et le service de s\u00e9curit\u00e9. \u00ab\u00a0P\u00e9tasse\u00a0\u00bb, \u00ab\u00a0cassez-vous\u00a0\u00bb, peut-on entendre sur la vid\u00e9o. Le collectif assure d\u2019ailleurs que ses membres ont subi \u00ab\u00a0des coups au visage\u00a0\u00bb, ainsi que la journaliste du Media pr\u00e9sente sur place.<\/p>\n<p class=\"asset asset-text\">Absent de l\u2019espace public pendant trois ans Ary Abittan est revenu en d\u00e9but d\u2019ann\u00e9e sur sc\u00e8ne avec son spectacle intitul\u00e9 \u00ab\u00a0Authentique\u00a0\u00bb. En octobre dernier, il affirmait sur RTL qu\u2019il \u00ab\u00a0ne peut pas vivre dans le soup\u00e7on des autres\u00a0\u00bb. Il a r\u00e9pondu directement \u00e0 ses d\u00e9tractrices, qui viennent r\u00e9guli\u00e8rement perturber l\u2019entr\u00e9e de ses spectacles. \u00ab\u00a0C\u2019est dur (\u00e0 vivre) parce qu\u2019elles manifestent devant un gars qui a \u00e9t\u00e9 blanchi trois fois par la justice, alors que je ne les combats pas, parce que la lib\u00e9ration de la parole est extr\u00eamement importante\u00a0\u00bb, avan\u00e7ait-il.<\/p>\n<p class=\"asset asset-text\">\u00ab\u00a0Je ne sais pas ce qu\u2019elles pensent, en tout cas j\u2019ai envie de leur dire que je marche vers la lumi\u00e8re, je marche avec la justice, avec la v\u00e9rit\u00e9. La v\u00e9rit\u00e9 a \u00e9t\u00e9 dite et dans ces histoires-l\u00e0, la parole de l\u2019un ne peut pas effacer la parole de l\u2019autre. C\u2019est pour \u00e7a que la justice est tr\u00e8s importante\u00a0\u00bb, insistait alors le com\u00e9dien aper\u00e7u dans la s\u00e9rie de films\u00a0Qu\u2019est-ce qu\u2019on a fait au Bon Dieu\u00a0?<\/p>\n","protected":false},"excerpt":{"rendered":"Capture Instagram Le Media Un spectacle de Ary Abittan interrompu par des militantes f\u00e9ministes \u00e0 Paris La Justice&hellip;\n","protected":false},"author":2,"featured_media":585728,"comment_status":"","ping_status":"","sticky":false,"template":"","format":"standard","meta":{"footnotes":""},"categories":[1888],"tags":[1111,1928,11,1927,251,1777,674,1011,27,5686,12,1926,626,1925,25,1265],"class_list":{"0":"post-585727","1":"post","2":"type-post","3":"status-publish","4":"format-standard","5":"has-post-thumbnail","7":"category-paris","8":"tag-actu","9":"tag-actu-paris","10":"tag-actualites","11":"tag-actualites-paris","12":"tag-culture","13":"tag-eu","14":"tag-europe","15":"tag-fr","16":"tag-france","17":"tag-metoo","18":"tag-news","19":"tag-news-paris","20":"tag-paris","21":"tag-paris-news","22":"tag-republique-francaise","23":"tag-viol"},"share_on_mastodon":{"url":"https:\/\/pubeurope.com\/@fr\/115682469022294868","error":""},"_links":{"self":[{"href":"https:\/\/www.europesays.com\/fr\/wp-json\/wp\/v2\/posts\/585727","targetHints":{"allow":["GET"]}}],"collection":[{"href":"https:\/\/www.europesays.com\/fr\/wp-json\/wp\/v2\/posts"}],"about":[{"href":"https:\/\/www.europesays.com\/fr\/wp-json\/wp\/v2\/types\/post"}],"author":[{"embeddable":true,"href":"https:\/\/www.europesays.com\/fr\/wp-json\/wp\/v2\/users\/2"}],"replies":[{"embeddable":true,"href":"https:\/\/www.europesays.com\/fr\/wp-json\/wp\/v2\/comments?post=585727"}],"version-history":[{"count":0,"href":"https:\/\/www.europesays.com\/fr\/wp-json\/wp\/v2\/posts\/585727\/revisions"}],"wp:featuredmedia":[{"embeddable":true,"href":"https:\/\/www.europesays.com\/fr\/wp-json\/wp\/v2\/media\/585728"}],"wp:attachment":[{"href":"https:\/\/www.europesays.com\/fr\/wp-json\/wp\/v2\/media?parent=585727"}],"wp:term":[{"taxonomy":"category","embeddable":true,"href":"https:\/\/www.europesays.com\/fr\/wp-json\/wp\/v2\/categories?post=585727"},{"taxonomy":"post_tag","embeddable":true,"href":"https:\/\/www.europesays.com\/fr\/wp-json\/wp\/v2\/tags?post=585727"}],"curies":[{"name":"wp","href":"https:\/\/api.w.org\/{rel}","templated":true}]}}