{"id":585729,"date":"2025-12-08T06:13:25","date_gmt":"2025-12-08T06:13:25","guid":{"rendered":"https:\/\/www.europesays.com\/fr\/585729\/"},"modified":"2025-12-08T06:13:25","modified_gmt":"2025-12-08T06:13:25","slug":"vol-deroute-arret-a-lyon-5-heures-de-minibus-le-drole-de-retour-des-joueuses-du-psg-apres-leur-victoire-a-marseille","status":"publish","type":"post","link":"https:\/\/www.europesays.com\/fr\/585729\/","title":{"rendered":"Vol d\u00e9rout\u00e9, arr\u00eat \u00e0 Lyon, 5\u00a0heures de minibus\u2026 Le dr\u00f4le de retour des joueuses du PSG apr\u00e8s leur victoire \u00e0 Marseille"},"content":{"rendered":"<p class=\"paragraph text_align_left lp-f-body-02\">S\u2019il n\u2019y a pas eu de remous sur le terrain pour se d\u00e9faire de l\u2019OM (5-1), vendredi, en Arkema Premi\u00e8re Ligue, on ne peut pas en dire autant du trajet retour des <a href=\"https:\/\/www.leparisien.fr\/sports\/football\/psg-feminin\/\" target=\"_blank\" rel=\"noreferrer noopener\">joueuses du PSG<\/a>.<\/p>\n<p class=\"paragraph text_align_left lp-f-body-02\">Sur TikTok, la d\u00e9fenseuse am\u00e9ricaine du Paris Saint-Germain Eva Gaetino a publi\u00e9 une vid\u00e9o o\u00f9 l\u2019on voit les Parisiennes dans des vans en pleine nuit. Et dans la l\u00e9gende, elle explique : \u00ab En gros, on a essay\u00e9 de rentrer de Marseille \u00e0 Paris en avion, mais le temps \u00e9tait vraiment mauvais, alors on a d\u00fb faire demi-tour et atterrir \u00e0 Lyon. On a ensuite pris six vans pour rentrer chez nous. \u00bb<\/p>\n<p class=\"paragraph text_align_left lp-f-body-02\">Pleine de d\u00e9rision, Gaetino a ajout\u00e9 un petit message sur les pauses prises par leur chauffeur : \u00ab Jour de vid\u00e9o de No\u00ebl ? Tout le monde s\u2019est endormi \u00e0 2 heures du matin pendant que notre chauffeur fumait une cigarette au lieu de prendre la route pour 5 heures de trajet. \u00bb<\/p>\n<p class=\"paragraph text_align_left lp-f-body-02\">Le prochain match des Parisiennes aura lieu ce mardi, en Ligue des champions. Derni\u00e8res du classement avec 0 point en 4 journ\u00e9es de la phase de ligue, elles tenteront de d\u00e9bloquer leur compter face au club belge de Louvain.<\/p>\n","protected":false},"excerpt":{"rendered":"S\u2019il n\u2019y a pas eu de remous sur le terrain pour se d\u00e9faire de l\u2019OM (5-1), vendredi, en&hellip;\n","protected":false},"author":2,"featured_media":585730,"comment_status":"","ping_status":"","sticky":false,"template":"","format":"standard","meta":{"footnotes":""},"categories":[1888],"tags":[1111,1928,11,1927,1777,674,63,1011,27,12,1926,626,1925,13887,25,60],"class_list":{"0":"post-585729","1":"post","2":"type-post","3":"status-publish","4":"format-standard","5":"has-post-thumbnail","7":"category-paris","8":"tag-actu","9":"tag-actu-paris","10":"tag-actualites","11":"tag-actualites-paris","12":"tag-eu","13":"tag-europe","14":"tag-football","15":"tag-fr","16":"tag-france","17":"tag-news","18":"tag-news-paris","19":"tag-paris","20":"tag-paris-news","21":"tag-psg-feminin","22":"tag-republique-francaise","23":"tag-sports"},"share_on_mastodon":{"url":"https:\/\/pubeurope.com\/@fr\/115682476579809286","error":""},"_links":{"self":[{"href":"https:\/\/www.europesays.com\/fr\/wp-json\/wp\/v2\/posts\/585729","targetHints":{"allow":["GET"]}}],"collection":[{"href":"https:\/\/www.europesays.com\/fr\/wp-json\/wp\/v2\/posts"}],"about":[{"href":"https:\/\/www.europesays.com\/fr\/wp-json\/wp\/v2\/types\/post"}],"author":[{"embeddable":true,"href":"https:\/\/www.europesays.com\/fr\/wp-json\/wp\/v2\/users\/2"}],"replies":[{"embeddable":true,"href":"https:\/\/www.europesays.com\/fr\/wp-json\/wp\/v2\/comments?post=585729"}],"version-history":[{"count":0,"href":"https:\/\/www.europesays.com\/fr\/wp-json\/wp\/v2\/posts\/585729\/revisions"}],"wp:featuredmedia":[{"embeddable":true,"href":"https:\/\/www.europesays.com\/fr\/wp-json\/wp\/v2\/media\/585730"}],"wp:attachment":[{"href":"https:\/\/www.europesays.com\/fr\/wp-json\/wp\/v2\/media?parent=585729"}],"wp:term":[{"taxonomy":"category","embeddable":true,"href":"https:\/\/www.europesays.com\/fr\/wp-json\/wp\/v2\/categories?post=585729"},{"taxonomy":"post_tag","embeddable":true,"href":"https:\/\/www.europesays.com\/fr\/wp-json\/wp\/v2\/tags?post=585729"}],"curies":[{"name":"wp","href":"https:\/\/api.w.org\/{rel}","templated":true}]}}