{"id":585735,"date":"2025-12-08T06:16:13","date_gmt":"2025-12-08T06:16:13","guid":{"rendered":"https:\/\/www.europesays.com\/fr\/585735\/"},"modified":"2025-12-08T06:16:13","modified_gmt":"2025-12-08T06:16:13","slug":"un-an-apres-la-chute-de-bachar-al-assad-pourquoi-la-russie-ne-lachera-t-elle-pas-lex-dictateur","status":"publish","type":"post","link":"https:\/\/www.europesays.com\/fr\/585735\/","title":{"rendered":"Un an apr\u00e8s la chute de Bachar al-Assad, pourquoi la Russie ne l\u00e2chera-t-elle pas l\u2019ex-dictateur\u00a0?"},"content":{"rendered":"<p>La <a href=\"https:\/\/www.20minutes.fr\/monde\/syrie\/\" class=\"c-link c-link--is-underlined\" target=\"_blank\" rel=\"noopener\">Syrie<\/a> arrivera-t-elle \u00e0 juger les crimes de <a href=\"https:\/\/www.20minutes.fr\/monde\/bachar_el_assad\/\" class=\"c-link c-link--is-underlined\" target=\"_blank\" rel=\"noopener\">Bachar al-Assad<\/a>\u00a0? Alors que son peuple c\u00e9l\u00e8bre le premier anniversaire de la chute du r\u00e9gime, mettant fin \u00e0 la guerre civile qui aura dur\u00e9 plus de dix ans, l\u2019ancien dictateur syrien reste exil\u00e9 en <a href=\"https:\/\/www.20minutes.fr\/monde\/russie\/\" class=\"c-link c-link--is-underlined\" target=\"_blank\" rel=\"noopener\">Russie<\/a>. Peut-il craindre d\u2019\u00eatre un jour livr\u00e9 aux autorit\u00e9s syriennes\u00a0? Certes, Moscou conserve des int\u00e9r\u00eats dans le pays et tient \u00e0 nouer de bonnes relations avec les nouvelles autorit\u00e9s men\u00e9es par <a href=\"https:\/\/www.20minutes.fr\/monde\/syrie\/4152008-20250506-syrie-nouveau-president-ahmad-al-chareh-paris-mercredi-premiere-visite-europe\" class=\"c-link c-link--is-underlined\" target=\"_blank\" rel=\"noopener\">Ahmed al-Chareh<\/a>. Mais le Kremlin n\u2019a aucun int\u00e9r\u00eat \u00e0 livrer son ancien alli\u00e9.<\/p>\n<\/p>\n<p>\u00ab\u00a0Cela enverrait un message contreproductif \u00e0 tous ses autres pays partenaires, <a href=\"https:\/\/www.20minutes.fr\/monde\/4186135-20251117-armee-russe-desormais-presente-six-pays-afrique\" class=\"c-link c-link--is-underlined\" target=\"_blank\" rel=\"noopener\">notamment en Afrique<\/a>\u00a0\u00bb, assure Taline Ter Minassian, historienne sp\u00e9cialiste de l\u2019URSS et codirectrice de l\u2019Observatoire des Etats post-sovi\u00e9tiques. \u00ab\u00a0Il y aurait un pr\u00e9judice r\u00e9putationnel tr\u00e8s important\u00a0\u00bb, abonde Igor Delano\u00eb, chercheur sur les int\u00e9r\u00eats russes au Moyen-Orient associ\u00e9 \u00e0 l\u2019Iris (Institut des relations internationales et strat\u00e9giques).<\/p>\n<p>Des int\u00e9r\u00eats russes \u00e0 sauver<\/p>\n<p>Ce serait impensable, aux yeux de son opinion publique, qu\u2019Ahmed al-Chareh ne demande pas l\u2019extradition de l\u2019ancien dictateur, responsable de plus de 500.000 morts et du d\u00e9placement forc\u00e9 de plus de la moiti\u00e9 de la population syrienne.<\/p>\n<p>Cela pourrait \u00eatre un levier de n\u00e9gociation, d\u2019autant que la Russie, on l\u2019a dit, doit pr\u00e9server certains int\u00e9r\u00eats en Syrie. Notamment deux bases strat\u00e9giques\u00a0: une navale \u00e0 Tartous, et une a\u00e9rienne \u00e0 Hmeimim, soit \u00ab\u00a0le c\u0153ur des int\u00e9r\u00eats russes en Syrie\u00a0\u00bb, selon Igor Delano\u00eb. Cette derni\u00e8re \u00ab\u00a0permet \u00e0 Moscou d\u2019agir dans la r\u00e9gion avec des avions ou des h\u00e9licopt\u00e8res, mais elle est surtout une base de transit. Pratiquement tous les mouvements a\u00e9riens russes vers l\u2019Afrique passent par elle\u00a0\u00bb, <a href=\"https:\/\/www.20minutes.fr\/monde\/syrie\/4128551-20241211-syrie-negociation-trahison-bachar-al-assad-comment-moscou-peut-sauver-bases-militaires\" class=\"c-link c-link--is-underlined\" target=\"_blank\" rel=\"noopener\">expliquait \u00e0 20 Minutes en d\u00e9cembre\u00a02024<\/a> Michel Goya, ancien colonel des troupes de marine, historien militaire et strat\u00e9giste.<\/p>\n<p>Des cartes financi\u00e8res en Russie<\/p>\n<p>Lors de sa visite officielle en Russie en octobre dernier, accueilli par Vladimir Poutine en personne, <a href=\"https:\/\/www.20minutes.fr\/monde\/syrie\/4179462-20251015-syrie-nouveau-president-va-demander-russie-livrer-bachar-el-assad\" class=\"c-link c-link--is-underlined\" target=\"_blank\" rel=\"noopener\">Ahmed al-Chareh a bien demand\u00e9 que Bachar al-Assad soit livr\u00e9 \u00e0 la Syrie<\/a>, mais plus par principe. \u00ab\u00a0C\u2019est hors de leur port\u00e9e\u00a0\u00bb, souligne Igor Delano\u00eb, car Damas a plus besoin de Moscou que l\u2019inverse. Les autorit\u00e9s islamistes qui ont sorti la Syrie de son isolement politique cherchent des fonds pour la reconstruction du pays, dont le co\u00fbt pourrait d\u00e9passer 216\u00a0milliards de dollars, selon la Banque mondiale.<\/p>\n<p>La Russie a, sur ce plan, diff\u00e9rentes cartes en main. D\u00e9j\u00e0 \u00ab\u00a0le paiement d\u2019un loyer\u00a0\u00bb pour ses infrastructures militaires, rappelle Igor Delano\u00eb. Elle est aussi pr\u00eate \u00e0 participer \u00e0 la reconstruction de la Syrie, et peut travailler dans le secteur p\u00e9trolier syrien\u00a0: \u00ab\u00a0Il y a des gisements qui n\u00e9cessitent d\u2019\u00eatre d\u00e9velopp\u00e9s, d\u2019autres en sommeil et de nouveaux. Nous sommes pr\u00eats \u00e9galement \u00e0 participer\u00a0\u00bb, a d\u00e9clar\u00e9 le vice-ministre russe Alexandre Novak, cit\u00e9 par l\u2019agence Ria Novosti.<\/p>\n<p>Une pr\u00e9sence militaire bien vue<\/p>\n<p>Une partie des besoins alimentaires de la Syrie d\u00e9pendent de \u00ab\u00a0la production russe\u00a0\u00bb et \u00ab\u00a0de nombreuses centrales\u00a0\u00bb \u00e9lectriques syriennes ont besoin de \u00ab\u00a0l\u2019expertise russe\u00a0\u00bb, a encore fait valoir le pr\u00e9sident syrien par int\u00e9rim. La guerre civile (et les bombardements russes) a gravement endommag\u00e9 les infrastructures \u00e9lectriques, entra\u00eenant des coupures pouvant durer plus de 20 heures par jour. Et la col\u00e8re du peuple gronde face \u00e0 l\u2019augmentation des prix de l\u2019\u00e9lectricit\u00e9.<\/p>\n<p><a href=\"https:\/\/www.20minutes.fr\/monde\/syrie\/\" target=\"_blank\" class=\"c-link c-btn c-btn--primary\" rel=\"noopener\">Notre dossier sur la Syrie<\/a><\/p>\n<p>Et puis la pr\u00e9sence russe en Syrie n\u2019est pas malvenue, au contraire. Cette \u00ab\u00a0empreinte militaire russe sert de force tampon \u00e0 l\u2019\u00e9gard d\u2019autres acteurs en Syrie\u00a0\u00bb, explique Igor Delano\u00eb. Les autorit\u00e9s syriennes ont ainsi demand\u00e9 aux Russes de retourner dans le sud du pays, dans la r\u00e9gion du Golan, face \u00e0 Isra\u00ebl. \u00ab\u00a0Pour \u00e9viter les clashs possibles comme <a href=\"https:\/\/www.20minutes.fr\/monde\/syrie\/4129824-20241218-syrie-occupation-colonies-ambitions-israel-golan\" class=\"c-link c-link--is-underlined\" target=\"_blank\" rel=\"noopener\">on en a vu en d\u00e9cembre dernier<\/a>\u00a0\u00bb entre l\u2019arme, ajoute le chercheur.<\/p>\n","protected":false},"excerpt":{"rendered":"La Syrie arrivera-t-elle \u00e0 juger les crimes de Bachar al-Assad\u00a0? Alors que son peuple c\u00e9l\u00e8bre le premier anniversaire&hellip;\n","protected":false},"author":2,"featured_media":585736,"comment_status":"","ping_status":"","sticky":false,"template":"","format":"standard","meta":{"footnotes":""},"categories":[1591],"tags":[47,11,14393,36712,1887,4998,74,1916,3257,12,8013,1885,1886,132,32,135],"class_list":{"0":"post-585735","1":"post","2":"type-post","3":"status-publish","4":"format-standard","5":"has-post-thumbnail","7":"category-russie","8":"tag-actualite","9":"tag-actualites","10":"tag-bachar-al-assad","11":"tag-damas","12":"tag-federation-de-russie","13":"tag-kremlin","14":"tag-monde","15":"tag-moscou","16":"tag-moyen-orient","17":"tag-news","18":"tag-russe","19":"tag-russia","20":"tag-russian-federation","21":"tag-russie","22":"tag-syrie","23":"tag-vladimir-poutine"},"share_on_mastodon":{"url":"https:\/\/pubeurope.com\/@fr\/115682488077810291","error":""},"_links":{"self":[{"href":"https:\/\/www.europesays.com\/fr\/wp-json\/wp\/v2\/posts\/585735","targetHints":{"allow":["GET"]}}],"collection":[{"href":"https:\/\/www.europesays.com\/fr\/wp-json\/wp\/v2\/posts"}],"about":[{"href":"https:\/\/www.europesays.com\/fr\/wp-json\/wp\/v2\/types\/post"}],"author":[{"embeddable":true,"href":"https:\/\/www.europesays.com\/fr\/wp-json\/wp\/v2\/users\/2"}],"replies":[{"embeddable":true,"href":"https:\/\/www.europesays.com\/fr\/wp-json\/wp\/v2\/comments?post=585735"}],"version-history":[{"count":0,"href":"https:\/\/www.europesays.com\/fr\/wp-json\/wp\/v2\/posts\/585735\/revisions"}],"wp:featuredmedia":[{"embeddable":true,"href":"https:\/\/www.europesays.com\/fr\/wp-json\/wp\/v2\/media\/585736"}],"wp:attachment":[{"href":"https:\/\/www.europesays.com\/fr\/wp-json\/wp\/v2\/media?parent=585735"}],"wp:term":[{"taxonomy":"category","embeddable":true,"href":"https:\/\/www.europesays.com\/fr\/wp-json\/wp\/v2\/categories?post=585735"},{"taxonomy":"post_tag","embeddable":true,"href":"https:\/\/www.europesays.com\/fr\/wp-json\/wp\/v2\/tags?post=585735"}],"curies":[{"name":"wp","href":"https:\/\/api.w.org\/{rel}","templated":true}]}}