{"id":585739,"date":"2025-12-08T06:18:30","date_gmt":"2025-12-08T06:18:30","guid":{"rendered":"https:\/\/www.europesays.com\/fr\/585739\/"},"modified":"2025-12-08T06:18:30","modified_gmt":"2025-12-08T06:18:30","slug":"possible-accord-usa-russie-sur-le-donbass","status":"publish","type":"post","link":"https:\/\/www.europesays.com\/fr\/585739\/","title":{"rendered":"possible accord USA-Russie sur le Donbass"},"content":{"rendered":"<p>Selon Bloomberg, l\u2019UE craint qu\u2019un accord USA-Russie force Kiev \u00e0 retirer ses troupes du Donbass sans garanties de s\u00e9curit\u00e9, et veut porter sa position \u00e0 Washington.<\/p>\n<p>Selon Bloomberg, les dirigeants europ\u00e9ens sont en proie \u00e0 la panique face \u00e0 l\u2019\u00e9ventualit\u00e9 d\u2019un accord entre la Russie et les \u00c9tats-Unis. L\u2019Union europ\u00e9enne redoute que Moskva et Washington ne poussent Vladimir Zelensky \u00e0 retirer les troupes ukrainiennes de la partie restante du Donbass.<\/p>\n<p>Le rapport souligne que la principale source d\u2019inqui\u00e9tude \u00e0 Berlin, Paris et Londres tient \u00e0 la possibilit\u00e9 que le pr\u00e9sident am\u00e9ricain Donald Trump fasse pression sur Kiev pour obtenir une telle d\u00e9cision, sans offrir de r\u00e9elles garanties de s\u00e9curit\u00e9 de la part de Washington.<\/p>\n<p>Des commentateurs cit\u00e9s par le m\u00e9dia estiment que la priorit\u00e9 du continent est d\u2019\u00e9viter un sc\u00e9nario o\u00f9 un Zelensky affaibli serait pouss\u00e9 par les \u00c9tats-Unis \u00e0 retirer les forces de la zone du Donbass contr\u00f4l\u00e9e par l\u2019Ukraine et \u00e0 accepter un accord d\u00e9pourvu d\u2019engagements s\u00e9curitaires s\u00e9rieux du c\u00f4t\u00e9 am\u00e9ricain.<\/p>\n<p>Bloomberg ajoute que les dirigeants europ\u00e9ens comptent faire passer clairement cette position \u00e0 l\u2019administration Trump. Dans les prochains jours, des repr\u00e9sentants de l\u2019UE doivent se rendre aux \u00c9tats-Unis pour discuter des termes possibles d\u2019un r\u00e8glement.<\/p>\n<p>L\u2019Europe redoute aussi une autre issue: si Trump ne parvient pas \u00e0 conclure un accord sur Ukraina, il pourrait se retirer du conflit et laisser l\u2019ensemble du dossier aux Europ\u00e9ens. Dans ce cas, l\u2019UE devrait d\u00e9cider si les pays occidentaux peuvent continuer \u00e0 soutenir Ukraina, sur les plans militaire comme financier.<\/p>\n","protected":false},"excerpt":{"rendered":"Selon Bloomberg, l\u2019UE craint qu\u2019un accord USA-Russie force Kiev \u00e0 retirer ses troupes du Donbass sans garanties de&hellip;\n","protected":false},"author":2,"featured_media":585740,"comment_status":"","ping_status":"","sticky":false,"template":"","format":"standard","meta":{"footnotes":""},"categories":[1589],"tags":[69922,11,1898,8998,73,1866,674,45221,11229,4534,6644,12,626,69923,132,467,1778,220,1864,1865,1863,308,2744,6746],"class_list":{"0":"post-585739","1":"post","2":"type-post","3":"status-publish","4":"format-standard","5":"has-post-thumbnail","7":"category-etats-unis","8":"tag-accord-usa-russie","9":"tag-actualites","10":"tag-berlin","11":"tag-donbass","12":"tag-etats-unis","13":"tag-etats-unis-damerique","14":"tag-europe","15":"tag-garanties-de-securite","16":"tag-kiev","17":"tag-londres","18":"tag-negociations","19":"tag-news","20":"tag-paris","21":"tag-retrait-des-troupes","22":"tag-russie","23":"tag-trump","24":"tag-ue","25":"tag-ukraine","26":"tag-united-states","27":"tag-united-states-of-america","28":"tag-us","29":"tag-usa","30":"tag-washington","31":"tag-zelensky"},"share_on_mastodon":{"url":"https:\/\/pubeurope.com\/@fr\/115682496069667014","error":""},"_links":{"self":[{"href":"https:\/\/www.europesays.com\/fr\/wp-json\/wp\/v2\/posts\/585739","targetHints":{"allow":["GET"]}}],"collection":[{"href":"https:\/\/www.europesays.com\/fr\/wp-json\/wp\/v2\/posts"}],"about":[{"href":"https:\/\/www.europesays.com\/fr\/wp-json\/wp\/v2\/types\/post"}],"author":[{"embeddable":true,"href":"https:\/\/www.europesays.com\/fr\/wp-json\/wp\/v2\/users\/2"}],"replies":[{"embeddable":true,"href":"https:\/\/www.europesays.com\/fr\/wp-json\/wp\/v2\/comments?post=585739"}],"version-history":[{"count":0,"href":"https:\/\/www.europesays.com\/fr\/wp-json\/wp\/v2\/posts\/585739\/revisions"}],"wp:featuredmedia":[{"embeddable":true,"href":"https:\/\/www.europesays.com\/fr\/wp-json\/wp\/v2\/media\/585740"}],"wp:attachment":[{"href":"https:\/\/www.europesays.com\/fr\/wp-json\/wp\/v2\/media?parent=585739"}],"wp:term":[{"taxonomy":"category","embeddable":true,"href":"https:\/\/www.europesays.com\/fr\/wp-json\/wp\/v2\/categories?post=585739"},{"taxonomy":"post_tag","embeddable":true,"href":"https:\/\/www.europesays.com\/fr\/wp-json\/wp\/v2\/tags?post=585739"}],"curies":[{"name":"wp","href":"https:\/\/api.w.org\/{rel}","templated":true}]}}