{"id":585745,"date":"2025-12-08T06:22:22","date_gmt":"2025-12-08T06:22:22","guid":{"rendered":"https:\/\/www.europesays.com\/fr\/585745\/"},"modified":"2025-12-08T06:22:22","modified_gmt":"2025-12-08T06:22:22","slug":"otan-avenir-europe-quels-enjeux-a-venir","status":"publish","type":"post","link":"https:\/\/www.europesays.com\/fr\/585745\/","title":{"rendered":"OTAN avenir Europe : Quels enjeux \u00e0 venir ?"},"content":{"rendered":"<p><img fetchpriority=\"high\" decoding=\"async\" width=\"1024\" height=\"536\" src=\"https:\/\/www.europesays.com\/fr\/wp-content\/uploads\/2025\/12\/Image-LD-6-4-1024x536.jpg\" alt=\"Homme en costume sombre et cravate rouge prenant la parole devant un drapeau de l\u2019OTAN, expression s\u00e9rieuse dans un contexte diplomatique ou s\u00e9curitaire.\" class=\"wp-image-17466\"  \/><strong>Capture d\u2019\u00e9cran<\/strong><\/p>\n<p><strong>Par <strong>Jean Daspry<\/strong>, pseudonyme d\u2019un haut fonctionnaire, Docteur en sciences politiques<\/strong><\/p>\n<p><strong>La ferveur des convertis\u00a0<\/strong><\/p>\n<p><strong>\u00ab\u00a0Les\u00a0<\/strong><a href=\"https:\/\/www.dicocitations.com\/citation.php?mot=convertis\" target=\"_blank\" rel=\"noopener\"><strong>convertis<\/strong><\/a><strong>\u00a0<\/strong><a href=\"https:\/\/www.dicocitations.com\/citation.php?mot=forment\" target=\"_blank\" rel=\"noopener\"><strong>forment<\/strong><\/a><strong>\u00a0avec les\u00a0<\/strong><a href=\"https:\/\/www.dicocitations.com\/citation.php?mot=repentis\" target=\"_blank\" rel=\"noopener\"><strong>repentis<\/strong><\/a><strong>\u00a0l\u2019<\/strong><a href=\"https:\/\/www.dicocitations.com\/citation.php?mot=espece\" target=\"_blank\" rel=\"noopener\"><strong>esp\u00e8ce<\/strong><\/a><strong>\u00a0la plus\u00a0<\/strong><a href=\"https:\/\/www.dicocitations.com\/citation.php?mot=dangereuse\" target=\"_blank\" rel=\"noopener\"><strong>dangereuse<\/strong><\/a><strong>\u00a0qui\u00a0<\/strong><a href=\"https:\/\/www.dicocitations.com\/citation.php?mot=soit_\" target=\"_blank\" rel=\"noopener\"><strong>soit:<\/strong><\/a><strong>\u00a0ils\u00a0<\/strong><a href=\"https:\/\/www.dicocitations.com\/citation.php?mot=mettent\" target=\"_blank\" rel=\"noopener\"><strong>mettent<\/strong><\/a><strong>\u00a0tout leur z\u00e8le \u00e0\u00a0<\/strong><a href=\"https:\/\/www.dicocitations.com\/citation.php?mot=montrer\" target=\"_blank\" rel=\"noopener\"><strong>montrer<\/strong><\/a><strong>\u00a0la\u00a0<\/strong><a href=\"https:\/\/www.dicocitations.com\/citation.php?mot=fermete\" target=\"_blank\" rel=\"noopener\"><strong>fermet\u00e9<\/strong><\/a><strong>\u00a0de leur\u00a0<\/strong><a href=\"https:\/\/www.dicocitations.com\/citation.php?mot=nouvelle\" target=\"_blank\" rel=\"noopener\"><strong>nouvelle<\/strong><\/a><strong>\u00a0<\/strong><a href=\"https:\/\/www.dicocitations.com\/citation.php?mot=conviction\" target=\"_blank\" rel=\"noopener\"><strong>conviction<\/strong><\/a><strong>\u00a0\u00bb (Charles Dantzig,\u00a0Dictionnaire \u00e9go\u00efste de la langue fran\u00e7aise).<\/strong><\/p>\n<p><strong>C\u2019est le moins que l\u2019on puisse dire du jeune Jens Stoltenberg, militant socialiste norv\u00e9gien manifestant une grande hostilit\u00e9 \u00e0 l\u2019endroit des armes nucl\u00e9aires et de l\u2019OTAN qui devient quelques d\u00e9cennies plus tard le z\u00e9l\u00e9 d\u00e9fenseur de la cause atlantistes en sa qualit\u00e9 de Secr\u00e9taire g\u00e9n\u00e9ral de l\u2019OTAN de 2014 \u00e0 2024. Le titre de son ouvrage sur son long passage \u00e0 Bruxelles est r\u00e9v\u00e9lateur de l\u2019imperium de l\u2019OTAN \u2013 des \u00c9tats-Unis, en v\u00e9rit\u00e9 \u2013 sur le monde<a href=\"applewebdata:\/\/290B92C0-6DBF-4287-A67D-F66879C89CE4#_ftn1\"><strong>[1]<\/strong><\/a>.<\/strong><\/p>\n<p>La voix de son ma\u00eetre. Jens Stoltenberg nous livre une somme cons\u00e9quente (500 pages environ) o\u00f9 tout y passe des pr\u00e9misses de sa nomination au poste tr\u00e8s convoit\u00e9 de Secr\u00e9taire g\u00e9n\u00e9ral de l\u2019OTAN \u00e0 son d\u00e9part de Bruxelles apr\u00e8s deux mandats et plusieurs prolongations. De toute \u00e9vidence, ce r\u00e9cit est parfaitement document\u00e9, parfois trop et nous fait p\u00e9n\u00e9trer dans les arcanes de ce haut lieu de la relation transatlantique au fil des crises qui secouent le monde (Afghanistan, Ukraine \u2026) et des successions de Pr\u00e9sidents aux \u00c9tats-Unis (Barack Obama, Joe Biden dont il nous d\u00e9crit les d\u00e9faillances et Donald Trump) sans parler des \u00e9largissements de l\u2019OTAN \u00e0 la Finlande et \u00e0 la Su\u00e8de. \u00c0 ce titre, il constitue un voyage int\u00e9ressent et utile pour comprendre le fonctionnement de la lourde machine otanienne. Il traduit \u00e9galement l\u2019impossible \u00e9mancipation europ\u00e9enne des \u00c9tats-Unis en mati\u00e8re de s\u00e9curit\u00e9.<\/p>\n<p><strong>\u00c0 lire aussi :<\/strong> <a href=\"https:\/\/lediplomate.media\/ue-vs-us-green-superpower-et-si-leurope-etait-en-train-de-rater-lopportunite-de-se-convertir-en-super-puissance-des-energies-propres\/\" target=\"_blank\" rel=\"noreferrer noopener\">UE vs US Green Superpower : Et si l\u2019Europe \u00e9tait en train de rater l\u2019opportunit\u00e9 de se convertir en super puissance des \u00e9nergies propres ?<\/a><\/p>\n<p><strong>Un voyage int\u00e9ressant et utile au bout de l\u2019OTAN\u00a0<\/strong><\/p>\n<p>Cet ouvrage particuli\u00e8rement document\u00e9 (archives \u00e9crites et audios r\u00e9unies par l\u2019auteur tout au long de la d\u00e9cennie) pr\u00e9sente de multiples int\u00e9r\u00eats pour l\u2019historien moderne et pour l\u2019amateur de relations internationales. Autour de huit chapitres organis\u00e9s chronologiquement (Les pr\u00e9paratifs de 2013 \u00e0 3014\u00a0; les d\u00e9buts de 2014 \u00e0 2016\u00a0; Les fardeaux de 2016 \u00e0 2018\u00a0; L\u2019amiti\u00e9\u00a0de 2018 \u00e0 2019\u00a0; La D\u00e9mocratie de 2019 \u00e0 2021\u00a0; La guerre de 2021 \u00e0 2023\u00a0; Partenariat de 2023 \u00e0 2024\u00a0; Le d\u00e9part de mars \u00e0 octobre 2024), nous avons droit \u00e0 un panorama des relations internationales utile pour nous rafra\u00eechir la m\u00e9moire sur tous les grands \u00e9v\u00e8nements marquant de la p\u00e9riode consid\u00e9r\u00e9e. La pr\u00e9sentation du conflit russo-ukrainien est bien document\u00e9e tr\u00e8s en amont dans le temps par de multiples rapports des services de renseignement am\u00e9ricains qui avaient bien anticip\u00e9 l\u2019arriv\u00e9e d\u2019une guerre.<\/p>\n<p>Le Secr\u00e9taire g\u00e9n\u00e9ral de l\u2019OTAN nous fournit une documentation originale et inhabituelle permettant de mieux appr\u00e9hender la probl\u00e9matique de la mont\u00e9e aux extr\u00eames entre les deux fr\u00e8res ennemis. Par ailleurs, Jens Stoltenberg livre des verbatim de ses entretiens avec les grands de ce monde tels les trois derniers pr\u00e9sidents am\u00e9ricains\u00a0(tous insistent sur la n\u00e9cessit\u00e9 pour les Europ\u00e9ens de consacrer plus \u00e0 leurs efforts de d\u00e9fense) ; Vladimir Poutine et son ind\u00e9boulonnable ministre des Affaires \u00e9trang\u00e8res, Sergue\u00ef Lavrov\u00a0(devenant de plus en plus intransigeants et difficiles au fil des ans) ; le Pr\u00e9sident Voldymyr Zelensky\u00a0(\u00e9nergique, dynamique et plein d\u2019humour) ; les responsables de l\u2019Union europ\u00e9enne et de ses \u00c9tats membres (tr\u00e8s moutonniers et peu enclins au conflit avec Washington), le pr\u00e9sident turc Erdogan (toujours inflexible), le pr\u00e9sident afghan avant la chute de Kaboul (toujours d\u00e9pass\u00e9 par la situation) \u2026 Il insiste r\u00e9guli\u00e8rement sur son d\u00e9sir de \u00ab\u00a0ne pas humilier les Russes\u00a0\u00bb. Ne boudons pas notre plaisir, en d\u00e9pit de l\u2019abondance de d\u00e9tails inutiles, \u00e0 la lecture de cet ouvrage exhaustif m\u00eame s\u2019il n\u2019est pas exempt d\u2019une approche atlantiste \u00e9vidente. Pouvait-il en \u00eatre autrement pour un Secr\u00e9taire g\u00e9n\u00e9ral de l\u2019OTAN choisi et port\u00e9 par ses mandataires am\u00e9ricains\u00a0?\u00a0<\/p>\n<p><strong>\u00c0 lire aussi :<\/strong> <a href=\"https:\/\/lediplomate.media\/moyen-orient-otan-equilibre-indispensable\/\" target=\"_blank\" rel=\"noreferrer noopener\">ANALYSE \u2013 Le Moyen-Orient et l\u2019OTAN : Un \u00c9quilibre Indispensable<\/a><\/p>\n<p>Dans les rares passages qu\u2019il lui consacre, Jens Stoltenberg \u00e9gratigne, sans m\u00e9nagement, Emmanuel Macron, le tr\u00e8s tactile Pr\u00e9sident d\u2019une France toujours en rupture de ban avec l\u2019Alliance atlantique en d\u00e9pit de sa r\u00e9int\u00e9gration de la structure militaire int\u00e9gr\u00e9e en 2009. Il lui reproche p\u00eale-m\u00eale de plaider pour une \u00ab\u00a0autonomie strat\u00e9gique, une \u00ab\u00a0souverainet\u00e9 europ\u00e9enne\u00a0\u00bb et tant d\u2019autres incongruit\u00e9s alors que la d\u00e9fense de l\u2019Europe est de l\u2019unique ressort de l\u2019Alliance atlantique. L\u2019Union europ\u00e9enne n\u2019a rien \u00e0 voir dans ces affaires. Crime de l\u00e8se-OTAN, Jupiter avait eu l\u2019outrecuidance de pr\u00e9dire que\u00a0\u00ab\u00a0l\u2019OTAN \u00e9tait en \u00e9tat de mort c\u00e9r\u00e9brale\u00a0\u00bb.\u00a0Il en a \u00e9t\u00e9 pour ses frais. L\u2019ex-Secr\u00e9taire g\u00e9n\u00e9ral lui fait la le\u00e7on tel \u00e0 un gamin mal \u00e9lev\u00e9\u00a0: \u00ab\u00a0Mon mandat a vu l\u2019alliance contest\u00e9e, jug\u00e9e d\u00e9pass\u00e9e, en \u00e9tat de mort c\u00e9r\u00e9brale. Pourtant, nous avons tenu bon, quand cela comptait vraiment, et nous avons renforc\u00e9 notre d\u00e9fense collective comme jamais depuis des d\u00e9cennies. Le monde est devenu plus dangereux. Mais l\u2019OTAN est devenue plus forte\u00a0\u00bb\u00a0(p. 477). All\u00e9luia\u00a0!<\/p>\n<p>Le Quai d\u2019Orsay en prend aussi pour son grade\u00a0: \u00ab\u00a0Au printemps 2021, une r\u00e9union \u00e0 Paris de plusieurs de pays membres et un haut fonctionnaire du Quai d\u2019Orsay a r\u00e9v\u00e9l\u00e9 un m\u00e9contentement profond \u00e0 l\u2019\u00e9gard de ma gouvernance \u2026 La France d\u00e9clarait avoir un \u00ab\u00a0s\u00e9rieux probl\u00e8me avec moi, disait ce diplomate qui m\u2019accusait d\u2019avoir monopolis\u00e9 le projet OTAN 2030 \u2026 J\u2019\u00e9tais conscient du m\u00e9contentement de la France, mais la virulence des critiques et l\u2019attaque personnelle m\u2019inqui\u00e9taient \u2026 L\u2019hiver et le printemps 2021 ont ainsi vu se d\u00e9ployer une strat\u00e9gie visant \u00e0 me rogner les ailes. Pour faire adopter les r\u00e9formes et endiguer l\u2019opposition fran\u00e7aise, un imp\u00e9ratif strat\u00e9gique se dessinait\u00a0: rallier les \u00c9tats-Unis \u00e0 notre cause\u00a0\u2026\u00a0\u00a0J\u2019\u00e9tais v\u00e9ritablement devenu la cible du scepticisme fran\u00e7ais envers l\u2019OTAN \u00bb\u00a0(p. 314).<\/p>\n<p><strong>\u00c0 lire aussi :<\/strong> <a href=\"https:\/\/lediplomate.media\/analyse-otan-russie\/\" target=\"_blank\" rel=\"noreferrer noopener\">ANALYSE \u2013 L\u2019OTAN face \u00e0 la Russie<\/a><\/p>\n<p>Reconnaissons \u00e0 Jens Stoltenberg une grande capacit\u00e9 \u00e0 dresser un tableau r\u00e9aliste d\u2019un monde instable caract\u00e9ris\u00e9 par le retour de l\u2019Histoire, du r\u00e9armement, de la m\u00e9fiance, de la confrontation, de la rivalit\u00e9 entre grandes puissances \u2026 Il ajoute que \u00ab\u00a0si le monde est devenu plus dangereux, l\u2019OTAN est devenue plus forte\u00a0\u00bb\u00a0! (p. 476). Au m\u00eame endroit, il \u00e9crit\u00a0<a>\u00ab\u00a0L\u2019histoire ne se laisse pas pr\u00e9voir. C\u2019est pourquoi je me garde de proph\u00e9tiser l\u2019avenir. Plut\u00f4t que pr\u00e9voir ce qui nous attend, il nous faut nous pr\u00e9parer \u00e0 l\u2019impr\u00e9vu\u00a0\u00bb<\/a>. Jugement que nous partageons pleinement. Jugement qui devrait inspirer Jupiter.<\/p>\n<p>Bien que souvent r\u00e9barbative par l\u2019inflation de d\u00e9tails de la vie quotidienne dans ce genre de litt\u00e9rature, la lecture de l\u2019ouvrage de Jens Stoltenberg est instructive tant elle permet de comprendre le pass\u00e9 et, qui sait, d\u2019entrevoir un futur incertain pour la s\u00e9curit\u00e9 en Europe et l\u2019avenir de la relation transatlantique \u00e0 court et \u00e0 moyen terme.<\/p>\n<p><strong>\u00c0 lire aussi :<\/strong> <a href=\"https:\/\/lediplomate.media\/analyse-londres-washington-relation-speciale\/\" target=\"_blank\" rel=\"noreferrer noopener\">T\u00c9L\u00c9GRAMME DU DIPLOMATE \u2013\u00a0Londres et Washington : La relation sp\u00e9ciale 2.0<\/a><\/p>\n<p><strong>L\u2019ind\u00e9pendance europ\u00e9enne dans la d\u00e9pendance am\u00e9ricaine\u00a0<\/strong><\/p>\n<p>En d\u00e9finitive, Jens Stoltenberg fut \u00ab\u00a0the right man at the right place\u00a0\u00bb durant la d\u00e9cennie dangereuse qui couvre la p\u00e9riode allant de 2014 \u00e0 2024. Ce politicien norv\u00e9gien social-d\u00e9mocrate de haut vol fut parfait dans le r\u00f4le d\u2019officiant de rang \u00e9lev\u00e9 au sein du temple de la religion atlantiste<a href=\"applewebdata:\/\/290B92C0-6DBF-4287-A67D-F66879C89CE4#_ftn2\">[2]<\/a>. Les professions de foi qu\u2019il livre dans sa bible d\u00e9cennale ne laissent place \u00e0 aucun doute \u00e0 ce sujet.\u00a0<\/p>\n<p>Citons quelques morceaux choisis des Saintes \u00c9critures\u00a0r\u00e9dig\u00e9es \u00e0 Washington et mises en musique \u00e0 Bruxelles par les \u00ab\u00a0idiots utiles\u00a0\u00bb europ\u00e9ens adeptes de la Servitude volontaire ch\u00e8re \u00e0 La Bo\u00e9tie ! \u00ab\u00a0Appartenir \u00e0 la famille des d\u00e9mocraties occidentales, prot\u00e9g\u00e9e par la clause de solidarit\u00e9 de l\u2019OTAN et par les \u00c9tats-Unis, rev\u00eat une tr\u00e8s grande importance dans un pays o\u00f9 beaucoup se souviennent encore de ce que signifiait faire partie de l\u2019Union sovi\u00e9tique\u00a0\u00bb\u00a0(p. 437). Ce r\u00e9cit se conclut en apoth\u00e9ose ainsi\u00a0: \u00ab\u00a0Cela dit, \u00e0 mes yeux, ce livre, au-del\u00e0 du r\u00e9cit sur les d\u00e9saccords et les d\u00e9sunions, met en lumi\u00e8re l\u2019importance de l\u2019unit\u00e9 entre l\u2019Am\u00e9rique du Nord et l\u2019Europe. Vigie du monde est une d\u00e9claration d\u2019attachement \u00e0 l\u2019OTAN, \u00e0 la coop\u00e9ration internationale, \u00e0 la grande communaut\u00e9 que nous formons, mon espoir \u00e9tant que ce livre contribue, \u00e0 sa mani\u00e8re, \u00e0 renforcer cette solidarit\u00e9 dont nous d\u00e9pendons tous\u00a0\u00bb\u00a0(p. 483).<\/p>\n<p>Dans la langue otanienne, le terme unit\u00e9 signifie bien \u00e9videmment alignement inconditionnel sur les d\u00e9sid\u00e9ratas de l\u2019Oncle Sam. Cela va sans dire mais cela va mieux en le disant. Quelle meilleure conclusion pour tous ceux qui seraient tent\u00e9s par ce cadeau de bienvenue dans le monde enchant\u00e9 du Nato First\u00a0!<\/p>\n<p><strong>\u00c0 lire aussi :<\/strong> <a href=\"https:\/\/lediplomate.media\/renseignement-france-nouveau-front-oriental-renseignement\/\" target=\"_blank\" rel=\"noreferrer noopener\">RENSEIGNEMENT \u2013 La France et le nouveau front oriental du renseignement<\/a><\/p>\n<p class=\"has-text-align-center\"><strong>Les opinions exprim\u00e9es ici n\u2019engagent que leur auteur<\/strong><strong><\/strong><\/p>\n<p><a href=\"applewebdata:\/\/290B92C0-6DBF-4287-A67D-F66879C89CE4#_ftnref1\">[1]<\/a>\u00a0Jens Stoltenberg,\u00a0Vigie du monde. \u00c0 la t\u00eate de l\u2019OTAN en temps de guerre (2014-2024), Flammarion, 2025.<\/p>\n<p><a href=\"applewebdata:\/\/290B92C0-6DBF-4287-A67D-F66879C89CE4#_ftnref2\">[2]<\/a>\u00a0Jean Daspry,\u00a0Les dix commandements de la religion atlantiste,\u00a0<a href=\"http:\/\/www.lediplomate.media\/\" target=\"_blank\" rel=\"noopener\">www.lediplomate.media<\/a>\u00a0, 31 juillet 2025.<\/p>\n<p>#OTAN,#NATO,#Atlantisme,#S\u00e9curit\u00e9Europ\u00e9enne,#G\u00e9opolitique,#Transatlantique,#D\u00e9fense,#Europe,#\u00c9tatsUnis,#Russie,#Ukraine,#Finlande,#Su\u00e8de,#ExpansionNATO,#Souverainet\u00e9,#AutonomieStrat\u00e9gique,#D\u00e9pendanceAm\u00e9ricaine,#Politique\u00c9trang\u00e8re,#UnionEurop\u00e9enne,#RelationsInternationales,#HistoireContemporaine,#Guerre,#Diplomatie,#ConflitsMondiaux,#Pouvoir,#Influence,#Strat\u00e9gie,#Crise,#MondeDanger,#S\u00e9curit\u00e9Collective,#AllianceMilitaire,#Pression\u00c9tatsUnis,#Bruxelles,#Washington,#Neutralit\u00e9,#NonAlignement,#R\u00e9armement,#Occident,#Imperium,#R\u00e9alit\u00e9Strat\u00e9gique,#Sc\u00e9nario2025,#NATOFirst,<\/p>\n<p><img loading=\"lazy\" decoding=\"async\" alt=\"Jean Daspry\" src=\"https:\/\/www.europesays.com\/fr\/wp-content\/uploads\/2025\/12\/5f520bb9e70240802bdd7ba6a7b59958288c52202bec0f27a5706649999aa4d3\"  class=\"avatar avatar-100 photo\" height=\"100\" width=\"100\" itemprop=\"image\"\/><\/p>\n","protected":false},"excerpt":{"rendered":"Capture d\u2019\u00e9cran Par Jean Daspry, pseudonyme d\u2019un haut fonctionnaire, Docteur en sciences politiques La ferveur des convertis\u00a0 \u00ab\u00a0Les\u00a0convertis\u00a0forment\u00a0avec&hellip;\n","protected":false},"author":2,"featured_media":585746,"comment_status":"","ping_status":"","sticky":false,"template":"","format":"standard","meta":{"footnotes":""},"categories":[1586],"tags":[11,554,1777,674,1011,27,12,136,25,5030,364,308],"class_list":{"0":"post-585745","1":"post","2":"type-post","3":"status-publish","4":"format-standard","5":"has-post-thumbnail","7":"category-europe","8":"tag-actualites","9":"tag-defense","10":"tag-eu","11":"tag-europe","12":"tag-fr","13":"tag-france","14":"tag-news","15":"tag-otan","16":"tag-republique-francaise","17":"tag-tribune","18":"tag-union-europeenne","19":"tag-usa"},"share_on_mastodon":{"url":"https:\/\/pubeurope.com\/@fr\/115682512454417046","error":""},"_links":{"self":[{"href":"https:\/\/www.europesays.com\/fr\/wp-json\/wp\/v2\/posts\/585745","targetHints":{"allow":["GET"]}}],"collection":[{"href":"https:\/\/www.europesays.com\/fr\/wp-json\/wp\/v2\/posts"}],"about":[{"href":"https:\/\/www.europesays.com\/fr\/wp-json\/wp\/v2\/types\/post"}],"author":[{"embeddable":true,"href":"https:\/\/www.europesays.com\/fr\/wp-json\/wp\/v2\/users\/2"}],"replies":[{"embeddable":true,"href":"https:\/\/www.europesays.com\/fr\/wp-json\/wp\/v2\/comments?post=585745"}],"version-history":[{"count":0,"href":"https:\/\/www.europesays.com\/fr\/wp-json\/wp\/v2\/posts\/585745\/revisions"}],"wp:featuredmedia":[{"embeddable":true,"href":"https:\/\/www.europesays.com\/fr\/wp-json\/wp\/v2\/media\/585746"}],"wp:attachment":[{"href":"https:\/\/www.europesays.com\/fr\/wp-json\/wp\/v2\/media?parent=585745"}],"wp:term":[{"taxonomy":"category","embeddable":true,"href":"https:\/\/www.europesays.com\/fr\/wp-json\/wp\/v2\/categories?post=585745"},{"taxonomy":"post_tag","embeddable":true,"href":"https:\/\/www.europesays.com\/fr\/wp-json\/wp\/v2\/tags?post=585745"}],"curies":[{"name":"wp","href":"https:\/\/api.w.org\/{rel}","templated":true}]}}