{"id":585747,"date":"2025-12-08T06:23:16","date_gmt":"2025-12-08T06:23:16","guid":{"rendered":"https:\/\/www.europesays.com\/fr\/585747\/"},"modified":"2025-12-08T06:23:16","modified_gmt":"2025-12-08T06:23:16","slug":"lunion-europeenne-sapprete-a-durcir-significativement-son-cadre-migratoire","status":"publish","type":"post","link":"https:\/\/www.europesays.com\/fr\/585747\/","title":{"rendered":"L&rsquo;Union europ\u00e9enne s&rsquo;appr\u00eate \u00e0 durcir significativement son cadre migratoire"},"content":{"rendered":"<p><strong>Les ministres de l\u2019Int\u00e9rieur des Vingt-Sept doivent se prononcer ce lundi sur un ensemble de mesures visant \u00e0 acc\u00e9l\u00e9rer les proc\u00e9dures de renvoi et \u00e0 externaliser une partie du traitement des demandes d\u2019asile.<\/strong><\/p>\n<p>Les capitales europ\u00e9ennes s\u2019orientent vers un renforcement substantiel de leur politique commune en mati\u00e8re d\u2019immigration. Les propositions, examin\u00e9es \u00e0 Bruxelles, pr\u00e9voient la cr\u00e9ation de centres d\u2019\u00e9loignement en dehors du territoire de l\u2019Union pour les personnes d\u00e9bout\u00e9es du droit d\u2019asile. Ce dispositif, qualifi\u00e9 de \u00ab hubs de retour \u00bb, constitue l\u2019une des pierres angulaires de ce nouveau cadre.<\/p>\n<p>Le projet inclut \u00e9galement un allongement des d\u00e9lais de r\u00e9tention administrative pour les personnes faisant l\u2019objet d\u2019une obligation de quitter le territoire, ainsi que la possibilit\u00e9 de proc\u00e9der \u00e0 des renvois vers des pays tiers consid\u00e9r\u00e9s comme s\u00fbrs, m\u00eame s\u2019ils ne sont pas le pays d\u2019origine du migrant. Ces orientations b\u00e9n\u00e9ficient d\u2019un large soutien politique, port\u00e9es par une coalition au Parlement europ\u00e9en et par la pr\u00e9sidence danoise du Conseil, qui en a fait une priorit\u00e9.<\/p>\n<p>Malgr\u00e9 une baisse r\u00e9cente des entr\u00e9es irr\u00e9guli\u00e8res, la pression politique pour une action ferme demeure \u00e9lev\u00e9e. Un commissaire europ\u00e9en a r\u00e9cemment insist\u00e9 sur la n\u00e9cessit\u00e9 de rassurer l\u2019opinion publique quant \u00e0 la ma\u00eetrise des flux migratoires. Toutefois, ces initiatives suscitent de vives critiques de la part d\u2019organisations non gouvernementales et de certains partis politiques, qui y voient une remise en cause des engagements en mati\u00e8re de protection des droits fondamentaux.<\/p>\n<p>Parmi les \u00c9tats membres, des r\u00e9serves persistent. La France s\u2019interroge sur la conformit\u00e9 juridique et l\u2019efficacit\u00e9 op\u00e9rationnelle de certains m\u00e9canismes, tandis que l\u2019Espagne \u00e9met des doutes sur la pertinence des centres externalis\u00e9s, \u00e9voquant des exp\u00e9riences pass\u00e9es aux r\u00e9sultats mitig\u00e9s.<\/p>\n<p>Parall\u00e8lement, les discussions se poursuivent sur un autre dossier \u00e9pineux, celui de la r\u00e9partition des demandeurs d\u2019asile au sein de l\u2019Union. Le principe d\u2019une solidarit\u00e9 obligatoire, obligeant chaque \u00c9tat soit \u00e0 accueillir un quota de personnes, soit \u00e0 verser une contribution financi\u00e8re compensatoire, peine \u00e0 trouver un consensus. Plusieurs gouvernements ont d\u2019ores et d\u00e9j\u00e0 indiqu\u00e9 leur refus de participer \u00e0 un tel syst\u00e8me de relocalisation, illustrant les profondes divisions sur cette question. Une d\u00e9cision finale est n\u00e9anmoins attendue avant la fin de l\u2019ann\u00e9e.<\/p>\n","protected":false},"excerpt":{"rendered":"Les ministres de l\u2019Int\u00e9rieur des Vingt-Sept doivent se prononcer ce lundi sur un ensemble de mesures visant \u00e0&hellip;\n","protected":false},"author":2,"featured_media":585748,"comment_status":"","ping_status":"","sticky":false,"template":"","format":"standard","meta":{"footnotes":""},"categories":[1586],"tags":[11,1777,674,1779,1011,27,12,25,1778,364],"class_list":{"0":"post-585747","1":"post","2":"type-post","3":"status-publish","4":"format-standard","5":"has-post-thumbnail","7":"category-europe","8":"tag-actualites","9":"tag-eu","10":"tag-europe","11":"tag-european-union","12":"tag-fr","13":"tag-france","14":"tag-news","15":"tag-republique-francaise","16":"tag-ue","17":"tag-union-europeenne"},"share_on_mastodon":{"url":"https:\/\/pubeurope.com\/@fr\/115682515657866486","error":""},"_links":{"self":[{"href":"https:\/\/www.europesays.com\/fr\/wp-json\/wp\/v2\/posts\/585747","targetHints":{"allow":["GET"]}}],"collection":[{"href":"https:\/\/www.europesays.com\/fr\/wp-json\/wp\/v2\/posts"}],"about":[{"href":"https:\/\/www.europesays.com\/fr\/wp-json\/wp\/v2\/types\/post"}],"author":[{"embeddable":true,"href":"https:\/\/www.europesays.com\/fr\/wp-json\/wp\/v2\/users\/2"}],"replies":[{"embeddable":true,"href":"https:\/\/www.europesays.com\/fr\/wp-json\/wp\/v2\/comments?post=585747"}],"version-history":[{"count":0,"href":"https:\/\/www.europesays.com\/fr\/wp-json\/wp\/v2\/posts\/585747\/revisions"}],"wp:featuredmedia":[{"embeddable":true,"href":"https:\/\/www.europesays.com\/fr\/wp-json\/wp\/v2\/media\/585748"}],"wp:attachment":[{"href":"https:\/\/www.europesays.com\/fr\/wp-json\/wp\/v2\/media?parent=585747"}],"wp:term":[{"taxonomy":"category","embeddable":true,"href":"https:\/\/www.europesays.com\/fr\/wp-json\/wp\/v2\/categories?post=585747"},{"taxonomy":"post_tag","embeddable":true,"href":"https:\/\/www.europesays.com\/fr\/wp-json\/wp\/v2\/tags?post=585747"}],"curies":[{"name":"wp","href":"https:\/\/api.w.org\/{rel}","templated":true}]}}