{"id":585761,"date":"2025-12-08T06:37:11","date_gmt":"2025-12-08T06:37:11","guid":{"rendered":"https:\/\/www.europesays.com\/fr\/585761\/"},"modified":"2025-12-08T06:37:11","modified_gmt":"2025-12-08T06:37:11","slug":"la-villa-de-beausejour-repaire-parisien-du-chanteur","status":"publish","type":"post","link":"https:\/\/www.europesays.com\/fr\/585761\/","title":{"rendered":"la villa de Beaus\u00e9jour, repaire parisien du chanteur"},"content":{"rendered":"<p class=\"p1\">Lorsque l\u2019on \u00e9voque le couple mythique form\u00e9 par<br \/>\nMichel Berger et <a href=\"https:\/\/www.lejournaldelamaison.fr\/le-journal-de-la-maison\/reportages-maisons\/maisons-reportages-maisons\/france-gall-son-refuge-secret-au-senegal-472290.html\" target=\"_blank\" rel=\"noopener\">France Gall<\/a>, on pense souvent<br \/>\naux refrains et aux tourn\u00e9es que les deux tourtereaux ont fredonn\u00e9<br \/>\net partag\u00e9 ensemble. Mais n\u2019oublions pas que ceux-ci ont aussi \u00e9t\u00e9<br \/>\nmari\u00e9s pendant de nombreuses ann\u00e9es. Et au cours de ce mariage, les<br \/>\ndeux personnalit\u00e9s ont <strong>investi dans la pierre afin de se<br \/>\ncr\u00e9er des refuges<\/strong> o\u00f9 ils pourraient <strong>se ressourcer<br \/>\nloin des projecteurs<\/strong>. Le dernier dans lequel elles ont<br \/>\npos\u00e9 leurs valises n\u2019est autre que la villa de Beaus\u00e9jour. Visite<br \/>\navec nos confr\u00e8res d\u00a0\u00bbAD Magazine.<\/p>\n<p>Quelle est la particularit\u00e9 de la villa de<br \/>\nBeaus\u00e9jour, o\u00f9 Michel Berger et son \u00e9pouse France Gall ont<br \/>\nlongtemps v\u00e9cu ?<\/p>\n<p class=\"p1\">Comme beaucoup de stars fran\u00e7aises, <a href=\"https:\/\/www.lejournaldelamaison.fr\/le-journal-de-la-maison\/reportages-maisons\/maisons-reportages-maisons\/villa-michel-berger-france-gall-ramatuelle-527654.html\" target=\"_blank\" rel=\"noopener\">Michel Berger<\/a> a poss\u00e9d\u00e9 de<br \/>\nnombreuses demeures au cours de sa carri\u00e8re. Mais qu&rsquo;on se le<br \/>\ndise&#8230; La villa de Beaus\u00e9jour n\u2019est pas une r\u00e9sidence ordinaire.<br \/>\nSitu\u00e9e dans le <strong>XVI\u00e8me arrondissement de Paris<\/strong>,<br \/>\ncette derni\u00e8re suit un mod\u00e8le de b\u00e2tisse bien \u00e9tabli. Des<br \/>\n<strong>isbas<\/strong>, qui correspondent \u00e0 des maisons russes, ont<br \/>\n\u00e9t\u00e9 <strong>construites tout autour<\/strong>.<\/p>\n<p class=\"p1\">De quoi r\u00e9aliser un <strong>v\u00e9ritable petit village<br \/>\ndans la grande ville<\/strong> ! Et la villa de Beaus\u00e9jour semble<br \/>\n\u00eatre le centre de cet endroit exceptionnel. Cette derni\u00e8re est<br \/>\nnich\u00e9e \u00e0 proximit\u00e9 du jardin du Ranelagh, un <strong>lieu<br \/>\nembl\u00e9matique de cette zone de la capitale<\/strong>. On comprend<br \/>\ndonc pourquoi Michel Berger et France Gall ont, eux aussi, craqu\u00e9<br \/>\npour ce bien immobilier d\u2019un autre genre.<\/p>\n<p>La maison parisienne de Michel Berger et France Gall<br \/>\na longtemps \u00e9t\u00e9 le rep\u00e8re de c\u00e9l\u00e8bres personnalit\u00e9s<\/p>\n<p class=\"p1\">Et la villa de Beaus\u00e9jour n&rsquo;a <strong>pas seulement<br \/>\n\u00e9t\u00e9 le lieu de r\u00e9sidence de ces deux artistes<\/strong>. En effet,<br \/>\nnombreuses sont les personnalit\u00e9s fran\u00e7aises et internationales \u00e0<br \/>\navoir aussi jet\u00e9 leur d\u00e9volu sur cette demeure d\u2019exception ou l\u2019une<br \/>\ndes maisons environnantes. Par exemple, des grands noms fran\u00e7ais,<br \/>\ncomme Fran\u00e7ois d\u2019Aix de La Chaise, Juliette R\u00e9camier ou encore<br \/>\nFran\u00e7ois-Ren\u00e9 de Chateaubriand, ont sillonn\u00e9 les lieux <strong>bien<br \/>\navant Michel Berger et France Gall<\/strong>.<\/p>\n<p class=\"p1\">Par la suite, la villa de Beaus\u00e9jour a \u00e9t\u00e9<br \/>\n<strong>revendue \u00e0 de multiples reprises<\/strong> jusqu\u2019\u00e0 ce que<br \/>\nles deux chanteurs prennent possession des lieux. \u00c0 cette occasion,<br \/>\nces derniers en ont profit\u00e9 pour <strong>h\u00e9berger des proches \u00e0<br \/>\neux<\/strong>, tels que la Canadienne Fabienne Thibeault lors de son<br \/>\npassage dans la com\u00e9die musicale Starmania.<\/p>\n<blockquote class=\"tiktok-embed\" cite=\"https:\/\/www.tiktok.com\/@ace.1212\/video\/7270952241656237344\" data-video-id=\"7270952241656237344\" data-embed-from=\"oembed\" style=\"max-width:605px; min-width:325px;\"><p>\n<a target=\"_blank\" title=\"@ace.1212\" href=\"https:\/\/www.tiktok.com\/@ace.1212?refer=embed\" rel=\"noopener\">@ace.1212<\/a><\/p>\n<p>Couple mythique France Gall et Michel Berger Abonnez-vous<br \/>\n<a title=\"chanson\" target=\"_blank\" href=\"https:\/\/www.tiktok.com\/tag\/chanson?refer=embed\" rel=\"noopener\">#chanson<\/a><br \/>\n<a title=\"chansonfrancaise\" target=\"_blank\" href=\"https:\/\/www.tiktok.com\/tag\/chansonfrancaise?refer=embed\" rel=\"noopener\">#chansonfrancaise<\/a><br \/>\n<a title=\"culture\" target=\"_blank\" href=\"https:\/\/www.tiktok.com\/tag\/culture?refer=embed\" rel=\"noopener\">#culture<\/a><br \/>\n<a title=\"musique\" target=\"_blank\" href=\"https:\/\/www.tiktok.com\/tag\/musique?refer=embed\" rel=\"noopener\">#musique<\/a><br \/>\n<a title=\"couple\" target=\"_blank\" href=\"https:\/\/www.tiktok.com\/tag\/couple?refer=embed\" rel=\"noopener\">#couple<\/a><br \/>\n<a title=\"michelberger\" target=\"_blank\" href=\"https:\/\/www.tiktok.com\/tag\/michelberger?refer=embed\" rel=\"noopener\">#michelberger<\/a><br \/>\n<a title=\"francegall\" target=\"_blank\" href=\"https:\/\/www.tiktok.com\/tag\/francegall?refer=embed\" rel=\"noopener\">#francegall<\/a><br \/>\n<a title=\"histoire\" target=\"_blank\" href=\"https:\/\/www.tiktok.com\/tag\/histoire?refer=embed\" rel=\"noopener\">#histoire<\/a><br \/>\n<a title=\"gall\" target=\"_blank\" href=\"https:\/\/www.tiktok.com\/tag\/gall?refer=embed\" rel=\"noopener\">#gall<\/a> <a title=\"berger\" target=\"_blank\" href=\"https:\/\/www.tiktok.com\/tag\/berger?refer=embed\" rel=\"noopener\">#berger<\/a><br \/>\n<a title=\"foryou\" target=\"_blank\" href=\"https:\/\/www.tiktok.com\/tag\/foryou?refer=embed\" rel=\"noopener\">#foryou<\/a><br \/>\n@ACE<\/p>\n<p><a target=\"_blank\" title=\"\u266c Il jouait du piano debout (Remasteris\u00e9 en 2004) - France Gall\" href=\"https:\/\/www.tiktok.com\/music\/Il-jouait-du-piano-debout-Remasteris%C3%A9-en-2004-222541247624699904?refer=embed\" rel=\"noopener\"><br \/>\n\u266c Il jouait du piano debout (Remasteris\u00e9 en 2004) &#8211; France<br \/>\nGall<\/a><\/p>\n<\/blockquote>\n<p>Cette autre b\u00e2tisse pour laquelle<br \/>\nMichel Berger et France Gall ont craqu\u00e9 au cours de leur vie<\/p>\n<p class=\"p1\">Michel Berger et France Gall ont aussi investi dans<br \/>\nune <a href=\"https:\/\/www.lejournaldelamaison.fr\/le-journal-de-la-maison\/reportages-maisons\/maisons-reportages-maisons\/daniel-auteuil-paris-est-une-ville-que-jaime-profondement-sa-residence-secondaire-sur-lile-de-la-cite-ou-il-vit-avec-sa-femme-et-leur-fils-527481.html\" target=\"_blank\" rel=\"noopener\">r\u00e9sidence secondaire<\/a> pour<br \/>\ns\u2019\u00e9chapper le temps d&rsquo;un instant du tumulte parisien. Celle-ci se<br \/>\nsitue tr\u00e8s exactement <strong>en Normandie<\/strong>. Avant de<br \/>\nd\u00e9c\u00e9der, les deux personnalit\u00e9s ont profit\u00e9 de tendres moments au<br \/>\nsein du Clos Saint-Nicolas. \u201cC\u2019\u00e9tait une petite maison, mais<br \/>\nelle a \u00e9t\u00e9 agrandie. <strong>Le fr\u00e8re de Michel Berger \u00e9tait<br \/>\narchitecte, c\u2019est lui qui avait fait les plans<\/strong>.\u201d, a<br \/>\npr\u00e9cis\u00e9 G\u00e9rard Lust, l\u2019ancien maire de Vasouy, aupr\u00e8s<br \/>\nd\u2019Ouest-France.<\/p>\n<p class=\"p1\">Cette maison a \u00e9t\u00e9 un vrai coup de c\u0153ur pour la<br \/>\nchanteuse. \u201cC\u2019\u00e9tait un <strong>endroit merveilleux pour se<br \/>\nreposer<\/strong>.\u201d, avait m\u00eame lanc\u00e9 France Gall \u00e0 son sujet<br \/>\nen 1993 alors qu&rsquo;elle se trouvait sur le plateau de l\u2019\u00e9mission<br \/>\nFr\u00e9quence Star. Et c\u2019est d\u2019ailleurs l\u00e0 que des<br \/>\n<strong>titres mythiques<\/strong>, comme R\u00e9siste, auraient<br \/>\n\u00e9t\u00e9 mis au point.<\/p>\n<p><script async src=\"\/\/www.tiktok.com\/embed.js\"><\/script><\/p>\n","protected":false},"excerpt":{"rendered":"Lorsque l\u2019on \u00e9voque le couple mythique form\u00e9 par Michel Berger et France Gall, on pense souvent aux refrains&hellip;\n","protected":false},"author":2,"featured_media":585762,"comment_status":"","ping_status":"","sticky":false,"template":"","format":"standard","meta":{"footnotes":""},"categories":[1359],"tags":[3396,69926,69924,1696,1805,4431,58,3029,69925,59,1011,27,51675,4743,27036,3103,36461,973,471,68746,47483,16283,9066,7825],"class_list":{"0":"post-585761","1":"post","2":"type-post","3":"status-publish","4":"format-standard","5":"has-post-thumbnail","7":"category-people","8":"tag-avec","9":"tag-beausejour","10":"tag-berger","11":"tag-chanteur","12":"tag-de","13":"tag-dernier","14":"tag-divertissement","15":"tag-du","16":"tag-endroit","17":"tag-entertainment","18":"tag-fr","19":"tag-france","20":"tag-gall","21":"tag-la","22":"tag-merveilleux","23":"tag-michel","24":"tag-parisien","25":"tag-people","26":"tag-pour","27":"tag-repaire","28":"tag-reposer","29":"tag-se","30":"tag-un","31":"tag-villa"},"share_on_mastodon":{"url":"https:\/\/pubeurope.com\/@fr\/115682570924036274","error":""},"_links":{"self":[{"href":"https:\/\/www.europesays.com\/fr\/wp-json\/wp\/v2\/posts\/585761","targetHints":{"allow":["GET"]}}],"collection":[{"href":"https:\/\/www.europesays.com\/fr\/wp-json\/wp\/v2\/posts"}],"about":[{"href":"https:\/\/www.europesays.com\/fr\/wp-json\/wp\/v2\/types\/post"}],"author":[{"embeddable":true,"href":"https:\/\/www.europesays.com\/fr\/wp-json\/wp\/v2\/users\/2"}],"replies":[{"embeddable":true,"href":"https:\/\/www.europesays.com\/fr\/wp-json\/wp\/v2\/comments?post=585761"}],"version-history":[{"count":0,"href":"https:\/\/www.europesays.com\/fr\/wp-json\/wp\/v2\/posts\/585761\/revisions"}],"wp:featuredmedia":[{"embeddable":true,"href":"https:\/\/www.europesays.com\/fr\/wp-json\/wp\/v2\/media\/585762"}],"wp:attachment":[{"href":"https:\/\/www.europesays.com\/fr\/wp-json\/wp\/v2\/media?parent=585761"}],"wp:term":[{"taxonomy":"category","embeddable":true,"href":"https:\/\/www.europesays.com\/fr\/wp-json\/wp\/v2\/categories?post=585761"},{"taxonomy":"post_tag","embeddable":true,"href":"https:\/\/www.europesays.com\/fr\/wp-json\/wp\/v2\/tags?post=585761"}],"curies":[{"name":"wp","href":"https:\/\/api.w.org\/{rel}","templated":true}]}}