{"id":585763,"date":"2025-12-08T06:38:20","date_gmt":"2025-12-08T06:38:20","guid":{"rendered":"https:\/\/www.europesays.com\/fr\/585763\/"},"modified":"2025-12-08T06:38:20","modified_gmt":"2025-12-08T06:38:20","slug":"10-ans-apres-la-vidange-du-lac-un-livre-exceptionnel","status":"publish","type":"post","link":"https:\/\/www.europesays.com\/fr\/585763\/","title":{"rendered":"10 ans apr\u00e8s la vidange du lac, un livre exceptionnel"},"content":{"rendered":"<p>                    Par<br \/>\n        <strong><br \/>\n            <a href=\"https:\/\/actu.fr\/auteur\/angelique-goyet\" title=\"Consulter tous les articles de Ang\u00e9lique Goyet\" target=\"_blank\" rel=\"noopener\">Ang\u00e9lique Goyet<\/a><br \/>\n                    <\/strong><\/p>\n<p>        Publi\u00e9 le<\/p>\n<p>            7 d\u00e9c. 2025 \u00e0 11h07        <\/p>\n<p><b>Jean Lesoen <\/b>est un visage connu autour du<b> lac de Guerl\u00e9dan<\/b>, dans le pays de <a href=\"https:\/\/actu.fr\/bretagne\/loudeac_22136\" target=\"_blank\" rel=\"noopener\">Loud\u00e9ac<\/a> (C\u00f4tes-d\u2019Armor).<br \/><b>Auteur et photographe<\/b>, il a tir\u00e9 un magnifique livre photographique parmi les <b>30\u2009000 clich\u00e9s<\/b> qu\u2019il a pris avec <b>sa femme Pascale<\/b>, pendant l\u2019assec en 2015. Publi\u00e9 <b>fin novembre\u00a02025.<\/b><br \/><b>Dix ans apr\u00e8s<\/b> la<b> <\/b>vidange du <b>plus grand lac de Bretagne<\/b>, Jean Lesoen revient sur ses souvenirs de l\u2019assec,<b> lundi 1er\u00a0d\u00e9cembre 2025<\/b>.<br \/>\u00ab\u2009Le lac remontait de <b>cinq centim\u00e8tres par heure<\/b>, les pierres disparaissaient, les paysages \u00e9voluaient toutes les heures. Les animaux, surpris, partaient de la vall\u00e9e. C\u2019\u00e9tait tr\u00e8s particulier \u00e0 vivre.\u2009\u00bb<\/p>\n<p>\u00ab\u2009Vu l\u2019immensit\u00e9 du lac, je me demandais ce qu\u2019il y avait en dessous\u2009\u00bb<\/p>\n<p class=\" wall-content\">\u00ab\u2009On m\u2019avait parl\u00e9 des <b>anciennes vidanges<\/b>, mais je n\u2019\u00e9tais pas encore l\u00e0. Quand on m\u2019a dit un an avant que le lac allait \u00eatre vid\u00e9\u2026\u2009\u00bb<\/p>\n<p class=\" wall-content\"><b>Jean Lesoen <\/b>se souvient des pr\u00e9paratifs de l\u2019assec du <a href=\"https:\/\/actu.fr\/tag\/lac-de-guerledan\" target=\"_blank\" rel=\"noopener\">lac de Guerl\u00e9dan<\/a>, en <b>2014<\/b>.<\/p>\n<p class=\" wall-content\">Le compte \u00e0 rebours, comme il l\u2019indique au d\u00e9but de son <b>quatri\u00e8me livre<\/b>, \u00a0\u00bbGuerl\u00e9dan 2015, L\u2019Histoire d\u2019une vidange historique\u00a0\u00bb, qui vient de para\u00eetre.<\/p>\n<p class=\" wall-content\">Visage connu autour du lac comme <b>correspondant local<\/b> du <a href=\"https:\/\/www.letelegramme.fr\/\" target=\"_blank\" rel=\"noopener\">T\u00e9l\u00e9gramme<\/a> depuis <b>2000<\/b>, l\u2019<b>auteur de polars et de biographie<\/b> passe au livre de photographies.<\/p>\n<p>La photo depuis l\u2019\u00e2ge de 10\u00a0ans<\/p>\n<p class=\" wall-content\">La boucle est boucl\u00e9e\u2009: \u00ab\u2009Je fais de la photo depuis l\u2019\u00e2ge de 10\u00a0ans. \u00c0 15-16\u00a0ans, j\u2019ai mont\u00e9 un labo photos dans mon lyc\u00e9e\u2009\u00bb, confie-t-il <b>lundi 1er\u00a0d\u00e9cembre 2025<\/b>.<\/p>\n<p>    <img   decoding=\"async\" loading=\"lazy\" class=\"size-large\" src=\"https:\/\/www.europesays.com\/fr\/wp-content\/uploads\/2025\/12\/2caba471bd29620bba471bd29e3bbav-960x640.jpg\" alt=\"Jean-Lesoen-assec-guerl\u00e9dan-2015-livre-10-ans-2025\" width=\"960\" height=\"640\"\/><br \/>\n    La maison \u00e9clusi\u00e8re du Pouldu, \u00e0 nouveau entour\u00e9e par les eaux montantes du lac de Guerl\u00e9dan, en 2015. Jean Lesoen publie un magnifique livre sur la vidange de Guerl\u00e9dan, plus grand lac de Bretagne, en novembre\u00a02025. \u00a9Jean Lesoen<\/p>\n<p>Votre r\u00e9gion, votre actu !<\/p>\n<p>Recevez chaque jour les infos qui comptent pour vous.<\/p>\n<p>\t<a href=\"https:\/\/actu.fr\/newsletter\" class=\"ac-btn ac-btn--corner ac-btn--medium ac-btn--blue800\" target=\"_blank\" rel=\"noopener\">S&rsquo;incrire<\/a><\/p>\n<p class=\" wall-content\">Ce <b>Nordiste <\/b>d\u2019origine \u2013 \u00ab\u2009J\u2019ai une branche bretonne qui remonte au XVIIIe\u00a0si\u00e8cle dans le pays du L\u00e9on\u2009\u00bb \u2013 est install\u00e9 au bord du lac de Guerl\u00e9dan depuis <b>1997<\/b>.<\/p>\n<p class=\" wall-content\">Ann\u00e9e o\u00f9 il est mut\u00e9 comme <b>gendarme <\/b>\u00e0 <b>Gouarec<\/b>.<\/p>\n<p class=\" wall-content\">Et donc, un an avant la vidange, Jean Lesoen investit dans du mat\u00e9riel photo, \u00e0 hauteur de 3\u2009000\u00a0\u20ac\u2009: \u00ab\u2009Vu l\u2019immensit\u00e9 du lac, <b>je me demandais ce qu\u2019il y avait en dessous<\/b>\u2009\u00bb.<\/p>\n<p>Le lac en bulles<\/p>\n<p class=\" wall-content\">Il s\u2019\u00e9quipe entre autres avec un objectif sp\u00e9cial\u2009: \u00ab\u2009Un <b>Fisher Eyes<\/b>, qui a<b> un angle de 178 degr\u00e9s<\/b>. C\u2019est hyper-angulaire avec une <b>qualit\u00e9 d\u2019image impressionnante<\/b>. Les photos donnent l\u2019impression d\u2019\u00eatre prises dans un <b>hublot\u2009<\/b>\u00bb.<\/p>\n<p class=\" wall-content\">Ses photos \u00a0\u00bbhublot\u00a0\u00bb occupent le chapitre tr\u00e8s po\u00e9tique\u2009: <b>Les Bulles de Guerl\u00e9dan<\/b>. Des instants suspendus au milieu des grandes images sur le lac.<\/p>\n<p>    <img   decoding=\"async\" loading=\"lazy\" class=\"size-large\" src=\"https:\/\/www.europesays.com\/fr\/wp-content\/uploads\/2025\/12\/562c7471bd296aa2c7471bd29ae2c7v-960x640.jpg\" alt=\"Jean-Lesoen-assec-guerl\u00e9dan-2015-livre-10-ans-2025\" width=\"960\" height=\"640\"\/><br \/>\n    Les bulles de Guerl\u00e9dan. Jean Lesoen publie un magnifique livre sur la vidange de Guerl\u00e9dan, plus grand lac de Bretagne, en novembre\u00a02025. \u00a9Jean Lesoen<\/p>\n<p class=\" wall-content\">Jean Lesoen a travaill\u00e9 en bin\u00f4me avec <b>sa femme, Pascale.<\/b><\/p>\n<blockquote class=\"ac-article-quote wall-content\">\n<p>Elle m\u2019a remplac\u00e9 quand j\u2019\u00e9tais malade. En attendant que j\u2019aille mieux, elle y allait le matin et l\u2019apr\u00e8s-midi. Pour un peu, elle ne rentrait plus\u2009!<\/p>\n<p>Jean Lesoen, auteur et photographe<\/p><\/blockquote>\n<p class=\" wall-content\">Le livre commence avant la vidange, \u00ab\u2009avec <b>une derni\u00e8re balade sur la vedette<\/b> du Duc de Bretagne\u2009\u00bb.<\/p>\n<p class=\" wall-content\">Avec aussi un petit retour sur les r\u00e9unions publiques pour les <b>riverains <\/b>du lac sur les deux d\u00e9partements.<\/p>\n<p class=\" wall-content\">Et surtout, pour celles et ceux qui ont connu l\u2019assec, le <b>fameux plan des d\u00e9viations psych\u00e9d\u00e9lique<\/b> (vu le nombre de couleurs employ\u00e9es).<\/p>\n<p>30\u2009000 photos prises de la vidange du lac<\/p>\n<p class=\" wall-content\">La <b>r\u00e9cup\u00e9ration <\/b>des <b>poissons<\/b>, le lac plein, le lac vide, des <b>t\u00e9moignages <\/b>d\u2019anciens habitants de la vall\u00e9e \u00ab\u2009d\u00e9s-engloutie\u2009\u00bb\u2026<\/p>\n<blockquote class=\"ac-article-quote wall-content\">\n<p>Il y a les quatre saisons. J\u2019aurais aim\u00e9 voir la vall\u00e9e du Blavet enneig\u00e9e\u2026<\/p>\n<p>Jean Lesoen, auteur et photographe<\/p><\/blockquote>\n<p class=\" wall-content\">Des <b>30\u2009000 photos<\/b>, il lui a fallu un mois pour en choisir une centaine pour le livre. \u00ab\u2009Pour trouver <b>celles qui feront plaisir<\/b>, <b>m\u00eame \u00e0 ceux qui n\u2019ont pas connu l\u2019assec<\/b>.\u2009\u00bb<\/p>\n<p class=\" wall-content\">Jean Lesoen a trouv\u00e9 des partenaires locaux pour financer ce magnifique ouvrage\u2009: <b>EDF<\/b>, qui exploite le barrage\u2009; <b>Intermarch\u00e9<\/b> \u00e0 <a href=\"https:\/\/actu.fr\/bretagne\/guerledan_22158\" target=\"_blank\" rel=\"noopener\">Guerl\u00e9dan<\/a>\u2009; la <b>Biscuiterie de Guerl\u00e9dan<\/b>\u2009; les <b>Vedettes de Guerl\u00e9dan<\/b> \u00e0 <a href=\"https:\/\/actu.fr\/bretagne\/caurel_22033\" target=\"_blank\" rel=\"noopener\">Caurel<\/a>\u2009; le <b>Valfrescos <\/b>et <b>Cap\u2019tain Cook<\/b> \u00e0 Caurel\u2009; la <b>Gare de Gouarec.<\/b><\/p>\n<p class=\" wall-content\">Au total, pour le premier tirage, 350 exemplaires\u2009; \u00ab\u2009en 10\u00a0jours, une centaine est d\u00e9j\u00e0 partie\u2026 EDF va mettre le livre dans ses<b> centrales hydro-\u00e9lectriques fran\u00e7aises<\/b>\u2009\u00bb.<\/p>\n<p>    <img   decoding=\"async\" loading=\"lazy\" class=\"size-large\" src=\"https:\/\/www.europesays.com\/fr\/wp-content\/uploads\/2025\/12\/629f8471bd296449f8471bd29289f8v-960x640.jpg\" alt=\"Jean-Lesoen-assec-guerl\u00e9dan-2015-livre-10-ans-2025\" width=\"960\" height=\"640\"\/><br \/>\n    Jean Lesoen publie un magnifique livre sur la vidange de Guerl\u00e9dan, plus grand lac de Bretagne, en novembre\u00a02025. \u00a9Jean LesoenLes survols de l\u2019h\u00e9licopt\u00e8re des secours<\/p>\n<p class=\" wall-content\">Des <b>anecdotes<\/b>, il y a en a <b>beaucoup <\/b>dans ce livre. Notamment sur les <b>moyens de secours d\u00e9ploy\u00e9s<\/b> lors de l\u2019assec.<\/p>\n<blockquote class=\"ac-article-quote wall-content\">\n<p>Sur neuf interventions de l\u2019h\u00e9licopt\u00e8re, j\u2019en ai huit en photos. L\u2019h\u00e9licopt\u00e8re des secours passait \u00e0 la verticale de ma maison \u00e0 Tr\u00e9gnanton, \u00e0 Saint-Gelven.<\/p>\n<p>Jean Lesoen, auteur et photographe<\/p><\/blockquote>\n<p class=\" wall-content\">Les personnes secourues \u00e9taient soit enlis\u00e9es dans la<b> boue ultra-collante et d\u00e9chaussante<\/b> du fond du lac\u2009; soit <b>tomb\u00e9es dans un puits de mines<\/b>\u2026<\/p>\n<p>Une \u00e9pave de bateau \u00e9merge du lac<\/p>\n<p class=\" wall-content\">L\u2019<b>\u00e9pave du Gwen Ha Du<\/b> avait aussi retrouv\u00e9 la surface, dans l\u2019anse de Guerl\u00e9dan \u00e0 M\u00fbr-de-Bretagne.<\/p>\n<blockquote class=\"ac-article-quote wall-content\">\n<p>Ce bateau avait \u00e9t\u00e9 coul\u00e9 pendant la Seconde Guerre mondiale par les Anglais. Les Allemands y avaient mis des ballons pour les emp\u00eacher de tirer depuis leurs avions, sur le barrage. Le barrage fournissait de l\u2019\u00e9lectricit\u00e9 pour la base allemande de Lorient.<\/p>\n<p>Jean Lesoen, auteur et photographe<\/p><\/blockquote>\n<p>    <img   decoding=\"async\" loading=\"lazy\" class=\"size-large\" src=\"https:\/\/www.europesays.com\/fr\/wp-content\/uploads\/2025\/12\/5f719471bd29693819471bd29b8819v-960x640.jpg\" alt=\"Jean-Lesoen-assec-guerl\u00e9dan-2015-livre-10-ans-2025\" width=\"960\" height=\"640\"\/><br \/>\n    Jean Lesoen publie un magnifique livre sur la vidange de Guerl\u00e9dan, plus grand lac de Bretagne, lundi 1er\u00a0d\u00e9cembre 2025. \u00a9Jean Lesoen5\u00a0cm par heure<\/p>\n<p class=\" wall-content\">Bref. Jean Lesoen retient le moment de l\u2019assec qui l\u2019a le plus marqu\u00e9.<\/p>\n<p class=\" wall-content\">\u00ab\u2009C\u2019\u00e9tait lors de la <b>derni\u00e8re semaine de l\u2019assec<\/b>, le lac ne voulait pas se remplir. Puis, il est mont\u00e9 d\u2019un seul coup. <b>Cinq centim\u00e8tres par heure<\/b>, les pierres disparaissaient, les paysages \u00e9voluaient toutes les heures. Les animaux, surpris, partaient de la vall\u00e9e. C\u2019\u00e9tait tr\u00e8s particulier \u00e0 vivre.\u2009\u00bb<\/p>\n<p>Les s\u00e9ances de d\u00e9dicaces<\/p>\n<p>S\u00e9ances de d\u00e9dicaces, en d\u00e9cembre\u00a02025\u2009: samedi\u00a06 de 9\u2009h\u200930 \u00e0 12\u2009h \u00e0 Intermarch\u00e9 de Guerl\u00e9dan (rue de Pontivy \u00e0 M\u00fbr)\u2009; samedi\u00a013 de 10\u2009h\u200930 \u00e0 12\u2009h\u200930 \u00e0 la biblioth\u00e8que de Laniscat\u2009; samedi\u00a020 de 14\u2009h \u00e0 18\u2009h, \u00e0 la Biscuiterie de Guerl\u00e9dan (rue Michelle-Le Brun \u00e0 M\u00fbr).<\/p>\n<p>\u00ab\u2009Guerl\u00e9dan 2015, L\u2019Histoire d\u2019une vidange historique\u2009\u00bb, de Jean et Pascale Lesoen, aux \u00e9ditions <a href=\"https:\/\/www.coollibri.com\/bibliotheque-en-ligne\/jean-lesoen\/guerledan-2015-lhistoire-dune-vidange-historique_1316923\" target=\"_blank\" rel=\"noopener\">CoolLibri.com<\/a>. 24,90\u00a0\u20ac. En vente \u00e0 Guerl\u00e9dan\/M\u00fbr-de-Bretagne\u2009: Intermarch\u00e9, Biscuiterie de Guerl\u00e9dan\u2009; \u00e0 Caurel, au restaurant Capt\u2019ain Cook\u2009; \u00e0 la Gare de Gouarec. Ou aupr\u00e8s de l\u2019auteur\u2009: <a href=\"https:\/\/actu.fr\/cdn-cgi\/l\/email-protection\" class=\"__cf_email__\" data-cfemail=\"345f514659555051570606745359555d581a575b59\" target=\"_blank\" rel=\"noopener\">[email\u00a0protected]<\/a><\/p>\n<p class=\" wall-content\">Personnalisez votre actualit\u00e9 en ajoutant vos villes et m\u00e9dias en favori avec <a href=\"https:\/\/moncompte.actu.fr\" title=\"D\u00e9couvez Mon Actu\" rel=\"nofollow noopener\" data-trk=\"{&quot;cta&quot;:{&quot;action&quot;:&quot;https:\\\/\\\/moncompte.actu.fr&quot;,&quot;category&quot;:&quot;mon compte&quot;,&quot;from&quot;:&quot;article footer&quot;,&quot;name&quot;:&quot;Mon actu&quot;,&quot;type&quot;:&quot;cta&quot;}}\" target=\"_blank\">Mon Actu<\/a>.<\/p>\n","protected":false},"excerpt":{"rendered":"Par Ang\u00e9lique Goyet Publi\u00e9 le 7 d\u00e9c. 2025 \u00e0 11h07 Jean Lesoen est un visage connu autour du&hellip;\n","protected":false},"author":2,"featured_media":585764,"comment_status":"","ping_status":"","sticky":false,"template":"","format":"standard","meta":{"footnotes":""},"categories":[1358],"tags":[1348,1384,1385,10721,1386,58,59,1011,27,11890,69927,1652],"class_list":{"0":"post-585763","1":"post","2":"type-post","3":"status-publish","4":"format-standard","5":"has-post-thumbnail","7":"category-arts-et-design","8":"tag-arts","9":"tag-arts-and-design","10":"tag-arts-et-design","11":"tag-centre-bretagne","12":"tag-design","13":"tag-divertissement","14":"tag-entertainment","15":"tag-fr","16":"tag-france","17":"tag-guerledan","18":"tag-lac-de-guerledan","19":"tag-loisirs-culture"},"share_on_mastodon":{"url":"https:\/\/pubeurope.com\/@fr\/115682575979097666","error":""},"_links":{"self":[{"href":"https:\/\/www.europesays.com\/fr\/wp-json\/wp\/v2\/posts\/585763","targetHints":{"allow":["GET"]}}],"collection":[{"href":"https:\/\/www.europesays.com\/fr\/wp-json\/wp\/v2\/posts"}],"about":[{"href":"https:\/\/www.europesays.com\/fr\/wp-json\/wp\/v2\/types\/post"}],"author":[{"embeddable":true,"href":"https:\/\/www.europesays.com\/fr\/wp-json\/wp\/v2\/users\/2"}],"replies":[{"embeddable":true,"href":"https:\/\/www.europesays.com\/fr\/wp-json\/wp\/v2\/comments?post=585763"}],"version-history":[{"count":0,"href":"https:\/\/www.europesays.com\/fr\/wp-json\/wp\/v2\/posts\/585763\/revisions"}],"wp:featuredmedia":[{"embeddable":true,"href":"https:\/\/www.europesays.com\/fr\/wp-json\/wp\/v2\/media\/585764"}],"wp:attachment":[{"href":"https:\/\/www.europesays.com\/fr\/wp-json\/wp\/v2\/media?parent=585763"}],"wp:term":[{"taxonomy":"category","embeddable":true,"href":"https:\/\/www.europesays.com\/fr\/wp-json\/wp\/v2\/categories?post=585763"},{"taxonomy":"post_tag","embeddable":true,"href":"https:\/\/www.europesays.com\/fr\/wp-json\/wp\/v2\/tags?post=585763"}],"curies":[{"name":"wp","href":"https:\/\/api.w.org\/{rel}","templated":true}]}}