{"id":585769,"date":"2025-12-08T06:42:22","date_gmt":"2025-12-08T06:42:22","guid":{"rendered":"https:\/\/www.europesays.com\/fr\/585769\/"},"modified":"2025-12-08T06:42:22","modified_gmt":"2025-12-08T06:42:22","slug":"ils-se-retrouvent-pour-avatar-3-ce-lien-special-qui-unit-sigourney-weaver-a-james-cameron","status":"publish","type":"post","link":"https:\/\/www.europesays.com\/fr\/585769\/","title":{"rendered":"Ils se retrouvent pour \u00ab\u00a0Avatar 3\u00a0\u00bb : ce lien sp\u00e9cial qui unit Sigourney Weaver \u00e0 James Cameron"},"content":{"rendered":"<ul class=\"jsx-862013697 ArticleChapo__List\">\n<li class=\"jsx-862013697 ArticleChapo__List_Item flex\">Sigourney Weaver est l&rsquo;invit\u00e9e de \u00ab\u00a0Sept \u00e0 Huit\u00a0\u00bb sur TF1 ce dimanche 7 d\u00e9cembre dans le cadre de la sortie de \u00ab\u00a0Avatar : de feu et de cendres\u00a0\u00bb, en salles le 17 d\u00e9cembre.<\/li>\n<li class=\"jsx-862013697 ArticleChapo__List_Item flex\">La com\u00e9dienne de 76 ans incarne Kiri, la fille du personnage du Dr Grace Augustine qu&rsquo;elle incarnait dans le premier volet.<\/li>\n<li class=\"jsx-862013697 ArticleChapo__List_Item flex\">C&rsquo;est sa quatri\u00e8me collaboration avec James Cameron, quatre d\u00e9cennies apr\u00e8s une premi\u00e8re exp\u00e9rience mouvement\u00e9e.<\/li>\n<\/ul>\n<p><a href=\"https:\/\/www.tf1info.fr\/emissions\/tf1\/sept-a-huit-10825\/\" rel=\"noopener\" class=\"jsx-484472199 Link jsx-1428418400 jsx-640816507\" target=\"_blank\"><\/p>\n<p style=\"font-weight:400\" class=\"jsx-1837267516\">Suivez la couverture compl\u00e8te<\/p>\n<p style=\"font-weight:800\" class=\"jsx-1837267516\">Sept \u00e0 huit<\/p>\n<p><\/a><\/p>\n<p data-module=\"article-paragraph\" class=\"jsx-3046738180 Paragraph Paragraph__End\">Dans la grande famille que forme l\u2019\u00e9quipe de la saga Avatar, dont le troisi\u00e8me volet d\u00e9barque le 17 d\u00e9cembre sur les \u00e9crans fran\u00e7ais, Sigourney Weaver occupe une place \u00e0 part. \u00ab\u00a0L\u2019un des plus grands cadeaux de ma vie, c\u2019est d\u2019avoir travaill\u00e9 avec Jim encore, encore et encore\u00a0\u00bb, a confi\u00e9 la com\u00e9dienne devant la presse ce vendredi. \u00ab\u00a0C\u2019est quelqu\u2019un qui aime ses acteurs et qui leur donne la s\u00e9curit\u00e9 et le soutien n\u00e9cessaire pour explorer chaque aspect d\u2019une sc\u00e8ne. On s\u2019amuse aussi beaucoup, m\u00eame si ce n&rsquo;\u00e9tait pas le cas sur Aliens, le retour. Mais ce n\u2019\u00e9tait pas notre faute car \u00e0 l\u2019\u00e9poque, nous \u00e9tions seuls contre le reste du monde.\u00a0\u00bb<\/p>\n<p data-module=\"article-paragraph\" class=\"jsx-3046738180 Paragraph Paragraph__End\">\u00c9nigmatique pour la jeune g\u00e9n\u00e9ration, le clin d&rsquo;\u0153il de Sigourney Weaver fait r\u00e9f\u00e9rence \u00e0 un moment cl\u00e9 dans leur carri\u00e8re respective. D\u00e9but 1985, plus pr\u00e9cis\u00e9ment. Aur\u00e9ol\u00e9 du succ\u00e8s de Terminator, James Cameron re\u00e7oit le feu vert des producteurs de la franchise Alien pour r\u00e9aliser la suite du chef-d\u2019\u0153uvre de Ridley Scott, d\u2019apr\u00e8s son propre sc\u00e9nario. Amoureux des femmes fortes, le jeune cin\u00e9aste canadien a d\u00e9cid\u00e9 de faire de Ripley le personnage central de l\u2019intrigue&#8230; avant que les producteurs lui demandent de le supprimer, craignant que l\u2019agent de la com\u00e9dienne demande trop d\u2019argent !<\/p>\n<blockquote class=\"jsx-2786790838 Quote__Text\"><p>Je ne joue pas une ado : j&rsquo;ai retrouv\u00e9 l&rsquo;ado que j&rsquo;\u00e9tais<\/p><\/blockquote>\n<p>Sigourney Weaver<\/p>\n<p data-module=\"article-paragraph\" class=\"jsx-3046738180 Paragraph Paragraph__End\">Droit dans ses bottes, James Cameron tient bon et entame le tournage du film en septembre dans les studios londoniens de Pinewood. Sur place, le nouveau venu se retrouve confront\u00e9 \u00e0 une v\u00e9ritable mutinerie d\u2019une partie des techniciens, loyaux envers Ridley Scott et m\u00e9prisants \u00e0 son \u00e9gard ! Lors d\u2019une r\u00e9union hyper tendue, Sigourney Weaver leur annonce qu\u2019ils peuvent quitter le navire car elle ne tournera le film avec personne d\u2019autre que James Cameron. On conna\u00eet le r\u00e9sultat : avec pr\u00e8s de 180 millions de dollars de recettes, Aliens, le retour re\u00e7oit un accueil triomphal, de la part du public comme de la critique. Encore aujourd\u2019hui, le d\u00e9bat fait rage parmi les fans, certains estimant qu\u2019il est meilleur que l\u2019original.<\/p>\n<p data-module=\"article-paragraph\" class=\"jsx-3046738180 Paragraph Paragraph__End\">Au fil des ann\u00e9es, James Cameron et Sigourney Weaver emprunteront des chemins diff\u00e9rents. Mais ils ne vont jamais se perdre de vue. Jusqu&rsquo;au d\u00e9but de l&rsquo;ann\u00e9e 2007, lorsqu&rsquo;elle est l\u2019une des premi\u00e8res com\u00e9diennes \u00e0 recevoir le sc\u00e9nario du myst\u00e9rieux Avatar, un projet de longue date du cin\u00e9aste. Sans casting, il lui propose le r\u00f4le du Dr Grace Augustine, une scientifique terrienne qui participe au programme d\u2019exploration de la plan\u00e8te Pandora en entrant elle-m\u00eame dans l\u2019avatar d\u2019un Na\u2019vi. Alors que le personnage meurt \u00e0 la fin du film, le cin\u00e9aste propose \u00e0 la com\u00e9dienne d\u2019incarner sa fille Kiri dans <a href=\"https:\/\/www.tf1info.fr\/culture\/video-avatar-2-la-voie-de-l-eau-la-critique-pourquoi-le-nouveau-film-de-james-cameron-va-etre-un-raz-de-maree-2241778.html\" target=\"_blank\" rel=\"noopener\">Avatar : La Voie de l\u2019eau, sorti en 2022<\/a>. Et d\u00e9sormais Avatar : de feu et de cendres.<\/p>\n<p><a href=\"https:\/\/www.tf1info.fr\/culture\/cinema-avatar-3-de-feu-et-de-cendre-se-devoile-enfin-avec-de-premieres-images-saisissantes-dans-un-tout-nouveau-monde-2385755.html\" rel=\"noopener\" class=\"jsx-3308031228 Link flex\" target=\"_blank\"><img decoding=\"async\" src=\"https:\/\/www.europesays.com\/fr\/wp-content\/uploads\/2025\/12\/avatar-3-de-feu-et-de-cendre-5becf0-0@1x.jpeg\" alt=\"Premi\u00e8res images du film &quot;Avatar 3 : de feu et de cendre&quot;, au cin\u00e9ma le 17 d\u00e9cembre.\" loading=\"lazy\" importance=\"low\" fetchpriority=\"low\" class=\"\" aria-hidden=\"true\"\/><\/p>\n<p class=\"jsx-3657663356 ReadMoreArticle__Title\">Lire aussi<\/p>\n<p class=\"jsx-3657663356\">\u00ab\u00a0Avatar 3\u00a0\u00bb se d\u00e9voile enfin avec de premi\u00e8res images saisissantes dans un tout nouveau monde<\/p>\n<p><\/a><\/p>\n<p data-module=\"article-paragraph\" class=\"jsx-3046738180 Paragraph Paragraph__End\">\u00ab\u00a0Je dois avouer que retourner dans l\u2019espace pour jouer une ado de 14 ans \u00e9tait un vrai challenge\u00a0\u00bb, confie Sigourney Weaver. \u00ab\u00a0J\u2019en suis tr\u00e8s reconnaissante envers lui parce que je sais combien il s\u2019est inspir\u00e9 de sa relation avec ses propres enfants dans la vraie vie\u00a0\u00bb. Gr\u00e2ce \u00e0 la magie de la performance capture, la com\u00e9dienne qui vient de f\u00eater ses 76 ans s\u2019offre un bain de jouvence in\u00e9dit dans l&rsquo;histoire du cin\u00e9ma. \u00ab\u00a0\u00c0 l\u2019arriv\u00e9e, je n\u2019ai pas peur de dire que je ne joue pas une adolescente, mais que j\u2019ai retrouv\u00e9 l\u2019adolescente que j\u2019\u00e9tais\u00a0\u00bb, confie-t-elle avec un large sourire.<\/p>\n<p>J\u00e9r\u00f4me VERMELIN<\/p>\n","protected":false},"excerpt":{"rendered":"Sigourney Weaver est l&rsquo;invit\u00e9e de \u00ab\u00a0Sept \u00e0 Huit\u00a0\u00bb sur TF1 ce dimanche 7 d\u00e9cembre dans le cadre de&hellip;\n","protected":false},"author":2,"featured_media":585770,"comment_status":"","ping_status":"","sticky":false,"template":"","format":"standard","meta":{"footnotes":""},"categories":[1354],"tags":[1111,11,1921,650,58,59,1346,1011,27,2137,1922,28114,2041,1360,17978,199,133,2040],"class_list":{"0":"post-585769","1":"post","2":"type-post","3":"status-publish","4":"format-standard","5":"has-post-thumbnail","7":"category-films","8":"tag-actu","9":"tag-actualites","10":"tag-article-video","11":"tag-cinema","12":"tag-divertissement","13":"tag-entertainment","14":"tag-films","15":"tag-fr","16":"tag-france","17":"tag-hollywood","18":"tag-info","19":"tag-james-cameron","20":"tag-medias-et-divertissement","21":"tag-movies","22":"tag-sept-a-huit","23":"tag-tf1","24":"tag-video","25":"tag-video-culture"},"share_on_mastodon":{"url":"https:\/\/pubeurope.com\/@fr\/115682590439928429","error":""},"_links":{"self":[{"href":"https:\/\/www.europesays.com\/fr\/wp-json\/wp\/v2\/posts\/585769","targetHints":{"allow":["GET"]}}],"collection":[{"href":"https:\/\/www.europesays.com\/fr\/wp-json\/wp\/v2\/posts"}],"about":[{"href":"https:\/\/www.europesays.com\/fr\/wp-json\/wp\/v2\/types\/post"}],"author":[{"embeddable":true,"href":"https:\/\/www.europesays.com\/fr\/wp-json\/wp\/v2\/users\/2"}],"replies":[{"embeddable":true,"href":"https:\/\/www.europesays.com\/fr\/wp-json\/wp\/v2\/comments?post=585769"}],"version-history":[{"count":0,"href":"https:\/\/www.europesays.com\/fr\/wp-json\/wp\/v2\/posts\/585769\/revisions"}],"wp:featuredmedia":[{"embeddable":true,"href":"https:\/\/www.europesays.com\/fr\/wp-json\/wp\/v2\/media\/585770"}],"wp:attachment":[{"href":"https:\/\/www.europesays.com\/fr\/wp-json\/wp\/v2\/media?parent=585769"}],"wp:term":[{"taxonomy":"category","embeddable":true,"href":"https:\/\/www.europesays.com\/fr\/wp-json\/wp\/v2\/categories?post=585769"},{"taxonomy":"post_tag","embeddable":true,"href":"https:\/\/www.europesays.com\/fr\/wp-json\/wp\/v2\/tags?post=585769"}],"curies":[{"name":"wp","href":"https:\/\/api.w.org\/{rel}","templated":true}]}}