{"id":585771,"date":"2025-12-08T06:43:13","date_gmt":"2025-12-08T06:43:13","guid":{"rendered":"https:\/\/www.europesays.com\/fr\/585771\/"},"modified":"2025-12-08T06:43:13","modified_gmt":"2025-12-08T06:43:13","slug":"il-est-dangereux-de-donner-un-telephone-a-un-enfant-avant-ses-12-ans-affirme-une-etude","status":"publish","type":"post","link":"https:\/\/www.europesays.com\/fr\/585771\/","title":{"rendered":"Il est dangereux de donner un t\u00e9l\u00e9phone \u00e0 un enfant avant ses 12\u00a0ans, affirme une \u00e9tude"},"content":{"rendered":"<p>    R\u00e9sum\u00e9 en 20 secondes<\/p>\n<p>        En savoir plus sur ce type de contenu<\/p>\n<p>Ce r\u00e9sum\u00e9 peut avoir \u00e9t\u00e9 \u00e9crit avec l&rsquo;assistance d\u2019une IA g\u00e9n\u00e9rative. <a href=\"https:\/\/www.letemps.ch\/cyber\/l-usage-de-l-ia-generative-par-les-journalistes-du-temps\" target=\"_blank\" rel=\"noopener\">En savoir plus<\/a><\/p>\n<p class=\"article__abstract-call-to-action\" data-ariato=\"TrackableElement\" data-trackable-element-type=\"article_abstract_cta\" data-trackable-element-location=\"article_header\" data-trackable-element-id=\"514338\">\n        <a data-event=\"click-&gt;clicked\" href=\"https:\/\/www.letemps.ch\/abonnements\" target=\"_blank\" rel=\"noopener\">Abonnez-vous<\/a> pour acc\u00e9der au r\u00e9sum\u00e9 en 20 secondes.\n      <\/p>\n<p>Chaque mois, chaque semaine ou chaque jour, les enfants, souvent d\u00e8s l\u2019\u00e2ge de 8\u00a0ans, harc\u00e8lent leurs parents avec cette phrase: \u00abJe pourrais avoir quand un t\u00e9l\u00e9phone?\u00bb Les parents tentent de les raisonner, en leur disant que ce n\u2019est pas bien pour leur sant\u00e9, que la plupart (mais de moins en moins) de leurs copains n\u2019en ont pas, qu\u2019ils n\u2019en ont pas besoin, ou encore que, de toute fa\u00e7on, c\u2019est interdit \u00e0 l\u2019\u00e9cole. Une nouvelle \u00e9tude vient leur donner quelques arguments pour tenter de retarder l\u2019\u00e2ge de poss\u00e9der un premier portable.<\/p>\n<p>Cette \u00e9tude a \u00e9t\u00e9 r\u00e9alis\u00e9e par des chercheurs du Children\u2019s Hospital Philadelphia, de l\u2019Universit\u00e9 de Californie \u00e0 Berkeley et de l\u2019Universit\u00e9 Columbia. Ils ont analys\u00e9 les donn\u00e9es de plus de 10\u00a0000 adolescents am\u00e9ricains ayant particip\u00e9 \u00e0 l\u2019<a href=\"https:\/\/abcdstudy.org\/about\/\" rel=\"nofollow noopener\" target=\"_blank\">\u00e9tude ABCD (Adolescent Brain Cognitive Development Study<\/a>) entre 2018 et 2020. Leurs travaux ont \u00e9t\u00e9 publi\u00e9s le 1er\u00a0d\u00e9cembre dernier dans la\u00a0<a href=\"https:\/\/publications.aap.org\/pediatrics\/article-abstract\/doi\/10.1542\/peds.2025-072941\/205716\/Smartphone-Ownership-Age-of-Smartphone-Acquisition?redirectedFrom=fulltext?autologincheck=redirected\" rel=\"nofollow noopener\" target=\"_blank\">revue scientifique Pediatrics<\/a>.<\/p>\n","protected":false},"excerpt":{"rendered":"R\u00e9sum\u00e9 en 20 secondes En savoir plus sur ce type de contenu Ce r\u00e9sum\u00e9 peut avoir \u00e9t\u00e9 \u00e9crit&hellip;\n","protected":false},"author":2,"featured_media":585772,"comment_status":"","ping_status":"","sticky":false,"template":"","format":"standard","meta":{"footnotes":""},"categories":[10],"tags":[654,1011,27,72,301,71],"class_list":{"0":"post-585771","1":"post","2":"type-post","3":"status-publish","4":"format-standard","5":"has-post-thumbnail","7":"category-sante","8":"tag-donnees-personnelles","9":"tag-fr","10":"tag-france","11":"tag-health","12":"tag-premium","13":"tag-sante"},"share_on_mastodon":{"url":"https:\/\/pubeurope.com\/@fr\/115682594712088723","error":""},"_links":{"self":[{"href":"https:\/\/www.europesays.com\/fr\/wp-json\/wp\/v2\/posts\/585771","targetHints":{"allow":["GET"]}}],"collection":[{"href":"https:\/\/www.europesays.com\/fr\/wp-json\/wp\/v2\/posts"}],"about":[{"href":"https:\/\/www.europesays.com\/fr\/wp-json\/wp\/v2\/types\/post"}],"author":[{"embeddable":true,"href":"https:\/\/www.europesays.com\/fr\/wp-json\/wp\/v2\/users\/2"}],"replies":[{"embeddable":true,"href":"https:\/\/www.europesays.com\/fr\/wp-json\/wp\/v2\/comments?post=585771"}],"version-history":[{"count":0,"href":"https:\/\/www.europesays.com\/fr\/wp-json\/wp\/v2\/posts\/585771\/revisions"}],"wp:featuredmedia":[{"embeddable":true,"href":"https:\/\/www.europesays.com\/fr\/wp-json\/wp\/v2\/media\/585772"}],"wp:attachment":[{"href":"https:\/\/www.europesays.com\/fr\/wp-json\/wp\/v2\/media?parent=585771"}],"wp:term":[{"taxonomy":"category","embeddable":true,"href":"https:\/\/www.europesays.com\/fr\/wp-json\/wp\/v2\/categories?post=585771"},{"taxonomy":"post_tag","embeddable":true,"href":"https:\/\/www.europesays.com\/fr\/wp-json\/wp\/v2\/tags?post=585771"}],"curies":[{"name":"wp","href":"https:\/\/api.w.org\/{rel}","templated":true}]}}