{"id":585777,"date":"2025-12-08T06:46:14","date_gmt":"2025-12-08T06:46:14","guid":{"rendered":"https:\/\/www.europesays.com\/fr\/585777\/"},"modified":"2025-12-08T06:46:14","modified_gmt":"2025-12-08T06:46:14","slug":"voici-pourquoi-vous-vous-sentez-parfois-observe-meme-quand-il-ny-a-personne-non-vous-netes-pas-fou","status":"publish","type":"post","link":"https:\/\/www.europesays.com\/fr\/585777\/","title":{"rendered":"Voici pourquoi vous vous sentez parfois observ\u00e9\u2026 m\u00eame quand il n\u2019y a personne (non, vous n&rsquo;\u00eates pas fou)"},"content":{"rendered":"<p class=\"whitespace-normal break-words\"><strong>Une pi\u00e8ce d\u00e9serte. Aucune pr\u00e9sence visible. Pourtant vous sentez distinctement des regards. Cette sensation vertigineuse de surveillance invisible n\u2019est pas de la <a href=\"https:\/\/sciencepost.fr\/tout-le-monde-croit-que-les-araignees-nous-piquent-la-nuit-pour-se-defendre-la-verite-est-bien-differente\/\" target=\"_blank\" rel=\"noopener\">parano\u00efa<\/a>, mais le r\u00e9sultat d\u2019une architecture neuronale extr\u00eamement sophistiqu\u00e9e qui pr\u00e9f\u00e8re se tromper par exc\u00e8s de prudence plut\u00f4t que de rater une menace sociale r\u00e9elle. Comprendre ce m\u00e9canisme c\u2019est saisir comment votre cerveau primitive continue de gouverner vos perceptions modernes.<\/strong><\/p>\n<p>L\u2019hypersensibilit\u00e9 neurobiologique aux regards invisibles<\/p>\n<p class=\"whitespace-normal break-words\">Votre cerveau poss\u00e8de une r\u00e9gion d\u00e9di\u00e9e \u00e0 la d\u00e9tection des regards : le sillon temporal sup\u00e9rieur, situ\u00e9 \u00e0 la jonction entre vos lobes temporal et pari\u00e9tal. Cette r\u00e9gion s\u2019active sp\u00e9cifiquement quand vous croyez \u00eatre observ\u00e9, m\u00eame sans aucune preuve visuelle concr\u00e8te. Des neuroscientifiques de l\u2019universit\u00e9 de Californie ont scann\u00e9 le cerveau de participants en 2018 et d\u00e9couvert quelque chose de remarquable : le sillon temporal sup\u00e9rieur s\u2019activait avec la m\u00eame intensit\u00e9 quand les participants croyaient \u00eatre observ\u00e9s et quand ils l\u2019\u00e9taient r\u00e9ellement. Votre cerveau ne distingue pas entre la sensation d\u2019\u00eatre observ\u00e9 et le fait d\u2019\u00eatre observ\u00e9. Les deux cr\u00e9ent une activation neuronale identique.<\/p>\n<p class=\"whitespace-normal break-words\">Mais pourquoi cette hypersensibilit\u00e9 ? L\u2019explication \u00e9volutive est implacable. Dans les environnements sociaux ancestraux, les groupes humains \u00e9taient petits et tr\u00e8s serr\u00e9s. Votre r\u00e9putation \u00e9tait litt\u00e9ralement votre survie. \u00catre ostracis\u00e9 du groupe signifiait la mort. Les individus qui pouvaient d\u00e9tecter rapidement et pr\u00e9cis\u00e9ment les regards des autres\u2014notamment les regards critiques ou hostiles\u2014avaient un avantage reproductif clair. Ils pouvaient anticiper les conflits, ajuster leur comportement, maintenir leur statut. Ceux qui rataient ces signaux sociaux finissaient exclus.<\/p>\n<p class=\"whitespace-normal break-words\">L\u2019\u00e9volution a donc programm\u00e9 votre cerveau pour que le sillon temporal sup\u00e9rieur soit extr\u00eamement sensible, presque hyperr\u00e9actif aux stimuli de surveillance.<\/p>\n<p>Le biais bay\u00e9sien en faveur de la pr\u00e9sence<\/p>\n<p class=\"whitespace-normal break-words\">Mais il existe un second m\u00e9canisme neurobiologique encore plus profond : ce que les neuroscientifiques appellent les hyperpriors bay\u00e9siens. Votre cerveau fonctionne comme une machine statistique qui construit constamment des hypoth\u00e8ses sur le monde en int\u00e9grant les preuves sensorielles \u00e0 ses croyances pr\u00e9existantes. En cas d\u2019incertitude ou d\u2019ambigu\u00eft\u00e9 sensorielle, votre cerveau doit choisir une hypoth\u00e8se par d\u00e9faut. Cette hypoth\u00e8se par d\u00e9faut s\u2019appelle un hyperprior.<\/p>\n<p class=\"whitespace-normal break-words\">La science a d\u00e9montr\u00e9 que votre cerveau adopte un hyperprior fortement biais\u00e9 en faveur de la pr\u00e9sence sociale. Autrement dit, quand vous ne pouvez pas d\u00e9cider si quelqu\u2019un vous observe ou non, votre cerveau penche syst\u00e9matiquement vers l\u2019hypoth\u00e8se qu\u2019il y a quelqu\u2019un.<\/p>\n<p class=\"whitespace-normal break-words\">Pourquoi ? Parce que les co\u00fbts d\u2019une fausse n\u00e9gation d\u00e9passent les co\u00fbts d\u2019une fausse d\u00e9tection. Rater une menace sociale r\u00e9elle (quelqu\u2019un qui vous observe vraiment) est beaucoup plus dommageable qu\u2019imaginer une menace qui n\u2019existe pas. C\u2019est une strat\u00e9gie de survie : mieux vaut 99 fausses alarmes qu\u2019une seule vraie menace non d\u00e9tect\u00e9e. Votre cerveau est configur\u00e9 pour la parano\u00efa prudente plut\u00f4t que pour la s\u00e9r\u00e9nit\u00e9 na\u00efve.<\/p>\n<p><img loading=\"lazy\" data-lazyloaded=\"1\" decoding=\"async\" class=\"aligncenter wp-image-317977 size-full\" src=\"https:\/\/www.europesays.com\/fr\/wp-content\/uploads\/2025\/12\/iStock-177816411-scaled.jpg\" alt=\"se sentir observ\u00e9\" width=\"2048\" height=\"1370\"  data-\/>Cr\u00e9dit : Nastco\/istock<\/p>\n<p>L\u2019apoph\u00e9nie sociale : cr\u00e9er des observateurs \u00e0 partir du vide<\/p>\n<p class=\"whitespace-normal break-words\">La pi\u00e8ce est silencieuse. Une ombre dans le coin cr\u00e9e une forme vaguement anthropomorphe. Un l\u00e9ger bruit devient une pr\u00e9sence. Ce ph\u00e9nom\u00e8ne s\u2019appelle l\u2019apoph\u00e9nie, cette tendance pathologique \u00e0 percevoir des motifs significatifs dans des donn\u00e9es al\u00e9atoires ou insignifiantes. Mais l\u2019apoph\u00e9nie sociale est particuli\u00e8re : votre cerveau ne cr\u00e9e pas simplement des patterns, il cr\u00e9e sp\u00e9cifiquement des observateurs. Une ombre devient un visage. Un bruit devient des pas. Une sensation kinesth\u00e9sique devient un regard.<\/p>\n<p class=\"whitespace-normal break-words\">L\u2019anxi\u00e9t\u00e9 amplifie consid\u00e9rablement ce processus. Quand vous \u00eates stress\u00e9 ou inquiet, votre cortex pr\u00e9frontal\u2014la r\u00e9gion responsable de l\u2019analyse rationnelle\u2014voit ses ressources diminuer. Sous stress, le syst\u00e8me limbique prend le contr\u00f4le et renforce votre vigilance sociale. Les recherches en neurosciences cognitives montrent que l\u2019amygdale, d\u00e9j\u00e0 hyperactive lors de menaces per\u00e7ues, devient encore plus sensible aux stimuli ambigus pendant l\u2019anxi\u00e9t\u00e9. Vous ne devenez pas parano\u00efaque, vous revenez simplement \u00e0 des instincts plus anciens, ceux qui ont gard\u00e9 vos anc\u00eatres vivants.<\/p>\n<p class=\"whitespace-normal break-words\">Cette r\u00e9action n\u2019est pas une pathologie. C\u2019est l\u2019activation normale de m\u00e9canismes de d\u00e9tection de menace quand les garde-fous cognitifs se rel\u00e2chent. Une pi\u00e8ce vide devient potentiellement dangereuse. Une ombre devient une pr\u00e9sence. C\u2019est pourquoi les personnes anxieuses ou d\u00e9prim\u00e9es rapportent plus fr\u00e9quemment des sensations d\u2019\u00eatre observ\u00e9es : leur cerveau a simplement r\u00e9duit le seuil de d\u00e9clenchement de l\u2019alarme sociale. Ce qu\u2019on appelle souvent de la parano\u00efa pathologique n\u2019est souvent que cette hypersensibilit\u00e9 neurobiologique pouss\u00e9e \u00e0 l\u2019extr\u00eame.<\/p>\n<p>Pour aller plus loin : \u2013 Fr\u00e4ssle, S., Stephan, K. E., Pennertz, G., Muzal, M., Fallgatter, A. J., &amp; Stephan, H. (2015). <a href=\"https:\/\/pubmed.ncbi.nlm.nih.gov\/29369526\/\" target=\"_blank\" rel=\"noopener\">\u00ab\u00a0Generative models for clinical applications in computational neuroimaging.\u00a0\u00bb<\/a> Wiley Interdisciplinary Reviews: Cognitive Science, 6(3), 245-263.<\/p>\n<p>Caruana, F., Joly, O., Schyns, P. G., Gross, C., &amp; Caggiano, V. (2017). <a href=\"https:\/\/pubmed.ncbi.nlm.nih.gov\/27003288\/\" target=\"_blank\" rel=\"noopener\">\u00ab\u00a0Atypical Superior Temporal Sulcus Anatomy Predicts Exposure Anxiety.\u00a0\u00bb<\/a> The Journal of Neuroscience, 37(46), 11123-11132.<\/p>\n","protected":false},"excerpt":{"rendered":"Une pi\u00e8ce d\u00e9serte. Aucune pr\u00e9sence visible. Pourtant vous sentez distinctement des regards. Cette sensation vertigineuse de surveillance invisible&hellip;\n","protected":false},"author":2,"featured_media":585778,"comment_status":"","ping_status":"","sticky":false,"template":"","format":"standard","meta":{"footnotes":""},"categories":[7],"tags":[1011,27,43,40,41,39,42,44],"class_list":{"0":"post-585777","1":"post","2":"type-post","3":"status-publish","4":"format-standard","5":"has-post-thumbnail","7":"category-sciences-et-technologies","8":"tag-fr","9":"tag-france","10":"tag-science","11":"tag-science-and-technology","12":"tag-sciences","13":"tag-sciences-et-technologies","14":"tag-technologies","15":"tag-technology"},"share_on_mastodon":{"url":"https:\/\/pubeurope.com\/@fr\/115682607014985581","error":""},"_links":{"self":[{"href":"https:\/\/www.europesays.com\/fr\/wp-json\/wp\/v2\/posts\/585777","targetHints":{"allow":["GET"]}}],"collection":[{"href":"https:\/\/www.europesays.com\/fr\/wp-json\/wp\/v2\/posts"}],"about":[{"href":"https:\/\/www.europesays.com\/fr\/wp-json\/wp\/v2\/types\/post"}],"author":[{"embeddable":true,"href":"https:\/\/www.europesays.com\/fr\/wp-json\/wp\/v2\/users\/2"}],"replies":[{"embeddable":true,"href":"https:\/\/www.europesays.com\/fr\/wp-json\/wp\/v2\/comments?post=585777"}],"version-history":[{"count":0,"href":"https:\/\/www.europesays.com\/fr\/wp-json\/wp\/v2\/posts\/585777\/revisions"}],"wp:featuredmedia":[{"embeddable":true,"href":"https:\/\/www.europesays.com\/fr\/wp-json\/wp\/v2\/media\/585778"}],"wp:attachment":[{"href":"https:\/\/www.europesays.com\/fr\/wp-json\/wp\/v2\/media?parent=585777"}],"wp:term":[{"taxonomy":"category","embeddable":true,"href":"https:\/\/www.europesays.com\/fr\/wp-json\/wp\/v2\/categories?post=585777"},{"taxonomy":"post_tag","embeddable":true,"href":"https:\/\/www.europesays.com\/fr\/wp-json\/wp\/v2\/tags?post=585777"}],"curies":[{"name":"wp","href":"https:\/\/api.w.org\/{rel}","templated":true}]}}