{"id":585783,"date":"2025-12-08T06:49:13","date_gmt":"2025-12-08T06:49:13","guid":{"rendered":"https:\/\/www.europesays.com\/fr\/585783\/"},"modified":"2025-12-08T06:49:13","modified_gmt":"2025-12-08T06:49:13","slug":"personne-ne-taide-la-photo-de-sa-poussette-plantee-dans-le-metro-a-fait-reagir","status":"publish","type":"post","link":"https:\/\/www.europesays.com\/fr\/585783\/","title":{"rendered":"\u00ab\u00a0Personne ne t\u2019aide\u00a0\u00bb\u2026 La photo de sa poussette plant\u00e9e dans le m\u00e9tro a fait r\u00e9agir"},"content":{"rendered":"<p>Ce n\u2019\u00e9tait pas un coup de t\u00eate, ni un coup de gueule. Plut\u00f4t le t\u00e9moignage d\u2019une maman en gal\u00e8re, d\u00e9pit\u00e9e de ne pas pouvoir se promener normalement dans <a href=\"https:\/\/www.20minutes.fr\/paris\/\" class=\"c-link c-link--is-underlined\" target=\"_blank\" rel=\"noopener\">Paris <\/a>\u00e0 cause\u2026 de sa poussette. Au retour d\u2019une balade dans la capitale avec son tout jeune gar\u00e7on, Charlotte Billot se heurte \u00e0 un mur d\u2019escalier qu\u2019elle ne peut \u00e9videmment pas grimper avec sa poussette verte.<\/p>\n<p>Dans ces cas-l\u00e0, l\u2019esprit d\u2019entraide pousse les autres voyageurs \u00e0 donner un coup de main pour attraper la fameuse poussette et franchir les marches. Un sourire, un merci et tout le monde est content. Mais pas ce jour-l\u00e0. \u00ab\u00a0Il n\u2019y a personne qui s\u2019est arr\u00eat\u00e9, personne qui m\u2019a aid\u00e9e. Je n\u2019avais pas non plus envie de supplier les gens\u00a0\u00bb, raconte la jeune femme, qui poursuit. \u00ab\u00a0Quand j\u2019\u00e9tais enceinte, c\u2019\u00e9tait pareil. Tu te rends compte que peu de gens te laissent leur place. Souvent, ce sont des femmes, des touristes ou des \u00e9trangers\u00a0\u00bb, t\u00e9moigne Charlotte aupr\u00e8s de 20 Minutes.<\/p>\n<\/p>\n<p>Apr\u00e8s ce \u00ab\u00a0beau moment de solitude\u00a0\u00bb, elle prend une photo de sa poussette, plant\u00e9e au pied des escaliers du m\u00e9tro et la poste <a href=\"https:\/\/www.linkedin.com\/posts\/billot-charlotte_%C3%A9pilogue-lhistoire-folle-dune-poussette-activity-7402305448512634880-1Gjc?utm_source=share&amp;utm_medium=member_desktop&amp;rcm=ACoAADh6Oo8Bb2t8seOTUmHXsVsdzaOUm6mVDDg\" rel=\"nofollow noopener\" target=\"_blank\" class=\"c-link c-link--is-underlined\">sur son compte LinkedIn<\/a> avec quelques mots regrettant l\u2019absence d\u2019aide des usagers qui l\u2019entouraient. Contre toute attente, le message devient viral, suscitant des centaines de commentaires. Dans la tr\u00e8s grande majorit\u00e9 des cas, les internautes s\u2019\u00e9meuvent de la situation et confirment qu\u2019ils ont v\u00e9cu ou vivent toujours les m\u00eames m\u00e9saventures au quotidien. \u00ab\u00a0Je voulais juste raconter un truc banal, pas clasher la RATP ni personne d\u2019ailleurs. Mais mon message a parl\u00e9 \u00e0 beaucoup de gens\u00a0\u00bb. Souvent prise \u00e0 partie, la r\u00e9gie de transports en commun a r\u00e9pondu \u00e0 plusieurs internautes, \u00e9voquant la difficult\u00e9 d\u2019adapter <a href=\"https:\/\/www.20minutes.fr\/paris\/4050431-20230828-paris-pourquoi-si-peu-stations-metros-accessibles-handicapes-poussettes-etc\" class=\"c-link c-link--is-underlined\" target=\"_blank\" rel=\"noopener\">un m\u00e9tro construit il y a plus de cent ans<\/a>. Mais la RATP ne s\u2019est pas arr\u00eat\u00e9e l\u00e0.<\/p>\n<p>Un rendez-vous au si\u00e8ge de la RATP<\/p>\n<p>Quelques jours apr\u00e8s ce post devenu viral, la R\u00e9gie autonome des transports parisiens a contact\u00e9 Charlotte pour lui proposer de venir \u00e0 son si\u00e8ge discuter des solutions envisageables pour am\u00e9liorer le quotidien des familles dans le m\u00e9tro. \u00ab\u00a0J\u2019ai pu voir qu\u2019ils prenaient le sujet tr\u00e8s \u00e0 c\u0153ur. Ils savent qu\u2019il y a des usagers m\u00e9contents donc ils essayent de faire au mieux pour s\u2019am\u00e9liorer. J\u2019avais fait le tri dans les commentaires pour en sortir les meilleures id\u00e9es et je leur ai soumis\u00a0\u00bb, explique la jeune maman. A Paris, <a href=\"https:\/\/www.iledefrance-mobilites.fr\/accessibilite-du-metro-historique\" rel=\"nofollow noopener\" target=\"_blank\" class=\"c-link c-link--is-underlined\">seule la ligne 14 est enti\u00e8rement accessible<\/a> aux personnes \u00e0 mobilit\u00e9 r\u00e9duite. Dans bien des stations, il n\u2019y a pas d\u2019ascenseur, ni m\u00eame un escalier m\u00e9canique.<\/p>\n<p><img decoding=\"async\" alt=\"A Paris, la ligne 14 est la seule qui soit enti\u00e8rement accessible aux personnes \u00e0 mobilit\u00e9 r\u00e9duite. \" class=\"c-img\" loading=\"lazy\" fetchpriority=\"auto\" width=\"718\"  src=\"https:\/\/img.20mn.fr\/umDOsOxcR_CrgOS3mYFltCk\/718x0\" \/>A Paris, la ligne 14 est la seule qui soit enti\u00e8rement accessible aux personnes \u00e0 mobilit\u00e9 r\u00e9duite. \u2002-\u00a0Chang Martin\/Sipa<\/p>\n<p>La question d\u2019avoir \u00ab\u00a0un badge\u00a0\u00bb pour les femmes enceintes ou les personnes temporairement invalides a \u00e9t\u00e9 \u00e9voqu\u00e9e. Ou encore la cr\u00e9ation d\u2019un logo sur l\u2019application <a href=\"https:\/\/www.20minutes.fr\/dossier\/ratp\" class=\"c-link c-link--is-underlined\" target=\"_blank\" rel=\"noopener\">RATP<\/a> permettant de choisir un parcours adapt\u00e9 sans se consid\u00e9rer comme personne \u00e0 mobilit\u00e9 r\u00e9duite (PMR). Quant \u00e0 une sensibilisation des usagers au civisme et \u00e0 la bienveillance, la RATP a d\u00e9j\u00e0 essay\u00e9. Elle va \u00e9videmment continuer mais la cl\u00e9 est sans doute entre les mains des usagers. \u00ab\u00a0Un sourire, un bonjour, \u00e7a ne mange pas de pain\u00a0\u00bb, glisse Charlotte. Son cong\u00e9 maternit\u00e9 termin\u00e9, la maman a pu retrouver un peu de normalit\u00e9 dans ses d\u00e9placements. Jusqu\u2019au prochain escalier.<\/p>\n","protected":false},"excerpt":{"rendered":"Ce n\u2019\u00e9tait pas un coup de t\u00eate, ni un coup de gueule. Plut\u00f4t le t\u00e9moignage d\u2019une maman en&hellip;\n","protected":false},"author":2,"featured_media":585784,"comment_status":"","ping_status":"","sticky":false,"template":"","format":"standard","meta":{"footnotes":""},"categories":[4],"tags":[26087,47,11,3493,28944,847,1011,27,196,1943,662,4047,12,626,625,25,104,2216],"class_list":{"0":"post-585783","1":"post","2":"type-post","3":"status-publish","4":"format-standard","5":"has-post-thumbnail","7":"category-france","8":"tag-accessibilite","9":"tag-actualite","10":"tag-actualites","11":"tag-bebe","12":"tag-enceinte","13":"tag-enfant","14":"tag-fr","15":"tag-france","16":"tag-grossesse","17":"tag-handicap","18":"tag-ile-de-france","19":"tag-metro","20":"tag-news","21":"tag-paris","22":"tag-ratp","23":"tag-republique-francaise","24":"tag-societe","25":"tag-transports-en-commun"},"share_on_mastodon":{"url":"https:\/\/pubeurope.com\/@fr\/115682618956619379","error":""},"_links":{"self":[{"href":"https:\/\/www.europesays.com\/fr\/wp-json\/wp\/v2\/posts\/585783","targetHints":{"allow":["GET"]}}],"collection":[{"href":"https:\/\/www.europesays.com\/fr\/wp-json\/wp\/v2\/posts"}],"about":[{"href":"https:\/\/www.europesays.com\/fr\/wp-json\/wp\/v2\/types\/post"}],"author":[{"embeddable":true,"href":"https:\/\/www.europesays.com\/fr\/wp-json\/wp\/v2\/users\/2"}],"replies":[{"embeddable":true,"href":"https:\/\/www.europesays.com\/fr\/wp-json\/wp\/v2\/comments?post=585783"}],"version-history":[{"count":0,"href":"https:\/\/www.europesays.com\/fr\/wp-json\/wp\/v2\/posts\/585783\/revisions"}],"wp:featuredmedia":[{"embeddable":true,"href":"https:\/\/www.europesays.com\/fr\/wp-json\/wp\/v2\/media\/585784"}],"wp:attachment":[{"href":"https:\/\/www.europesays.com\/fr\/wp-json\/wp\/v2\/media?parent=585783"}],"wp:term":[{"taxonomy":"category","embeddable":true,"href":"https:\/\/www.europesays.com\/fr\/wp-json\/wp\/v2\/categories?post=585783"},{"taxonomy":"post_tag","embeddable":true,"href":"https:\/\/www.europesays.com\/fr\/wp-json\/wp\/v2\/tags?post=585783"}],"curies":[{"name":"wp","href":"https:\/\/api.w.org\/{rel}","templated":true}]}}