{"id":585787,"date":"2025-12-08T06:51:15","date_gmt":"2025-12-08T06:51:15","guid":{"rendered":"https:\/\/www.europesays.com\/fr\/585787\/"},"modified":"2025-12-08T06:51:15","modified_gmt":"2025-12-08T06:51:15","slug":"saint-chamond-va-briller-de-mille-feux-pour-la-fete-des-lumieres","status":"publish","type":"post","link":"https:\/\/www.europesays.com\/fr\/585787\/","title":{"rendered":"Saint-Chamond va briller de mille feux pour la F\u00eate des Lumi\u00e8res"},"content":{"rendered":"<p><img decoding=\"async\" class=\"\" style=\"width:100%\" src=\"https:\/\/www.europesays.com\/fr\/wp-content\/uploads\/2025\/12\/592189230_1268121312024904_6240734313450434375_n1765174538964.jpg\" alt=\"La F\u00eate des Lumi\u00e8res est de retour. \"\/><\/p>\n<p>La F\u00eate des Lumi\u00e8res est de retour. <\/p>\n<p>Cr\u00e9dit : Facebook \/ Ville de Saint-Chamond<\/p>\n<p>Ce lundi 8 d\u00e9cembre, \u00e0 Saint-Chamond, pr\u00e9parez les lampions sur les fen\u00eatres. Comme dans d\u2019autres villes lig\u00e9riennes, on c\u00e9l\u00e8bre la F\u00eate des Lumi\u00e8res. D\u00e8s 17 heures, la Ville vous propose un spectacle de musique et percussions \u00e0 l\u2019Espace Notre-Dame, place de la Libert\u00e9. Une grande d\u00e9ambulation aura ensuite lieu \u00e0 partir de 18h30 au d\u00e9part de la place Saint-Pierre. Les enfants pourront \u00e9galement participer \u00e0 la parade avec des b\u00e2tons lumineux offerts.\u00a0<\/p>\n<p>A partir de 19h30, sur la Place de la Libert\u00e9, on pourra enfin voir des \u00ab\u00a0Lumin\u00e9oles\u00a0\u00bb, ces grands cerfs-volants aux couleurs changeantes. De plus, deux papillons lumineux d\u00e9ambuleront au sol pour le final.\u00a0<\/p>\n<p>Sur place, vous retrouverez \u00e9galement de quoi vous restaurer et vous rafra\u00eechir&#8230;ou vous r\u00e9chauffer.\u00a0<\/p>\n","protected":false},"excerpt":{"rendered":"La F\u00eate des Lumi\u00e8res est de retour. Cr\u00e9dit : Facebook \/ Ville de Saint-Chamond Ce lundi 8 d\u00e9cembre,&hellip;\n","protected":false},"author":2,"featured_media":585788,"comment_status":"","ping_status":"","sticky":false,"template":"","format":"standard","meta":{"footnotes":""},"categories":[9653],"tags":[1111,11,2430,1777,674,4768,48836,1011,27,3367,12,25,9669,4001,3686],"class_list":{"0":"post-585787","1":"post","2":"type-post","3":"status-publish","4":"format-standard","5":"has-post-thumbnail","7":"category-saint-etienne","8":"tag-actu","9":"tag-actualites","10":"tag-auvergne-rhone-alpes","11":"tag-eu","12":"tag-europe","13":"tag-fete","14":"tag-fete-des-lumieres","15":"tag-fr","16":"tag-france","17":"tag-loire","18":"tag-news","19":"tag-republique-francaise","20":"tag-saint-chamond","21":"tag-saint-etienne","22":"tag-sortie"},"share_on_mastodon":{"url":"https:\/\/pubeurope.com\/@fr\/115682625895369539","error":""},"_links":{"self":[{"href":"https:\/\/www.europesays.com\/fr\/wp-json\/wp\/v2\/posts\/585787","targetHints":{"allow":["GET"]}}],"collection":[{"href":"https:\/\/www.europesays.com\/fr\/wp-json\/wp\/v2\/posts"}],"about":[{"href":"https:\/\/www.europesays.com\/fr\/wp-json\/wp\/v2\/types\/post"}],"author":[{"embeddable":true,"href":"https:\/\/www.europesays.com\/fr\/wp-json\/wp\/v2\/users\/2"}],"replies":[{"embeddable":true,"href":"https:\/\/www.europesays.com\/fr\/wp-json\/wp\/v2\/comments?post=585787"}],"version-history":[{"count":0,"href":"https:\/\/www.europesays.com\/fr\/wp-json\/wp\/v2\/posts\/585787\/revisions"}],"wp:featuredmedia":[{"embeddable":true,"href":"https:\/\/www.europesays.com\/fr\/wp-json\/wp\/v2\/media\/585788"}],"wp:attachment":[{"href":"https:\/\/www.europesays.com\/fr\/wp-json\/wp\/v2\/media?parent=585787"}],"wp:term":[{"taxonomy":"category","embeddable":true,"href":"https:\/\/www.europesays.com\/fr\/wp-json\/wp\/v2\/categories?post=585787"},{"taxonomy":"post_tag","embeddable":true,"href":"https:\/\/www.europesays.com\/fr\/wp-json\/wp\/v2\/tags?post=585787"}],"curies":[{"name":"wp","href":"https:\/\/api.w.org\/{rel}","templated":true}]}}