{"id":585789,"date":"2025-12-08T06:52:16","date_gmt":"2025-12-08T06:52:16","guid":{"rendered":"https:\/\/www.europesays.com\/fr\/585789\/"},"modified":"2025-12-08T06:52:16","modified_gmt":"2025-12-08T06:52:16","slug":"une-soiree-gospel-organisee-en-leglise-saint-etienne","status":"publish","type":"post","link":"https:\/\/www.europesays.com\/fr\/585789\/","title":{"rendered":"Une soir\u00e9e gospel organis\u00e9e en l\u2019\u00e9glise Saint-\u00c9tienne"},"content":{"rendered":"<p>La salle Georges-Rosi accueillera un concert de gospel le samedi 13 d\u00e9cembre, \u00e0 20 h. Cette soir\u00e9e musicale est propos\u00e9e par le D\u00e9partement et la municipalit\u00e9, en partenariat avec l\u2019\u00e9cole de musique municipale. C\u2019est d\u2019ailleurs cette derni\u00e8re, dirig\u00e9e par Jean-Luc Dubroca, qui assurera la premi\u00e8re partie de cet \u00e9v\u00e9nement.<\/p>\n<p>Car \u00e9v\u00e9nement il y a, avec la pr\u00e9sence annonc\u00e9e d\u2019une formation reconnue dans cette musique sacr\u00e9e : Rachel Ratsizafy\u2019s Gospel Mouvement.<\/p>\n<p>Rachel Ratsizafy et R\u00e9mi Ploton dirigent ce groupe qui est issu du ch\u0153ur de Celleneuve. La chanteuse explique sa passion : \u00ab\u00a0J\u2019ai \u00e9t\u00e9 boulevers\u00e9 par l\u2019immense et majestueuse chanteuse Mahalia Jackson.\u00a0\u00bb<\/p>\n","protected":false},"excerpt":{"rendered":"La salle Georges-Rosi accueillera un concert de gospel le samedi 13 d\u00e9cembre, \u00e0 20 h. Cette soir\u00e9e musicale&hellip;\n","protected":false},"author":2,"featured_media":585790,"comment_status":"","ping_status":"","sticky":false,"template":"","format":"standard","meta":{"footnotes":""},"categories":[9653],"tags":[1111,11,2430,69492,872,1777,674,1011,27,7089,12,25,4001,69928],"class_list":{"0":"post-585789","1":"post","2":"type-post","3":"status-publish","4":"format-standard","5":"has-post-thumbnail","7":"category-saint-etienne","8":"tag-actu","9":"tag-actualites","10":"tag-auvergne-rhone-alpes","11":"tag-concerts-spectacles","12":"tag-culture-et-loisirs","13":"tag-eu","14":"tag-europe","15":"tag-fr","16":"tag-france","17":"tag-herault","18":"tag-news","19":"tag-republique-francaise","20":"tag-saint-etienne","21":"tag-vendres"},"share_on_mastodon":{"url":"https:\/\/pubeurope.com\/@fr\/115682629721886656","error":""},"_links":{"self":[{"href":"https:\/\/www.europesays.com\/fr\/wp-json\/wp\/v2\/posts\/585789","targetHints":{"allow":["GET"]}}],"collection":[{"href":"https:\/\/www.europesays.com\/fr\/wp-json\/wp\/v2\/posts"}],"about":[{"href":"https:\/\/www.europesays.com\/fr\/wp-json\/wp\/v2\/types\/post"}],"author":[{"embeddable":true,"href":"https:\/\/www.europesays.com\/fr\/wp-json\/wp\/v2\/users\/2"}],"replies":[{"embeddable":true,"href":"https:\/\/www.europesays.com\/fr\/wp-json\/wp\/v2\/comments?post=585789"}],"version-history":[{"count":0,"href":"https:\/\/www.europesays.com\/fr\/wp-json\/wp\/v2\/posts\/585789\/revisions"}],"wp:featuredmedia":[{"embeddable":true,"href":"https:\/\/www.europesays.com\/fr\/wp-json\/wp\/v2\/media\/585790"}],"wp:attachment":[{"href":"https:\/\/www.europesays.com\/fr\/wp-json\/wp\/v2\/media?parent=585789"}],"wp:term":[{"taxonomy":"category","embeddable":true,"href":"https:\/\/www.europesays.com\/fr\/wp-json\/wp\/v2\/categories?post=585789"},{"taxonomy":"post_tag","embeddable":true,"href":"https:\/\/www.europesays.com\/fr\/wp-json\/wp\/v2\/tags?post=585789"}],"curies":[{"name":"wp","href":"https:\/\/api.w.org\/{rel}","templated":true}]}}