{"id":585791,"date":"2025-12-08T06:53:11","date_gmt":"2025-12-08T06:53:11","guid":{"rendered":"https:\/\/www.europesays.com\/fr\/585791\/"},"modified":"2025-12-08T06:53:11","modified_gmt":"2025-12-08T06:53:11","slug":"pas-dannonce-de-la-sncf-pour-le-retour-du-tgv-ouigo-nancy-paris-en-2026-mathieu-klein-garde-espoir","status":"publish","type":"post","link":"https:\/\/www.europesays.com\/fr\/585791\/","title":{"rendered":"Pas d&rsquo;annonce de la SNCF pour le retour du TGV Ouigo Nancy-Paris en 2026 : Mathieu Klein garde espoir"},"content":{"rendered":"<p>                    Par<br \/>\n        <strong><br \/>\n            <a href=\"https:\/\/actu.fr\/auteur\/pierre-emile-bouchy-actu-fr\" title=\"Consulter tous les articles de Paul-Emile Bouchy\" target=\"_blank\" rel=\"noopener\">Paul-Emile Bouchy<\/a><br \/>\n                    <\/strong><\/p>\n<p>        Publi\u00e9 le<\/p>\n<p>            8 d\u00e9c. 2025 \u00e0 7h02        <\/p>\n<p>Jeudi 27\u00a0novembre, la <a href=\"https:\/\/actu.fr\/tag\/sncf\" target=\"_blank\" rel=\"noopener\">SNCF<\/a> a d\u00e9voil\u00e9 \u00e0 travers une carte de France <strong>ses futurs projets pour les lignes TGV Ouigo<\/strong>. Si la soci\u00e9t\u00e9 ferroviaire annonce <a href=\"https:\/\/actu.fr\/auvergne-rhone-alpes\/lyon_69123\/bientot-une-ligne-ouigo-pas-chere-entre-lyon-et-bordeaux-le-projet-secret-de-la-sncf_63405013.html\" target=\"_blank\" rel=\"noopener\">la cr\u00e9ation d\u2019une ligne Lyon-Bordeaux<\/a> ou encore l\u2019\u00e9tude d\u2019<a href=\"https:\/\/actu.fr\/grand-est\/strasbourg_67482\/la-sncf-envisage-un-3e-aller-retour-quotidien-ouigo-entre-paris-et-strasbourg-ce-qu-il-faut-savoir_63513143.html\" target=\"_blank\" rel=\"noopener\">un troisi\u00e8me aller-retour quotidien entre Paris et Strasbourg<\/a> en 2027, <strong>aucune mention de la ligne Nancy-Paris<\/strong>.<\/p>\n<p class=\" wall-content\">Pourtant, depuis <a href=\"https:\/\/actu.fr\/grand-est\/nancy_54395\/la-liaison-en-tgv-ouigo-entre-nancy-et-paris-officiellement-arretee-voici-ce-qui-la-remplace_47161555.html\" target=\"_blank\" rel=\"noopener\">son arr\u00eat en 2021<\/a>, le maire de Nancy Mathieu Klein <a href=\"https:\/\/actu.fr\/grand-est\/nancy_54395\/tgv-ouigo-le-maire-de-nancy-milite-pour-le-retour-d-une-liaison-a-bas-prix-vers-paris_62897186.html\" target=\"_blank\" rel=\"noopener\">milite pour le retour de cette liaison \u00e0 bas prix<\/a>.<\/p>\n<p>L\u2019avenir de la ligne Ouigo entre Nancy et Paris en suspens<\/p>\n<p class=\" wall-content\">Contact\u00e9, le service communication de la SNCF <strong>ne ferme aucune porte concernant le retour de ce TGV low-cost<\/strong> entre la cit\u00e9 ducale et la capitale\u2009: \u00ab\u2009Pour le moment, il y a des discussions mais <strong>rien n\u2019est act\u00e9<\/strong>. On ne peut pas dire si cette liaison sera de retour en 2026 ou plus tard.\u2009\u00bb<\/p>\n<p class=\" wall-content\">Du c\u00f4t\u00e9 du maire de Nancy, l\u2019espoir demeure\u2009: \u00ab\u2009Je confirme que <strong>les discussions avec la SNCF sont r\u00e9guli\u00e8res pour exiger le retour du Ouigo en gare de Nancy le plus rapidement possible.<\/strong> Christophe Fanichet, directeur g\u00e9n\u00e9ral de SNCF Voyageurs, m\u2019a confirm\u00e9 il y a deux semaines que <strong>la SNCF s\u2019exprimerait sur le sujet d\u00e9but 2026.<\/strong>\u2009\u00bb<\/p>\n<p class=\" wall-content\">En attendant une hypoth\u00e9tique bonne nouvelle, les Nanc\u00e9iens pourront se r\u00e9conforter avec l\u2019ouverture \u00e0 partir du dimanche 14\u00a0d\u00e9cembre d\u2019<a href=\"https:\/\/actu.fr\/grand-est\/nancy_54395\/sncf-bientot-un-second-aller-retour-quotidien-entre-nancy-et-lyon-voici-a-partir-de-quand_63212486.html\" target=\"_blank\" rel=\"noopener\">un second aller-retour quotidien vers la capitale des Gaules\u2009: Lyon<\/a>.<\/p>\n<p class=\" wall-content\">Personnalisez votre actualit\u00e9 en ajoutant vos villes et m\u00e9dias en favori avec <a href=\"https:\/\/moncompte.actu.fr\" title=\"D\u00e9couvez Mon Actu\" rel=\"nofollow noopener\" data-trk=\"{&quot;cta&quot;:{&quot;action&quot;:&quot;https:\\\/\\\/moncompte.actu.fr&quot;,&quot;category&quot;:&quot;mon compte&quot;,&quot;from&quot;:&quot;article footer&quot;,&quot;name&quot;:&quot;Mon actu&quot;,&quot;type&quot;:&quot;cta&quot;}}\" target=\"_blank\">Mon Actu<\/a>.<\/p>\n","protected":false},"excerpt":{"rendered":"Par Paul-Emile Bouchy Publi\u00e9 le 8 d\u00e9c. 2025 \u00e0 7h02 Jeudi 27\u00a0novembre, la SNCF a d\u00e9voil\u00e9 \u00e0 travers&hellip;\n","protected":false},"author":2,"featured_media":585792,"comment_status":"","ping_status":"","sticky":false,"template":"","format":"standard","meta":{"footnotes":""},"categories":[9635],"tags":[1111,11,1777,674,1011,27,775,1702,12,23443,25,2215,104,2214],"class_list":{"0":"post-585791","1":"post","2":"type-post","3":"status-publish","4":"format-standard","5":"has-post-thumbnail","7":"category-nancy","8":"tag-actu","9":"tag-actualites","10":"tag-eu","11":"tag-europe","12":"tag-fr","13":"tag-france","14":"tag-grand-est","15":"tag-nancy","16":"tag-news","17":"tag-ouigo","18":"tag-republique-francaise","19":"tag-sncf","20":"tag-societe","21":"tag-tgv"},"share_on_mastodon":{"url":"https:\/\/pubeurope.com\/@fr\/115682633578710491","error":""},"_links":{"self":[{"href":"https:\/\/www.europesays.com\/fr\/wp-json\/wp\/v2\/posts\/585791","targetHints":{"allow":["GET"]}}],"collection":[{"href":"https:\/\/www.europesays.com\/fr\/wp-json\/wp\/v2\/posts"}],"about":[{"href":"https:\/\/www.europesays.com\/fr\/wp-json\/wp\/v2\/types\/post"}],"author":[{"embeddable":true,"href":"https:\/\/www.europesays.com\/fr\/wp-json\/wp\/v2\/users\/2"}],"replies":[{"embeddable":true,"href":"https:\/\/www.europesays.com\/fr\/wp-json\/wp\/v2\/comments?post=585791"}],"version-history":[{"count":0,"href":"https:\/\/www.europesays.com\/fr\/wp-json\/wp\/v2\/posts\/585791\/revisions"}],"wp:featuredmedia":[{"embeddable":true,"href":"https:\/\/www.europesays.com\/fr\/wp-json\/wp\/v2\/media\/585792"}],"wp:attachment":[{"href":"https:\/\/www.europesays.com\/fr\/wp-json\/wp\/v2\/media?parent=585791"}],"wp:term":[{"taxonomy":"category","embeddable":true,"href":"https:\/\/www.europesays.com\/fr\/wp-json\/wp\/v2\/categories?post=585791"},{"taxonomy":"post_tag","embeddable":true,"href":"https:\/\/www.europesays.com\/fr\/wp-json\/wp\/v2\/tags?post=585791"}],"curies":[{"name":"wp","href":"https:\/\/api.w.org\/{rel}","templated":true}]}}