{"id":585801,"date":"2025-12-08T06:58:19","date_gmt":"2025-12-08T06:58:19","guid":{"rendered":"https:\/\/www.europesays.com\/fr\/585801\/"},"modified":"2025-12-08T06:58:19","modified_gmt":"2025-12-08T06:58:19","slug":"lepouse-dissiaga-sylla-est-decedee-lens-montpellier-et-toulouse-lui-rendent-hommage","status":"publish","type":"post","link":"https:\/\/www.europesays.com\/fr\/585801\/","title":{"rendered":"L&rsquo;\u00e9pouse d&rsquo;Issiaga Sylla est d\u00e9c\u00e9d\u00e9e, Lens, Montpellier et Toulouse lui rendent hommage"},"content":{"rendered":"<p>Le joueur guin\u00e9en de 31 ans, aujourd\u2019hui licenci\u00e9 \u00e0 Asteras Aktor en premi\u00e8re division grecque, a perdu son \u00e9pouse, Doussou Ke\u00efta, d\u00e9c\u00e9d\u00e9e en Tunisie des suites d\u2019une courte maladie. La nouvelle a profond\u00e9ment \u00e9mu les clubs fran\u00e7ais o\u00f9 Sylla a \u00e9volu\u00e9 et qui se sont imm\u00e9diatement manifest\u00e9s pour lui exprimer leur soutien.<\/p>\n<p>Le MHSC, club qu\u2019il a quitt\u00e9 l\u2019\u00e9t\u00e9 dernier, a rapidement publi\u00e9 un communiqu\u00e9 diffus\u00e9 dimanche. \u00ab Ce soir nous pensons tr\u00e8s fort \u00e0 Issiaga Sylla qui traverse un drame personnel ainsi qu\u2019\u00e0 sa petite fille et leur famille. Courage Issiaga. \u00bb Le club h\u00e9raultais, o\u00f9 le d\u00e9fenseur a laiss\u00e9 une image tr\u00e8s positive, a tenu \u00e0 afficher publiquement sa solidarit\u00e9.<\/p>\n<p>Emotion dans les clubs de Ligue 1<\/p>\n<p>Le Toulouse FC, o\u00f9 Sylla a pass\u00e9 plusieurs saisons (2016-2020 puis 2021-2023), a rapidement relay\u00e9 son propre message de soutien. \u00ab Le Club adresse son soutien le plus sinc\u00e8re \u00e0 son ancien joueur Issiaga Sylla, touch\u00e9 par la perte tragique de son \u00e9pouse. Nous pensons \u00e0 lui et ses proches dans cette \u00e9preuve. \u00bb Le club violet, o\u00f9 Sylla avait \u00e9t\u00e9 particuli\u00e8rement appr\u00e9ci\u00e9, s\u2019est joint \u00e0 l\u2019\u00e9motion g\u00e9n\u00e9rale.<\/p>\n<p>Le RC Lens, qui avait accueilli le joueur en pr\u00eat lors de la saison 2020-2021, a \u00e9galement r\u00e9agi dans la soir\u00e9e. \u00ab Le Racing apporte tout son soutien \u00e0 son ancien d\u00e9fenseur Issiaga Sylla, touch\u00e9 par la perte tragique de son \u00e9pouse, et s&rsquo;associe \u00e0 l&rsquo;hommage rendu par son club. \u00bb<\/p>\n<p>   Partagez cette info avec vos amis et vos proches en cliquant ici<br \/> Pour r\u00e9sumer<\/p>\n<p>L\u2019\u00e9pouse d\u2019Issiaga Sylla est d\u00e9c\u00e9d\u00e9e, plongeant l\u2019ancien joueur de Lens, Montpellier et Toulouse dans le deuil. Les trois clubs lui ont rendu hommage : le MHSC a exprim\u00e9 son soutien \u00e0 sa famille, le TFC a pr\u00e9sent\u00e9 ses \u00ab sinc\u00e8res pens\u00e9es \u00bb, et le RC Lens a assur\u00e9 \u00eatre \u00ab aux c\u00f4t\u00e9s \u00bb de son ex-d\u00e9fenseur.<\/p>\n<p>R\u00e9dacteur<\/p>\n<p><img decoding=\"async\" width=\"76\" height=\"76\" loading=\"lazy\" src=\"https:\/\/www.europesays.com\/fr\/wp-content\/uploads\/2025\/04\/logo-julien-pedebos.jpg\" alt=\"Julien P\u00e9debos\"\/><\/p>\n","protected":false},"excerpt":{"rendered":"Le joueur guin\u00e9en de 31 ans, aujourd\u2019hui licenci\u00e9 \u00e0 Asteras Aktor en premi\u00e8re division grecque, a perdu son&hellip;\n","protected":false},"author":2,"featured_media":585802,"comment_status":"","ping_status":"","sticky":false,"template":"","format":"standard","meta":{"footnotes":""},"categories":[9599],"tags":[1111,11,1777,674,1011,27,66,2208,12,2680,25],"class_list":{"0":"post-585801","1":"post","2":"type-post","3":"status-publish","4":"format-standard","5":"has-post-thumbnail","7":"category-montpellier","8":"tag-actu","9":"tag-actualites","10":"tag-eu","11":"tag-europe","12":"tag-fr","13":"tag-france","14":"tag-ligue-1","15":"tag-montpellier","16":"tag-news","17":"tag-occitanie","18":"tag-republique-francaise"},"share_on_mastodon":{"url":"https:\/\/pubeurope.com\/@fr\/115682654416906231","error":""},"_links":{"self":[{"href":"https:\/\/www.europesays.com\/fr\/wp-json\/wp\/v2\/posts\/585801","targetHints":{"allow":["GET"]}}],"collection":[{"href":"https:\/\/www.europesays.com\/fr\/wp-json\/wp\/v2\/posts"}],"about":[{"href":"https:\/\/www.europesays.com\/fr\/wp-json\/wp\/v2\/types\/post"}],"author":[{"embeddable":true,"href":"https:\/\/www.europesays.com\/fr\/wp-json\/wp\/v2\/users\/2"}],"replies":[{"embeddable":true,"href":"https:\/\/www.europesays.com\/fr\/wp-json\/wp\/v2\/comments?post=585801"}],"version-history":[{"count":0,"href":"https:\/\/www.europesays.com\/fr\/wp-json\/wp\/v2\/posts\/585801\/revisions"}],"wp:featuredmedia":[{"embeddable":true,"href":"https:\/\/www.europesays.com\/fr\/wp-json\/wp\/v2\/media\/585802"}],"wp:attachment":[{"href":"https:\/\/www.europesays.com\/fr\/wp-json\/wp\/v2\/media?parent=585801"}],"wp:term":[{"taxonomy":"category","embeddable":true,"href":"https:\/\/www.europesays.com\/fr\/wp-json\/wp\/v2\/categories?post=585801"},{"taxonomy":"post_tag","embeddable":true,"href":"https:\/\/www.europesays.com\/fr\/wp-json\/wp\/v2\/tags?post=585801"}],"curies":[{"name":"wp","href":"https:\/\/api.w.org\/{rel}","templated":true}]}}